{"id":364550,"date":"2025-09-04T01:18:11","date_gmt":"2025-09-04T01:18:11","guid":{"rendered":"https:\/\/www.europesays.com\/fr\/364550\/"},"modified":"2025-09-04T01:18:11","modified_gmt":"2025-09-04T01:18:11","slug":"motogp-la-nouvelle-technologie-de-controle-de-stabilite-sous-le-feu-des-critiques-apres-la-chute-de-pol-espargaro","status":"publish","type":"post","link":"https:\/\/www.europesays.com\/fr\/364550\/","title":{"rendered":"MotoGP : la nouvelle technologie de contr\u00f4le de stabilit\u00e9 sous le feu des critiques apr\u00e8s la chute de Pol Espargar\u00f3"},"content":{"rendered":"<p><strong>Balaton Park n\u2019\u00e9tait cens\u00e9 \u00eatre qu\u2019un nouveau terrain de<br \/>\njeu pour le MotoGP. Mais la violente chute de Pol Espargar\u00f3 en<br \/>\nqualifications a transform\u00e9 le week-end hongrois en crash-test<br \/>\ngrandeur nature pour le tout nouveau syst\u00e8me de contr\u00f4le de<br \/>\nstabilit\u00e9 int\u00e9gr\u00e9 \u00e0 l\u2019ECU unifi\u00e9.<\/strong><\/p>\n<p>D\u00e9ploy\u00e9e seulement depuis deux Grands Prix, la technologie vise<br \/>\n\u00e0 \u00e9viter les highsides spectaculaires que le contr\u00f4le de traction<br \/>\ntraditionnel ne parvient pas toujours \u00e0 pr\u00e9venir. Un pas en avant<br \/>\npour la s\u00e9curit\u00e9, cens\u00e9 tirer profit d\u2019un dispositif d\u00e9j\u00e0 largement<br \/>\npr\u00e9sent sur les motos de route.<\/p>\n<p>Mais le syst\u00e8me a failli d\u00e8s qu\u2019<strong>Espargar\u00f3<\/strong> en a<br \/>\neu besoin. Catapult\u00e9 au virage 8, il a pu ironiser sur <a href=\"https:\/\/www.crash.net\/motogp\/news\/1080599\/1\/pol-espargaro-slide-control-didnt-catch-my-hungary-motogp-highside\" target=\"_blank\" rel=\"noopener\"><br \/>\ncrash.net<\/a> :<\/p>\n<p>\u00ab Ouais, c\u2019\u00e9tait \u00e9norme ! <strong>Je ne m\u2019attendais pas \u00e0<br \/>\n\u00e7a<\/strong>\u2026 Parce qu\u2019on utilise ce nouveau syst\u00e8me qui attrape le<br \/>\nglissement lat\u00e9ral. Mais le MotoGP a mis trop de temps avant de<br \/>\nl\u2019utiliser. <strong>\u00c7a ne sert pas \u00e0 aller plus vite, juste \u00e0<br \/>\n\u00e9viter ce genre de chutes. Et il ne l\u2019a pas d\u00e9tect\u00e9 non plus<br \/>\n!<\/strong> C\u2019\u00e9tait donc un bon test. \u00bb<\/p>\n<p>Avec son franc-parler, le rempla\u00e7ant de <a href=\"https:\/\/www.paddock-gp.com\/motogp-vinales-out-pol-in-espargaro-titularise-par-ktm-pour-le-grand-prix-de-hongrie\/\" target=\"_blank\" rel=\"noopener\"><br \/>\n<strong>Maverick Vi\u00f1ales<\/strong><\/a> a ajout\u00e9 : \u00ab c\u2019est pour<br \/>\n\u00e7a que je suis l\u00e0, pour tester. Et j\u2019ai aussi test\u00e9 le c\u00f4t\u00e9 obscur<br \/>\nde ce contr\u00f4le ! Voyons si on peut l\u2019am\u00e9liorer pour les gars.<br \/>\n\u00bb<\/p>\n<p><img loading=\"lazy\" decoding=\"async\" class=\"aligncenter size-full wp-image-1324692\" src=\"https:\/\/www.europesays.com\/fr\/wp-content\/uploads\/2025\/09\/Pol.jpg\" alt=\"Pol Espargar\u00f3 \" width=\"602\" height=\"345\"  \/><\/p>\n<p><strong>Un outil encore \u00e0<br \/>\ncalibrer\u00a0: \u00ab\u00a0j\u2019ai aussi test\u00e9 le c\u00f4t\u00e9 obscur de ce<br \/>\ncontr\u00f4le\u00a0\u00bb s\u2019amuse Pol Espargar\u00f3\u00a0<\/strong><\/p>\n<p>Le dispositif est d\u00e9sormais disponible pour toutes les \u00e9quipes,<br \/>\nmais son calibrage reste une \u00e9quation complexe. Certaines \u00e9curies<br \/>\nne l\u2019activent que partiellement, ou uniquement pendant les essais.<br \/>\nLa limite actuelle est claire : la fiabilit\u00e9 n\u2019est pas encore<br \/>\ngarantie en conditions extr\u00eames.<\/p>\n<p><strong>Espargar\u00f3<\/strong> a malgr\u00e9 tout sauv\u00e9 son week-end avec<br \/>\nune 10e place en <a href=\"https:\/\/www.paddock-gp.com\/motogp-hongrie-sprint-live\/\" target=\"_blank\" rel=\"noopener\"><strong>Sprint<\/strong><\/a><br \/>\net une 8e en <a href=\"https:\/\/www.paddock-gp.com\/motogp-hongrie-course-live\/\" target=\"_blank\" rel=\"noopener\"><strong>GP<\/strong><\/a>,<br \/>\nprouvant que la peur ne l\u2019a pas paralys\u00e9.<\/p>\n<p>De son c\u00f4t\u00e9, <strong>Vi\u00f1ales<\/strong>, bless\u00e9 au<br \/>\n<strong>Sachsenring<\/strong> apr\u00e8s un highside sous la pluie, n\u2019y<br \/>\ncroit pas trop : \u00ab je ne pense pas que le contr\u00f4le de stabilit\u00e9<br \/>\n\u00e9vitera ces types d\u2019accidents, o\u00f9 <strong>il n\u2019y a pas<br \/>\nd\u2019\u00e9lectronique impliqu\u00e9e<\/strong>. \u00bb<\/p>\n<p>Pour d\u2019autres, comme <strong>Francesco Bagnaia<\/strong>,<br \/>\nl\u2019utilit\u00e9 est \u00e9vidente : son effrayant vol plan\u00e9 au d\u00e9part du Grand<br \/>\nPrix de Catalogne 2023 reste dans toutes les m\u00e9moires, et un<br \/>\nsyst\u00e8me mieux param\u00e9tr\u00e9 aurait peut-\u00eatre chang\u00e9 l\u2019histoire.<\/p>\n<p>\u00c0 la veille du <strong>Grand Prix de Catalogne 2025<\/strong>, le<br \/>\npaddock est partag\u00e9 : avanc\u00e9e majeure pour la s\u00e9curit\u00e9 ou gadget<br \/>\nencore trop vert ? L\u2019incident d\u2019<strong>Espargar\u00f3<\/strong> illustre<br \/>\nque la MotoGP teste en conditions r\u00e9elles une technologie vitale<br \/>\nmais imparfaite.<\/p>\n<p>Le Catalan, malgr\u00e9 ses douleurs, a r\u00e9sum\u00e9 la situation avec<br \/>\nhumour noir : \u00ab c\u2019\u00e9tait un bon test\u2026 mais j\u2019esp\u00e8re que<br \/>\n<strong>les prochains seront plus utiles pour nous prot\u00e9ger que<br \/>\npour nous envoyer en orbite<\/strong>. \u00bb<\/p>\n<p>La question reste ouverte : le MotoGP a-t-il lanc\u00e9 ce syst\u00e8me<br \/>\ntrop t\u00f4t, ou fallait-il justement prendre des risques pour<br \/>\nacc\u00e9l\u00e9rer son d\u00e9veloppement ?<\/p>\n<p><img loading=\"lazy\" decoding=\"async\" class=\"aligncenter size-full wp-image-1324690\" src=\"https:\/\/www.europesays.com\/fr\/wp-content\/uploads\/2025\/09\/Pol-Espargaro-2.jpg\" alt=\"Pol Espargar\u00f3 \" width=\"561\" height=\"506\"  \/><\/p>\n<p>\u00a0<\/p>\n","protected":false},"excerpt":{"rendered":"Balaton Park n\u2019\u00e9tait cens\u00e9 \u00eatre qu\u2019un nouveau terrain de jeu pour le MotoGP. Mais la violente chute de&hellip;\n","protected":false},"author":2,"featured_media":364551,"comment_status":"","ping_status":"","sticky":false,"template":"","format":"standard","meta":{"footnotes":""},"categories":[1413],"tags":[1011,27,1457,1456,60],"class_list":{"0":"post-364550","1":"post","2":"type-post","3":"status-publish","4":"format-standard","5":"has-post-thumbnail","7":"category-moto","8":"tag-fr","9":"tag-france","10":"tag-moto","11":"tag-motocycle","12":"tag-sports"},"share_on_mastodon":{"url":"https:\/\/pubeurope.com\/@fr\/115143396899539727","error":""},"_links":{"self":[{"href":"https:\/\/www.europesays.com\/fr\/wp-json\/wp\/v2\/posts\/364550","targetHints":{"allow":["GET"]}}],"collection":[{"href":"https:\/\/www.europesays.com\/fr\/wp-json\/wp\/v2\/posts"}],"about":[{"href":"https:\/\/www.europesays.com\/fr\/wp-json\/wp\/v2\/types\/post"}],"author":[{"embeddable":true,"href":"https:\/\/www.europesays.com\/fr\/wp-json\/wp\/v2\/users\/2"}],"replies":[{"embeddable":true,"href":"https:\/\/www.europesays.com\/fr\/wp-json\/wp\/v2\/comments?post=364550"}],"version-history":[{"count":0,"href":"https:\/\/www.europesays.com\/fr\/wp-json\/wp\/v2\/posts\/364550\/revisions"}],"wp:featuredmedia":[{"embeddable":true,"href":"https:\/\/www.europesays.com\/fr\/wp-json\/wp\/v2\/media\/364551"}],"wp:attachment":[{"href":"https:\/\/www.europesays.com\/fr\/wp-json\/wp\/v2\/media?parent=364550"}],"wp:term":[{"taxonomy":"category","embeddable":true,"href":"https:\/\/www.europesays.com\/fr\/wp-json\/wp\/v2\/categories?post=364550"},{"taxonomy":"post_tag","embeddable":true,"href":"https:\/\/www.europesays.com\/fr\/wp-json\/wp\/v2\/tags?post=364550"}],"curies":[{"name":"wp","href":"https:\/\/api.w.org\/{rel}","templated":true}]}}