{"id":364554,"date":"2025-09-04T01:20:13","date_gmt":"2025-09-04T01:20:13","guid":{"rendered":"https:\/\/www.europesays.com\/fr\/364554\/"},"modified":"2025-09-04T01:20:13","modified_gmt":"2025-09-04T01:20:13","slug":"cyclisme-lincroyable-velo-a-plus-de-15-000-e-utilise-par-un-vainqueur-du-tour-de-france-pour-sa-derniere-course-professionnelle","status":"publish","type":"post","link":"https:\/\/www.europesays.com\/fr\/364554\/","title":{"rendered":"Cyclisme\u00a0: l\u2019incroyable v\u00e9lo \u00e0 plus de 15\u00a0000\u00a0\u20ac utilis\u00e9 par un vainqueur du Tour de France pour sa derni\u00e8re course professionnelle"},"content":{"rendered":"<p>\n                                                                    l&rsquo;essentiel<br \/>\n                                                                Ce samedi 7\u00a0septembre, Geraint Thomas, vainqueur du Tour de France 2018 et champion olympique en\u00a02008 et\u00a02012, disputera la derni\u00e8re course de sa carri\u00e8re professionnelle. Engag\u00e9 sur le Tour de Grande-Bretagne, il parcourt ses derniers kilom\u00e8tres sur une monture customis\u00e9e en son honneur.\n                            <\/p>\n<p>N\u00e9 \u00e0 Cardiff il y a 39 ans, Geraint Thomas y conna\u00eetra sa \u00ab\u00a0petite mort\u00a0\u00bb, sa retraite comme sportif professionnel, \u00e0 l\u2019issue de la 6e et derni\u00e8re \u00e9tape du Tour de Grande-Bretagne, course \u00e0 laquelle il participe actuellement et qui doit \u00eatre sa derni\u00e8re. Le Gallois a d\u2019abord brill\u00e9 sur piste en remportant deux titres olympiques en\u00a02008 et\u00a02012 avec l\u2019\u00e9quipe britannique de poursuite. \u00c9galement plusieurs fois champion du monde et d\u2019Europe de la discipline, il a ensuite entrepris de dompter les pelotons sur route, avec un certain succ\u00e8s.<\/p>\n<p class=\"std-elt__inline\">\n        <strong>\u00c0 lire aussi :<\/strong><br \/>\n        <a href=\"https:\/\/www.ladepeche.fr\/2025\/09\/03\/video-cyclisme-pas-de-vainqueur-detape-sur-le-tour-despagne-en-raison-de-protestations-contre-la-presence-de-lequipe-israel-premier-tech-12908750.php\" rel=\"nofollow noopener\" target=\"_blank\">VIDEO. Cyclisme\u00a0: pas de vainqueur d\u2019\u00e9tape sur le Tour d\u2019Espagne en raison de protestations contre la pr\u00e9sence de l\u2019\u00e9quipe Isra\u00ebl Premier-Tech<\/a>\n    <\/p>\n<p>Il atteint le sommet de sa carri\u00e8re en triomphant sur le Tour de France 2018. Il remporte \u00e9galement 3 \u00e9tapes sur la Grande Boucle, mais aucun autre Grand Tour. Ses autres faits de gloire sont sa victoire sur Paris-Nice en 2016, le Crit\u00e9rium du Dauphin\u00e9 en 2018, le Tour de Romandie en 2021 et le Tour de Suisse en 2022.<\/p>\n<blockquote data-instgrm-captioned=\"\" data-instgrm-permalink=\"https:\/\/www.instagram.com\/p\/DOJQ1thjSra\/?utm_source=ig_embed&amp;utm_campaign=loading\" data-instgrm-version=\"14\" style=\" background:#FFF; border:0; border-radius:3px; box-shadow:0 0 1px 0 rgba(0,0,0,0.5),0 1px 10px 0 rgba(0,0,0,0.15); margin: 1px; max-width:540px; min-width:326px; padding:0; width:99.375%; width:-webkit-calc(100% - 2px); width:calc(100% - 2px);\" data-class=\"instagram-media\"\/>\n<p>Pour sa derni\u00e8re participation en comp\u00e9tition, le cycliste gallois a re\u00e7u un v\u00e9lo customis\u00e9 par Pinarello, qui est le partenaire officiel d\u2019Ineos Grenadier (ex-Sky), l\u2019\u00e9quipe \u00e0 laquelle il appartient depuis 15 ans. On y retrouve la couleur or en r\u00e9f\u00e9rence \u00e0 ses titres olympiques, du vert et du rouge ainsi qu\u2019un dragon comme rappel au drapeau du Pays de Galles. Ses principales r\u00e9ussites sur route (cit\u00e9es plus haut) sont \u00e9galement grav\u00e9es sur le cadre.<a href=\"https:\/\/www.dimensionsvelo.com\/2025\/01\/31\/les-pinarello-dogma-f-dineos-grenadiers-version-2025\/\" target=\"_self\" rel=\"nofollow noopener\"> Le v\u00e9lo officiel de l\u2019\u00e9quipe Ineos Grenadier, sans les d\u00e9tails ajout\u00e9s sp\u00e9cialement pour Thomas \u00e9videmment, est estim\u00e9 \u00e0\u00a016\u00a0500\u00a0euros par un site sp\u00e9cialis\u00e9.<\/a>\u00a0Une version disponible \u00e0 la vente grand public est disponible \u00e0 14\u00a0900\u00a0euros.\u00a0Une somme qui rappelle \u00e0 quel point le mat\u00e9riel utilis\u00e9 par les professionnels est \u00e0 la pointe de la technologie, d\u2019o\u00f9 son prix.<\/p>\n<p>                                                                                                                                                                                                        <script async src=\"\/\/www.instagram.com\/embed.js\"><\/script><\/p>\n","protected":false},"excerpt":{"rendered":"l&rsquo;essentiel Ce samedi 7\u00a0septembre, Geraint Thomas, vainqueur du Tour de France 2018 et champion olympique en\u00a02008 et\u00a02012, disputera&hellip;\n","protected":false},"author":2,"featured_media":364555,"comment_status":"","ping_status":"","sticky":false,"template":"","format":"standard","meta":{"footnotes":""},"categories":[1411],"tags":[1154,207,1011,27,60],"class_list":{"0":"post-364554","1":"post","2":"type-post","3":"status-publish","4":"format-standard","5":"has-post-thumbnail","7":"category-cyclisme","8":"tag-cycling","9":"tag-cyclisme","10":"tag-fr","11":"tag-france","12":"tag-sports"},"share_on_mastodon":{"url":"https:\/\/pubeurope.com\/@fr\/115143404699752852","error":""},"_links":{"self":[{"href":"https:\/\/www.europesays.com\/fr\/wp-json\/wp\/v2\/posts\/364554","targetHints":{"allow":["GET"]}}],"collection":[{"href":"https:\/\/www.europesays.com\/fr\/wp-json\/wp\/v2\/posts"}],"about":[{"href":"https:\/\/www.europesays.com\/fr\/wp-json\/wp\/v2\/types\/post"}],"author":[{"embeddable":true,"href":"https:\/\/www.europesays.com\/fr\/wp-json\/wp\/v2\/users\/2"}],"replies":[{"embeddable":true,"href":"https:\/\/www.europesays.com\/fr\/wp-json\/wp\/v2\/comments?post=364554"}],"version-history":[{"count":0,"href":"https:\/\/www.europesays.com\/fr\/wp-json\/wp\/v2\/posts\/364554\/revisions"}],"wp:featuredmedia":[{"embeddable":true,"href":"https:\/\/www.europesays.com\/fr\/wp-json\/wp\/v2\/media\/364555"}],"wp:attachment":[{"href":"https:\/\/www.europesays.com\/fr\/wp-json\/wp\/v2\/media?parent=364554"}],"wp:term":[{"taxonomy":"category","embeddable":true,"href":"https:\/\/www.europesays.com\/fr\/wp-json\/wp\/v2\/categories?post=364554"},{"taxonomy":"post_tag","embeddable":true,"href":"https:\/\/www.europesays.com\/fr\/wp-json\/wp\/v2\/tags?post=364554"}],"curies":[{"name":"wp","href":"https:\/\/api.w.org\/{rel}","templated":true}]}}