{"id":364556,"date":"2025-09-04T01:21:13","date_gmt":"2025-09-04T01:21:13","guid":{"rendered":"https:\/\/www.europesays.com\/fr\/364556\/"},"modified":"2025-09-04T01:21:13","modified_gmt":"2025-09-04T01:21:13","slug":"le-pari-paixao-vire-t-il-au-fiasco","status":"publish","type":"post","link":"https:\/\/www.europesays.com\/fr\/364556\/","title":{"rendered":"Le pari Paix\u00e3o vire-t-il au fiasco ?"},"content":{"rendered":"<p>C&rsquo;est la recrue la plus ch\u00e8re de<br \/>\nl&rsquo;histoire du club, le joueur qui devait dynamiter l&rsquo;attaque<br \/>\nmarseillaise. Mais pour l&rsquo;instant, les supporters n&rsquo;ont vu de lui<br \/>\nque des photos. Et les derni\u00e8res nouvelles ne sont pas<br \/>\nbonnes.<\/p>\n<p class=\"ng-star-inserted\">Trente-cinq millions d\u2019euros. <a href=\"https:\/\/www.football365.fr\/paixao-et-lom-cest-fait-10247698.html\" rel=\"nofollow noopener\" target=\"_blank\">C\u2019est<br \/>\nla somme colossale d\u00e9bours\u00e9e par l\u2019Olympique de Marseille pour<br \/>\ns\u2019attacher les services d\u2019Igor Paix\u00e3o.<\/a> L\u2019ailier br\u00e9silien,<br \/>\nauteur d\u2019une saison stratosph\u00e9rique \u00e0 Feyenoord, \u00e9tait le grand<br \/>\nd\u00e9sir de Roberto De Zerbi. Mais depuis son arriv\u00e9e fin juillet, le<br \/>\nsilence radio. Bless\u00e9 \u00e0 une cuisse, il a manqu\u00e9 les trois premi\u00e8res<br \/>\njourn\u00e9es de championnat. Son retour \u00e9tait esp\u00e9r\u00e9 apr\u00e8s la tr\u00eave<br \/>\ninternationale, pour la r\u00e9ception de Lorient. Un espoir qui est en<br \/>\ntrain de virer \u00e0 l\u2019inqui\u00e9tude.<\/p>\n<p>Inqui\u00e9tude grandissante autour d\u2019Igor<br \/>\nPaix\u00e3o<\/p>\n<p class=\"ng-star-inserted\"><a href=\"https:\/\/www.foot01.com\/equipe\/marseille\/l-om-est-mort-d-inquietude-pour-paixao-459612\" rel=\"nofollow noopener\" target=\"_blank\"><br \/>\nSelon les derni\u00e8res informations<br \/>\nde\u00a0La<br \/>\nProvence<\/a>, le staff<br \/>\nmarseillais devrait se montrer \u00ab\u00a0encore un peu patient\u00a0\u00bb.<br \/>\nLe quotidien r\u00e9gional parle d\u2019un retour \u00ab\u00a0au mieux \u00e0 partir de<br \/>\nla mi-septembre\u00a0\u00bb, sans aucune certitude. En plus de sa<br \/>\nblessure, le Br\u00e9silien doit rattraper un d\u00e9ficit physique important<br \/>\net s\u2019acclimater \u00e0 l\u2019intensit\u00e9 de la Ligue 1, bien sup\u00e9rieure \u00e0<br \/>\ncelle du championnat n\u00e9erlandais. En clair, personne ne sait<br \/>\nvraiment quand Paix\u00e3o sera op\u00e9rationnel.<\/p>\n<p class=\"ng-star-inserted\">Cette<br \/>\nincertitude est un v\u00e9ritable poison pour un club d\u00e9j\u00e0 sous<br \/>\npression. Avec seulement trois points pris en trois matchs, l\u2019OM a<br \/>\nrat\u00e9 son d\u00e9but de saison. L\u2019absence de son d\u00e9tonateur offensif,<br \/>\ncelui sur qui reposent tant d\u2019espoirs, se fait cruellement sentir.<br \/>\nA la reprise et pendant que les autres recrues comme Pavard ou<br \/>\nVermeeren vont faire leurs d\u00e9buts, la plus ch\u00e8re d\u2019entre elles<br \/>\nrisque de rester \u00e0 l\u2019infirmerie.<\/p>\n<p>Le<br \/>\nspectre du fiasco<\/p>\n<p class=\"ng-star-inserted\">Pour un<br \/>\nclub comme l\u2019OM, o\u00f9 la pression est imm\u00e9diate et la patience une<br \/>\ndenr\u00e9e rare, ce genre de contretemps est un poison lent.<br \/>\nL\u2019investissement massif sur Paix\u00e3o devait \u00eatre une d\u00e9claration<br \/>\nd\u2019intention, un signal fort envoy\u00e9 \u00e0 la concurrence. Pour<br \/>\nl\u2019instant, c\u2019est un point d\u2019interrogation qui p\u00e8se lourdement sur<br \/>\nle projet de De Zerbi. Le joueur devra, \u00e0 son retour, non seulement<br \/>\njustifier son prix astronomique, mais aussi le faire dans un climat<br \/>\nd\u2019urgence, sans avoir eu le temps de construire des automatismes<br \/>\navec ses co\u00e9quipiers. Un d\u00e9fi immense, m\u00eame pour un talent de sa<br \/>\ntrempe.<\/p>\n<p class=\"ng-star-inserted\">Pour<br \/>\nl\u2019instant, le club pr\u00f4ne la patience et ne veut prendre aucun<br \/>\nrisque. Mais l\u2019inqui\u00e9tude grandit. Chaque jour qui passe sans voir<br \/>\nPaix\u00e3o \u00e0 l\u2019entra\u00eenement est un jour de plus o\u00f9 le doute s\u2019installe.<br \/>\nL\u2019OM a mis\u00e9 tr\u00e8s gros sur le Br\u00e9silien. Un pari qui, pour le<br \/>\nmoment, ressemble de plus en plus \u00e0 un saut dans<br \/>\nl\u2019inconnu.<\/p>\n","protected":false},"excerpt":{"rendered":"C&rsquo;est la recrue la plus ch\u00e8re de l&rsquo;histoire du club, le joueur qui devait dynamiter l&rsquo;attaque marseillaise. Mais&hellip;\n","protected":false},"author":2,"featured_media":364557,"comment_status":"","ping_status":"","sticky":false,"template":"","format":"standard","meta":{"footnotes":""},"categories":[1410],"tags":[63,1011,27,60],"class_list":{"0":"post-364556","1":"post","2":"type-post","3":"status-publish","4":"format-standard","5":"has-post-thumbnail","7":"category-football","8":"tag-football","9":"tag-fr","10":"tag-france","11":"tag-sports"},"share_on_mastodon":{"url":"https:\/\/pubeurope.com\/@fr\/115143408950997634","error":""},"_links":{"self":[{"href":"https:\/\/www.europesays.com\/fr\/wp-json\/wp\/v2\/posts\/364556","targetHints":{"allow":["GET"]}}],"collection":[{"href":"https:\/\/www.europesays.com\/fr\/wp-json\/wp\/v2\/posts"}],"about":[{"href":"https:\/\/www.europesays.com\/fr\/wp-json\/wp\/v2\/types\/post"}],"author":[{"embeddable":true,"href":"https:\/\/www.europesays.com\/fr\/wp-json\/wp\/v2\/users\/2"}],"replies":[{"embeddable":true,"href":"https:\/\/www.europesays.com\/fr\/wp-json\/wp\/v2\/comments?post=364556"}],"version-history":[{"count":0,"href":"https:\/\/www.europesays.com\/fr\/wp-json\/wp\/v2\/posts\/364556\/revisions"}],"wp:featuredmedia":[{"embeddable":true,"href":"https:\/\/www.europesays.com\/fr\/wp-json\/wp\/v2\/media\/364557"}],"wp:attachment":[{"href":"https:\/\/www.europesays.com\/fr\/wp-json\/wp\/v2\/media?parent=364556"}],"wp:term":[{"taxonomy":"category","embeddable":true,"href":"https:\/\/www.europesays.com\/fr\/wp-json\/wp\/v2\/categories?post=364556"},{"taxonomy":"post_tag","embeddable":true,"href":"https:\/\/www.europesays.com\/fr\/wp-json\/wp\/v2\/tags?post=364556"}],"curies":[{"name":"wp","href":"https:\/\/api.w.org\/{rel}","templated":true}]}}