{"id":364558,"date":"2025-09-04T01:22:11","date_gmt":"2025-09-04T01:22:11","guid":{"rendered":"https:\/\/www.europesays.com\/fr\/364558\/"},"modified":"2025-09-04T01:22:11","modified_gmt":"2025-09-04T01:22:11","slug":"pour-son-soutien-a-israel-enrico-macias-se-voit-interdit-de-concert-a-istanbul","status":"publish","type":"post","link":"https:\/\/www.europesays.com\/fr\/364558\/","title":{"rendered":"Pour son soutien \u00e0 Isra\u00ebl, Enrico Macias se voit interdit de concert \u00e0 Istanbul"},"content":{"rendered":"<p>Alors que le gouvernement de <a href=\"https:\/\/www.20minutes.fr\/dossier\/benyamin_netanyahou\" target=\"_blank\" class=\"c-link c-link--is-underlined\" rel=\"noopener\">Benyamin Netanyahou<\/a> poursuit sa vaste offensive meurtri\u00e8re dans la bande Gaza contre le Hamas, la <a href=\"https:\/\/www.20minutes.fr\/monde\/turquie\/\" target=\"_blank\" class=\"c-link c-link--is-underlined\" rel=\"noopener\">Turquie<\/a> a d\u00e9cid\u00e9 de sortir la carte censure. Les autorit\u00e9s ont annonc\u00e9 mercredi avoir interdit un concert du chanteur <a href=\"https:\/\/www.20minutes.fr\/dossier\/enrico_macias\" target=\"_blank\" class=\"c-link c-link--is-underlined\" rel=\"noopener\">Enrico Macias<\/a> programm\u00e9 vendredi \u00e0 Istanbul, \u00e0 la suite d\u2019appels \u00e0 manifester contre l\u2019artiste en raison de ses positions pro-Isra\u00ebl.<\/p>\n<p>Le gouvernorat d\u2019Istanbul indique avoir voulu pr\u00e9venir toute manifestation, en marge du concert, \u00ab\u00a0contre le g\u00e9nocide (de) l\u2019\u00c9tat terroriste <a href=\"https:\/\/www.20minutes.fr\/monde\/israel\/\" target=\"_blank\" class=\"c-link c-link--is-underlined\" rel=\"noopener\">Isra\u00ebl<\/a> \u00e0 <a href=\"https:\/\/www.20minutes.fr\/monde\/gaza\/\" target=\"_blank\" class=\"c-link c-link--is-underlined\" rel=\"noopener\">Gaza<\/a> et ses partisans\u00a0\u00bb, jugeant cependant l\u00e9gitimes les appels \u00e0 protester.<\/p>\n<p>Enrico Macias \u00ab\u00a0surpris et attrist\u00e9\u00a0\u00bb<\/p>\n<p>\u00ab\u00a0Cela fait plus de soixante ans que j\u2019ai le privil\u00e8ge de chanter \u00e0 Istanbul et \u00e0 Izmir, deux villes que j\u2019affectionne particuli\u00e8rement pour leur public extraordinaire\u00a0\u00bb, a r\u00e9agi l\u2019artiste \u00e2g\u00e9 de 86 ans. \u00ab\u00a0Je suis profond\u00e9ment surpris et attrist\u00e9 de ne pas pouvoir retrouver mon public, avec lequel je partage depuis toujours des valeurs de paix et de fraternit\u00e9\u00a0\u00bb, a-t-il ajout\u00e9.<\/p>\n<\/p>\n<p>Dans une interview au m\u00e9dia fran\u00e7ais \u00ab\u00a0Legend\u00a0\u00bb diffus\u00e9e mi-ao\u00fbt sur YouTube, l\u2019artiste, qui a d\u00e9fendu plusieurs fois la r\u00e9ponse d\u2019Isra\u00ebl \u00e0 l\u2019attaque sanglante du mouvement islamiste palestinien <a href=\"https:\/\/www.20minutes.fr\/monde\/hamas\/\" target=\"_blank\" class=\"c-link c-link--is-underlined\" rel=\"noopener\">Hamas<\/a> du 7\u00a0octobre 2023, d\u00e9clarait avoir \u00ab\u00a0toujours chant\u00e9 la paix entre les juifs et les musulmans. Tout le temps\u00a0\u00bb. \u00ab\u00a0Je suis le premier juif \u00e0 avoir r\u00e9uni les juifs et les musulmans\u00a0\u00bb, affirmait-il. \u00ab\u00a0Mon probl\u00e8me, c\u2019est que je ne supporte pas la violence des terroristes. [\u2026] Et s\u2019il y a eu la violence du c\u00f4t\u00e9 isra\u00e9lien, c\u2019est \u00e0 cause du Hamas\u00a0\u00bb, ajoutait-il en soulignant n\u2019avoir \u00ab\u00a0rien contre les Palestiniens\u00a0\u00bb.<\/p>\n<p>Un retour pour le moment impossible en Alg\u00e9rie<\/p>\n<p>Le chanteur, n\u00e9 en\u00a01938 dans une famille juive arabe de Constantine, n\u2019est jamais retourn\u00e9 en <a href=\"https:\/\/www.20minutes.fr\/dossier\/algerie\" target=\"_blank\" class=\"c-link c-link--is-underlined\" rel=\"noopener\">Alg\u00e9rie<\/a> depuis son d\u00e9part en\u00a01961, en raison du toll\u00e9 syst\u00e9matique au sein d\u2019une partie de la classe politique lui reprochant son soutien \u00e0 Isra\u00ebl. \u00ab\u00a0Je garde espoir. Si la destin\u00e9e qui me reste veut que je retourne en Alg\u00e9rie, je ne refuserai pas\u00a0\u00bb, confiait-il au printemps\u00a02023.<\/p>\n<p><a href=\"https:\/\/www.20minutes.fr\/monde\/conflit_israelo-palestinien\/\" target=\"_blank\" class=\"c-link c-btn c-btn--primary\" rel=\"noopener\">Notre dossier sur le Conflit isra\u00e9lo-palestinien<\/a><\/p>\n<p>Avec plus de 60 ans de carri\u00e8re et 150 chansons au compteur, Enrico Macias a contribu\u00e9 \u00e0 populariser la musique arabo-andalouse. Ses tubes comme Enfants de tous pays et Les gens du nord font partie du patrimoine de la chanson francophone et ont voyag\u00e9 dans de nombreux pays.<\/p>\n","protected":false},"excerpt":{"rendered":"Alors que le gouvernement de Benyamin Netanyahou poursuit sa vaste offensive meurtri\u00e8re dans la bande Gaza contre le&hellip;\n","protected":false},"author":2,"featured_media":364559,"comment_status":"","ping_status":"","sticky":false,"template":"","format":"standard","meta":{"footnotes":""},"categories":[1359],"tags":[47,9006,3259,251,58,6856,59,1011,27,665,664,5886,74,973,3496,133],"class_list":{"0":"post-364558","1":"post","2":"type-post","3":"status-publish","4":"format-standard","5":"has-post-thumbnail","7":"category-people","8":"tag-actualite","9":"tag-censure","10":"tag-conflit-israelo-palestinien","11":"tag-culture","12":"tag-divertissement","13":"tag-enrico-macias","14":"tag-entertainment","15":"tag-fr","16":"tag-france","17":"tag-gaza","18":"tag-israel","19":"tag-istanbul","20":"tag-monde","21":"tag-people","22":"tag-turquie","23":"tag-video"},"share_on_mastodon":{"url":"https:\/\/pubeurope.com\/@fr\/115143412486317667","error":""},"_links":{"self":[{"href":"https:\/\/www.europesays.com\/fr\/wp-json\/wp\/v2\/posts\/364558","targetHints":{"allow":["GET"]}}],"collection":[{"href":"https:\/\/www.europesays.com\/fr\/wp-json\/wp\/v2\/posts"}],"about":[{"href":"https:\/\/www.europesays.com\/fr\/wp-json\/wp\/v2\/types\/post"}],"author":[{"embeddable":true,"href":"https:\/\/www.europesays.com\/fr\/wp-json\/wp\/v2\/users\/2"}],"replies":[{"embeddable":true,"href":"https:\/\/www.europesays.com\/fr\/wp-json\/wp\/v2\/comments?post=364558"}],"version-history":[{"count":0,"href":"https:\/\/www.europesays.com\/fr\/wp-json\/wp\/v2\/posts\/364558\/revisions"}],"wp:featuredmedia":[{"embeddable":true,"href":"https:\/\/www.europesays.com\/fr\/wp-json\/wp\/v2\/media\/364559"}],"wp:attachment":[{"href":"https:\/\/www.europesays.com\/fr\/wp-json\/wp\/v2\/media?parent=364558"}],"wp:term":[{"taxonomy":"category","embeddable":true,"href":"https:\/\/www.europesays.com\/fr\/wp-json\/wp\/v2\/categories?post=364558"},{"taxonomy":"post_tag","embeddable":true,"href":"https:\/\/www.europesays.com\/fr\/wp-json\/wp\/v2\/tags?post=364558"}],"curies":[{"name":"wp","href":"https:\/\/api.w.org\/{rel}","templated":true}]}}