{"id":364560,"date":"2025-09-04T01:24:11","date_gmt":"2025-09-04T01:24:11","guid":{"rendered":"https:\/\/www.europesays.com\/fr\/364560\/"},"modified":"2025-09-04T01:24:11","modified_gmt":"2025-09-04T01:24:11","slug":"michel-rey-surprend-ses-lecteurs-avec-son-nouveau-roman","status":"publish","type":"post","link":"https:\/\/www.europesays.com\/fr\/364560\/","title":{"rendered":"Michel Rey surprend ses lecteurs avec son nouveau roman"},"content":{"rendered":"<p>Bordelais de naissance et de c\u0153ur et Girondin de toujours, Michel Rey, ancien professeur d\u2019arts plastiques, habite Asques o\u00f9 il coule une retraite active. Depuis de nombreuses ann\u00e9es, il consacre une grande partie de son temps libre \u00e0 l\u2019\u00e9criture de romans. Il vient de faire publier sa derni\u00e8re \u0153uvre, la 23e, \u00ab\u00a0L\u2019\u00c9trange \u00e9quip\u00e9e d\u2019Aur\u00e9lien Lamoureux\u00a0\u00bb, une histoire totalement invent\u00e9e et sortie de l\u2019esprit de son auteur, contrairement \u00e0 ses livres pr\u00e9c\u00e9dents qui faisaient en grande partie appel \u00e0 ses souvenirs.<\/p>\n<p>R\u00eave \u00e9veill\u00e9<\/p>\n<p>\u00ab\u00a0La premi\u00e8re version, que je n\u2019ai jamais fait publier, de ce livre date d\u2019au moins quarante\u00a0ans et je l\u2019ai enti\u00e8rement retravaill\u00e9e. Pour ce faire, je me suis install\u00e9 dans un \u00e9tat de r\u00eave \u00e9veill\u00e9 sans penser au r\u00e9el\u00a0\u00bb, explique-t-il. En effet, ce roman original dans lequel Aur\u00e9lien, le h\u00e9ros, raconte ses aventures \u00e0 la premi\u00e8re personne, entra\u00eene le lecteur dans une \u00e9poque non d\u00e9finie, dans une ville qui n\u2019existe nulle part et o\u00f9 rien ne ressemble \u00e0 l\u2019ordinaire et au r\u00e9el. Une aventure sur les territoires de l\u2019humour, de la po\u00e9sie, de la sensualit\u00e9 et du r\u00eave, qui n\u2019est pas sans rappeler \u00ab\u00a0Alice au pays des merveilles\u00a0\u00bb et ses rencontres fantastiques, ou \u00ab\u00a0Le Magicien d\u2019Oz\u00a0\u00bb.<\/p>\n<p>\u00ab\u00a0Ce livre doit tout \u00e0 l\u2019imaginaire, ce qui n\u2019est pas habituel car le roman d\u2019imagination tel qu\u2019on le conna\u00eet depuis des d\u00e9cennies est en train de dispara\u00eetre et je voulais que mon livre s\u2019inscrive contre ce ph\u00e9nom\u00e8ne.\u00a0\u00bb Michel Rey regrette, comme beaucoup d\u2019amoureux de la lecture, que la plupart des nouveaux romans, comme d\u2019ailleurs de nombreux films au cin\u00e9ma, sont tir\u00e9s d\u2019histoires familiales et donnent peu de place \u00e0 l\u2019imaginaire. \u00ab\u00a0J\u2019ai choisi \u00e9galement de l\u2019\u00e9crire dans un fran\u00e7ais pur et traditionnel, une chose qui se perd \u00e9galement.\u00a0\u00bb<\/p>\n<p>Pas de pause pour Michel Rey dont le prochain roman est d\u00e9j\u00e0 bien avanc\u00e9. Pour l\u2019instant, \u00ab\u00a0L\u2019\u00c9trange \u00e9quip\u00e9e d\u2019Aur\u00e9lien Lamoureux\u00a0\u00bb est disponible aupr\u00e8s de l\u2019auteur, sur commande dans toutes les librairies ou chez son \u00e9diteur l\u2019Harmattan.<\/p>\n","protected":false},"excerpt":{"rendered":"Bordelais de naissance et de c\u0153ur et Girondin de toujours, Michel Rey, ancien professeur d\u2019arts plastiques, habite Asques&hellip;\n","protected":false},"author":2,"featured_media":364561,"comment_status":"","ping_status":"","sticky":false,"template":"","format":"standard","meta":{"footnotes":""},"categories":[1357],"tags":[1379,58,59,1011,27,1380],"class_list":{"0":"post-364560","1":"post","2":"type-post","3":"status-publish","4":"format-standard","5":"has-post-thumbnail","7":"category-livres","8":"tag-books","9":"tag-divertissement","10":"tag-entertainment","11":"tag-fr","12":"tag-france","13":"tag-livres"},"share_on_mastodon":{"url":"https:\/\/pubeurope.com\/@fr\/115143420430917579","error":""},"_links":{"self":[{"href":"https:\/\/www.europesays.com\/fr\/wp-json\/wp\/v2\/posts\/364560","targetHints":{"allow":["GET"]}}],"collection":[{"href":"https:\/\/www.europesays.com\/fr\/wp-json\/wp\/v2\/posts"}],"about":[{"href":"https:\/\/www.europesays.com\/fr\/wp-json\/wp\/v2\/types\/post"}],"author":[{"embeddable":true,"href":"https:\/\/www.europesays.com\/fr\/wp-json\/wp\/v2\/users\/2"}],"replies":[{"embeddable":true,"href":"https:\/\/www.europesays.com\/fr\/wp-json\/wp\/v2\/comments?post=364560"}],"version-history":[{"count":0,"href":"https:\/\/www.europesays.com\/fr\/wp-json\/wp\/v2\/posts\/364560\/revisions"}],"wp:featuredmedia":[{"embeddable":true,"href":"https:\/\/www.europesays.com\/fr\/wp-json\/wp\/v2\/media\/364561"}],"wp:attachment":[{"href":"https:\/\/www.europesays.com\/fr\/wp-json\/wp\/v2\/media?parent=364560"}],"wp:term":[{"taxonomy":"category","embeddable":true,"href":"https:\/\/www.europesays.com\/fr\/wp-json\/wp\/v2\/categories?post=364560"},{"taxonomy":"post_tag","embeddable":true,"href":"https:\/\/www.europesays.com\/fr\/wp-json\/wp\/v2\/tags?post=364560"}],"curies":[{"name":"wp","href":"https:\/\/api.w.org\/{rel}","templated":true}]}}