{"id":364562,"date":"2025-09-04T01:25:31","date_gmt":"2025-09-04T01:25:31","guid":{"rendered":"https:\/\/www.europesays.com\/fr\/364562\/"},"modified":"2025-09-04T01:25:31","modified_gmt":"2025-09-04T01:25:31","slug":"emission-du-mercredi-3-septembre-2025-en-replay-c-a-vous-la-suite-france-tv","status":"publish","type":"post","link":"https:\/\/www.europesays.com\/fr\/364562\/","title":{"rendered":"\u00c9mission du mercredi 3 septembre 2025 en replay &#8211; C \u00e0 vous la suite &#8211; France TV"},"content":{"rendered":"<ol>\n<li><a href=\"https:\/\/news.google.com\/rss\/articles\/CBMirgFBVV95cUxQOWFCeEtoYkhEWmZOTXJTXzRUZlpBWmdkYjBtMTdBSU1Ednk4YXNNeU1SczRVMVRjQUVrN18ybTR2QXV1V19pWUNTQ056eHRLXzMtOHRpVFdXcklfN0NodlNTRENsMEVGazAxa2VvV3hkWVNHOVA1YkFZZnV5R3BFOGV1NTFacnF2STJPamZ3NThpYzRHTG0yaEpZdVYySHRDaENCTXU1T1pvVmREUHc?oc=5\" target=\"_blank\" rel=\"nofollow noopener\">\u00c9mission du mercredi 3 septembre 2025 en replay &#8211; C \u00e0 vous la suite<\/a>&nbsp;&nbsp;France TV<\/li>\n<li><a href=\"https:\/\/news.google.com\/rss\/articles\/CBMiogFBVV95cUxOMk83Vk1TN3htc3Ywb2ptOXV4R0NURjNncVVBQXg5V040U0tWRkRRU0E1cDIwdzMxY2g2NnVYZXU2dEQ1SVFYbGdFa2QtYlFWeHV6OWRJNVZCeHVHYVlpdUJUYlJuUlJJRmtmdGFHejFfVE93cGpJTi1FOVpWTHlhZDFpRkN3R21qazUtbk9uN3hxZGluTG5BbHM4Z01FOURGaEE?oc=5\" target=\"_blank\" rel=\"nofollow noopener\">\u00c9mission du mercredi 3 septembre 2025 en replay &#8211; C \u00e0 vous<\/a>&nbsp;&nbsp;France TV<\/li>\n<li><a href=\"https:\/\/news.google.com\/rss\/articles\/CBMiiAFBVV95cUxORFpsdEVyMUt2bXJ0X0tNbHljcGdSbkNWUWJGdnVCTXFoUGNXWFp5VUI2UzBuQ0tIZGlVWV9rY0dNb2pvdzdpTVF2a0pWVDBxRV9lWVpBMUw3cXBnZFFfVU5GTnZ3OVBUeE83VkpXczdfc0NJekNab08xeGlULVJvT29sR2QySWNL?oc=5\" target=\"_blank\" rel=\"nofollow noopener\">Saison 17 &#8211; C \u00e0 vous la suite &#8211; T\u00e9l\u00e9 2 semaines<\/a>&nbsp;&nbsp;T\u00e9l\u00e9 2 semaines<\/li>\n<li><a href=\"https:\/\/news.google.com\/rss\/articles\/CBMirAFBVV95cUxNR2U0WFBDRzN4b2xsOWVVWVN0dkRaNmdjMzFFZEFjSm52YWFBQU55WjhUV0RLcjFHV1FrbFd5N2plR01mOGhHazJqMzd2ODRxWVFfYUpRLTJ2SjJPYTdrLXVuaFZHYWJFT1hSVXBIWXJFeWItRnlkUTlvSDhjak11X0hHUlBZUVA1djdzb0xCaGROcW5lRW82NUVtaHhySGNfU2Z0Z21IV1hHamt1?oc=5\" target=\"_blank\" rel=\"nofollow noopener\">Invit\u00e9s : Karin Viard, Fran\u00e7ois Cluzet, Clara Luciani, Didier Varrod en replay &#8211; C \u00e0 vous la suite<\/a>&nbsp;&nbsp;France TV<\/li>\n<\/ol>\n","protected":false},"excerpt":{"rendered":"\u00c9mission du mercredi 3 septembre 2025 en replay &#8211; C \u00e0 vous la suite&nbsp;&nbsp;France TV \u00c9mission du mercredi&hellip;\n","protected":false},"author":2,"featured_media":364563,"comment_status":"","ping_status":"","sticky":false,"template":"","format":"standard","meta":{"footnotes":""},"categories":[1356],"tags":[58,59,1011,27,252,1364],"class_list":{"0":"post-364562","1":"post","2":"type-post","3":"status-publish","4":"format-standard","5":"has-post-thumbnail","7":"category-television","8":"tag-divertissement","9":"tag-entertainment","10":"tag-fr","11":"tag-france","12":"tag-television","13":"tag-tv"},"share_on_mastodon":{"url":"https:\/\/pubeurope.com\/@fr\/115143424365384447","error":""},"_links":{"self":[{"href":"https:\/\/www.europesays.com\/fr\/wp-json\/wp\/v2\/posts\/364562","targetHints":{"allow":["GET"]}}],"collection":[{"href":"https:\/\/www.europesays.com\/fr\/wp-json\/wp\/v2\/posts"}],"about":[{"href":"https:\/\/www.europesays.com\/fr\/wp-json\/wp\/v2\/types\/post"}],"author":[{"embeddable":true,"href":"https:\/\/www.europesays.com\/fr\/wp-json\/wp\/v2\/users\/2"}],"replies":[{"embeddable":true,"href":"https:\/\/www.europesays.com\/fr\/wp-json\/wp\/v2\/comments?post=364562"}],"version-history":[{"count":0,"href":"https:\/\/www.europesays.com\/fr\/wp-json\/wp\/v2\/posts\/364562\/revisions"}],"wp:featuredmedia":[{"embeddable":true,"href":"https:\/\/www.europesays.com\/fr\/wp-json\/wp\/v2\/media\/364563"}],"wp:attachment":[{"href":"https:\/\/www.europesays.com\/fr\/wp-json\/wp\/v2\/media?parent=364562"}],"wp:term":[{"taxonomy":"category","embeddable":true,"href":"https:\/\/www.europesays.com\/fr\/wp-json\/wp\/v2\/categories?post=364562"},{"taxonomy":"post_tag","embeddable":true,"href":"https:\/\/www.europesays.com\/fr\/wp-json\/wp\/v2\/tags?post=364562"}],"curies":[{"name":"wp","href":"https:\/\/api.w.org\/{rel}","templated":true}]}}