{"id":364566,"date":"2025-09-04T01:27:26","date_gmt":"2025-09-04T01:27:26","guid":{"rendered":"https:\/\/www.europesays.com\/fr\/364566\/"},"modified":"2025-09-04T01:27:26","modified_gmt":"2025-09-04T01:27:26","slug":"critique-cinema-fils-de-de-carlos-abascal-peiro-une-comedie-virtuose-et-efficace","status":"publish","type":"post","link":"https:\/\/www.europesays.com\/fr\/364566\/","title":{"rendered":"Critique cin\u00e9ma\u00a0: \u00ab\u00a0Fils de\u00a0\u00bb de Carlos Abascal Peir\u00f3, une com\u00e9die virtuose et efficace"},"content":{"rendered":"<p>\u00ab\u00a0Fils de\u00a0\u00bb de\u00a0Carlos Abascal Peir\u00f3<\/p>\n<p class=\"PopSlotParagraph qg-tx2 qg-xtra-lh svelte-1r0pyek\">Une semaine apr\u00e8s la pr\u00e9sidentielle, la France cherche toujours son Premier ministre. Nino, jeune attach\u00e9 parlementaire ambitieux, est missionn\u00e9 pour convaincre son p\u00e8re, Lionel Perrin d\u2019accepter le poste. Mais cet \u00e9ternel perdant a coup\u00e9 les ponts avec la politique\u2026et son\u00a0fils. Nino se retrouve embarqu\u00e9 dans une course effr\u00e9n\u00e9e o\u00f9 tous les coups sont permis. Il a 24h pour sauver sa carri\u00e8re, son couple et si possible l\u2019avenir de la France\u00a0!<\/p>\n<p class=\"PopSlotParagraph qg-tx2 qg-xtra-lh svelte-1r0pyek\"><strong>Les avis des critiques\u00a0:<\/strong><\/p>\n<p class=\"PopSlotParagraph qg-tx2 qg-xtra-lh svelte-1r0pyek\"><strong>Charlotte Garson\u00a0:<\/strong>\u00a0 \u00ab\u00a0Une com\u00e9die qui frappe fort.\u00a0Port\u00e9e par une satire vorace et un rythme effr\u00e9n\u00e9.\u00a0Sur le plan formel, certaines id\u00e9es de mise en sc\u00e8ne brillent par leur audace. Le r\u00e9alisateur fait preuve d\u2019une g\u00e9n\u00e9rosit\u00e9 constante, \u00e0 l\u2019image de ce fils qui s\u2019\u00e9chine \u00e0 ramener son p\u00e8re vers un engagement politique. En revanche, la sous-intrigue amoureuse, trait\u00e9e de mani\u00e8re exp\u00e9ditive, n&rsquo;\u00e9tait pas n\u00e9cessaire. Une faiblesse narrative regrettable dans un ensemble pourtant g\u00e9n\u00e9reux.\u00a0\u00bb<\/p>\n<p class=\"PopSlotParagraph qg-tx2 qg-xtra-lh svelte-1r0pyek\"><strong>Adrien D\u00e9nouette<\/strong>\u00a0:\u00a0\u00ab\u00a0Un film d&rsquo;une redoutable efficacit\u00e9 \u00e0 l&rsquo;am\u00e9ricaine\u00a0: brillant, pr\u00e9cis, presque chor\u00e9graphi\u00e9\u00a0! Alex Lutz est un v\u00e9ritable bijou de com\u00e9die, d&rsquo;une virtuosit\u00e9 rare. Il incarne l&rsquo;\u00e2me du film, m\u00eame s\u2019il n\u2019a malheureusement qu\u2019un r\u00f4le secondaire. C\u2019est peut-\u00eatre l\u00e0 que r\u00e9side la faiblesse du film\u00a0: le spectateur peine \u00e0 s\u2019identifier au personnage principal, un \u00ab\u00a0fils de\u00a0\u00bb. Le film aurait gagn\u00e9 \u00e0 ralentir le rythme\u00a0: tout va tr\u00e8s (trop) vite, laissant peu de place aux rires. Un peu moins de vitesse, mais davantage de tempo\u00a0\u00a0! Cela dit, impossible de nier le sens de l\u2019efficacit\u00e9 et du savoir-faire derri\u00e8re cette premi\u00e8re r\u00e9alisation. Le sujet \u00e9tait ambitieux, et le r\u00e9sultat est prometteur. J\u2019ai h\u00e2te de d\u00e9couvrir la suite de sa carri\u00e8re\u00a0!\u00a0\u00bb<\/p>\n<p class=\"PopSlotParagraph qg-tx2 qg-xtra-lh svelte-1r0pyek\">Le film sort en salle le 3 septembre 2025<\/p>\n<p class=\"PopSlotParagraph qg-tx2 qg-xtra-lh svelte-1r0pyek\">Extrait sonore\u00a0:<\/p>\n<ul>\n<li>Bande annonce du film\u00a0\u00ab\u00a0Fils de\u00a0\u00bb de\u00a0Carlos Abascal Peir\u00f3<\/li>\n<\/ul>\n","protected":false},"excerpt":{"rendered":"\u00ab\u00a0Fils de\u00a0\u00bb de\u00a0Carlos Abascal Peir\u00f3 Une semaine apr\u00e8s la pr\u00e9sidentielle, la France cherche toujours son Premier ministre. Nino,&hellip;\n","protected":false},"author":2,"featured_media":364567,"comment_status":"","ping_status":"","sticky":false,"template":"","format":"standard","meta":{"footnotes":""},"categories":[1354],"tags":[58,59,1346,1011,27,1360],"class_list":{"0":"post-364566","1":"post","2":"type-post","3":"status-publish","4":"format-standard","5":"has-post-thumbnail","7":"category-films","8":"tag-divertissement","9":"tag-entertainment","10":"tag-films","11":"tag-fr","12":"tag-france","13":"tag-movies"},"share_on_mastodon":{"url":"https:\/\/pubeurope.com\/@fr\/115143432156890254","error":""},"_links":{"self":[{"href":"https:\/\/www.europesays.com\/fr\/wp-json\/wp\/v2\/posts\/364566","targetHints":{"allow":["GET"]}}],"collection":[{"href":"https:\/\/www.europesays.com\/fr\/wp-json\/wp\/v2\/posts"}],"about":[{"href":"https:\/\/www.europesays.com\/fr\/wp-json\/wp\/v2\/types\/post"}],"author":[{"embeddable":true,"href":"https:\/\/www.europesays.com\/fr\/wp-json\/wp\/v2\/users\/2"}],"replies":[{"embeddable":true,"href":"https:\/\/www.europesays.com\/fr\/wp-json\/wp\/v2\/comments?post=364566"}],"version-history":[{"count":0,"href":"https:\/\/www.europesays.com\/fr\/wp-json\/wp\/v2\/posts\/364566\/revisions"}],"wp:featuredmedia":[{"embeddable":true,"href":"https:\/\/www.europesays.com\/fr\/wp-json\/wp\/v2\/media\/364567"}],"wp:attachment":[{"href":"https:\/\/www.europesays.com\/fr\/wp-json\/wp\/v2\/media?parent=364566"}],"wp:term":[{"taxonomy":"category","embeddable":true,"href":"https:\/\/www.europesays.com\/fr\/wp-json\/wp\/v2\/categories?post=364566"},{"taxonomy":"post_tag","embeddable":true,"href":"https:\/\/www.europesays.com\/fr\/wp-json\/wp\/v2\/tags?post=364566"}],"curies":[{"name":"wp","href":"https:\/\/api.w.org\/{rel}","templated":true}]}}