{"id":364568,"date":"2025-09-04T01:28:15","date_gmt":"2025-09-04T01:28:15","guid":{"rendered":"https:\/\/www.europesays.com\/fr\/364568\/"},"modified":"2025-09-04T01:28:15","modified_gmt":"2025-09-04T01:28:15","slug":"insuffisance-cardiaque-ces-quatre-symptomes-doivent-alerter","status":"publish","type":"post","link":"https:\/\/www.europesays.com\/fr\/364568\/","title":{"rendered":"Insuffisance cardiaque\u00a0: ces quatre sympt\u00f4mes doivent alerter"},"content":{"rendered":"<p>Le c\u0153ur essaie de compenser en augmentant la fr\u00e9quence des battements et son d\u00e9bit, mais il s\u2019\u00e9puise et des modifications physiologiques finissent par appara\u00eetre. D\u2019abord \u00e0 l\u2019effort, si elle n\u2019est pas prise en charge, l\u2019insuffisance cardiaque progresse et survient m\u00eame au repos. On estime que<strong> l\u2019insuffisance cardiaque est responsable du d\u00e9c\u00e8s de 70\u00a0000\u00a0personnes chaque ann\u00e9e en France.<\/strong><\/p>\n<p>Essoufflement, prise de poids rapide, \u0153d\u00e8me ou fatigue importante<\/p>\n<p>Pour sensibiliser aux signes d\u2019alerte de la maladie, voici quatre sympt\u00f4mes \u00e0 savoir rep\u00e9rer dont les initiales constituent l\u2019acronyme \u00ab\u00a0EPOF\u00a0\u00bb.<\/p>\n<p>EPOF, ce sont quatre sympt\u00f4mes peu sp\u00e9cifiques mais dont l\u2019association et la survenue r\u00e9cente doivent imm\u00e9diatement alerter\u00a0:<\/p>\n<ul class=\"&quot;list-style-type-disc&quot;\">\n<li>\n    E pour essoufflement \u00e0 l\u2019effort et\/ou en position allong\u00e9e\u00a0;\n<\/li>\n<li>\n    P pour prise de poids importante en quelques jours\u00a0;\n<\/li>\n<li>\n    O pour \u0153d\u00e8me des membres inf\u00e9rieurs avec les jambes et les pieds gonfl\u00e9s\u00a0;\n<\/li>\n<li>\n    F pour fatigue importante, qui limite les activit\u00e9s au quotidien.\n<\/li>\n<\/ul>\n<p>\u00ab\u00a0On agit toujours trop tard\u00a0\u00bb<\/p>\n<p>\u00ab\u00a0Ces sympt\u00f4mes <strong>sont g\u00e9n\u00e9ralement non reli\u00e9s par les patients et le grand public \u00e0 un probl\u00e8me cardiaque.<\/strong> Et les patients ne consultent pas en soins primaires malgr\u00e9 ces sympt\u00f4mes, souvent attribu\u00e9s \u00e0 l\u2019\u00e2ge ou \u00e0 un probl\u00e8me de circulation veineuse\u00a0\u00bb, note le Pr Thibaud Damy, cardiologue \u00e0 l\u2019h\u00f4pital Henri-Mondor (Cr\u00e9teil), lors d\u2019une conf\u00e9rence de presse.<\/p>\n<p>Alors que <strong>les sympt\u00f4mes sont g\u00e9n\u00e9ralement pr\u00e9sents plusieurs semaines voire 2 mois avant une hospitalisation pour pr\u00e8s de la moiti\u00e9 des patients<\/strong>, \u00ab\u00a0on agit toujours trop tard. Dans l\u2019esprit des gens, la relation entre les sympt\u00f4mes et l\u2019insuffisance cardiaque ne se fait pas\u00a0\u00bb, poursuit le sp\u00e9cialiste.<\/p>\n<p>Pour confirmer le diagnostic, un dosage du NT-proBNP, biomarqueur cardiaque, est r\u00e9alis\u00e9. Des examens compl\u00e9mentaires sont alors pratiqu\u00e9s afin de d\u00e9terminer la cause. Puis, la prise en charge vise \u00e0 stopper la progression de l\u2019insuffisance cardiaque, r\u00e9duire ses complications (hospitalisation et d\u00e9c\u00e8s) et am\u00e9liorer la qualit\u00e9 de vie des patients, la pathologie ayant un fort retentissement au quotidien.<\/p>\n<p>\u00ab\u00a0Selon diff\u00e9rentes donn\u00e9es, la qualit\u00e9 de vie des patients insuffisants cardiaques est au m\u00eame niveau qu\u2019un patient qui est dialys\u00e9 trois fois par semaine. L\u2019impact sur la vie quotidienne, sociale et professionnelle est tr\u00e8s important\u00a0\u00bb, pr\u00e9cise le Dr Beno\u00eet Lequeux.<\/p>\n<p>Activit\u00e9 physique et pas trop de sel<\/p>\n<p>Pour traiter l\u2019insuffisance cardiaque, la strat\u00e9gie \u00ab\u00a0EPON\u00a0\u00bb a fait ses preuves\u00a0:<\/p>\n<ul class=\"&quot;list-style-type-disc&quot;\">\n<li>\n    <strong>E pour exercice ou activit\u00e9 physique r\u00e9guli\u00e8re. <\/strong>Notez qu\u2019il est important de cesser toute activit\u00e9 en cas d\u2019essoufflement, vertiges, douleurs dans la poitrine, naus\u00e9es et sueurs froides\u00a0;\n<\/li>\n<li>\n    <strong>P pour se peser r\u00e9guli\u00e8rement\u00a0:<\/strong> consulter rapidement son m\u00e9decin en cas de prise de poids rapide sur 2 ou 3 jours\u00a0;\n<\/li>\n<li>\n    <strong>O pour observer son traitement et son suivi\u00a0;<\/strong>\n<\/li>\n<li>\n    <strong>N pour ne pas saler l\u2019alimentatio<\/strong>n\u00a0: 4 \u00e0 6 grammes de sel par jour correspondent \u00e0 une alimentation peu sal\u00e9e. Il faut peu saler ses plats et \u00e9viter la consommation de produits tr\u00e8s sal\u00e9s comme la charcuterie, le fromage, les plats cuisin\u00e9s.\n<\/li>\n<\/ul>\n<p>\u00ab\u00a0Ensemble, ces 4 traitements am\u00e9liorent la survie des patients, diminuent les r\u00e9hospitalisations et am\u00e9liorent la qualit\u00e9 de vie\u00a0\u00bb, explique le Dr Beno\u00eet Lequeux.<\/p>\n","protected":false},"excerpt":{"rendered":"Le c\u0153ur essaie de compenser en augmentant la fr\u00e9quence des battements et son d\u00e9bit, mais il s\u2019\u00e9puise et&hellip;\n","protected":false},"author":2,"featured_media":364569,"comment_status":"","ping_status":"","sticky":false,"template":"","format":"standard","meta":{"footnotes":""},"categories":[10],"tags":[1011,27,72,71],"class_list":{"0":"post-364568","1":"post","2":"type-post","3":"status-publish","4":"format-standard","5":"has-post-thumbnail","7":"category-sante","8":"tag-fr","9":"tag-france","10":"tag-health","11":"tag-sante"},"share_on_mastodon":{"url":"https:\/\/pubeurope.com\/@fr\/115143436155741335","error":""},"_links":{"self":[{"href":"https:\/\/www.europesays.com\/fr\/wp-json\/wp\/v2\/posts\/364568","targetHints":{"allow":["GET"]}}],"collection":[{"href":"https:\/\/www.europesays.com\/fr\/wp-json\/wp\/v2\/posts"}],"about":[{"href":"https:\/\/www.europesays.com\/fr\/wp-json\/wp\/v2\/types\/post"}],"author":[{"embeddable":true,"href":"https:\/\/www.europesays.com\/fr\/wp-json\/wp\/v2\/users\/2"}],"replies":[{"embeddable":true,"href":"https:\/\/www.europesays.com\/fr\/wp-json\/wp\/v2\/comments?post=364568"}],"version-history":[{"count":0,"href":"https:\/\/www.europesays.com\/fr\/wp-json\/wp\/v2\/posts\/364568\/revisions"}],"wp:featuredmedia":[{"embeddable":true,"href":"https:\/\/www.europesays.com\/fr\/wp-json\/wp\/v2\/media\/364569"}],"wp:attachment":[{"href":"https:\/\/www.europesays.com\/fr\/wp-json\/wp\/v2\/media?parent=364568"}],"wp:term":[{"taxonomy":"category","embeddable":true,"href":"https:\/\/www.europesays.com\/fr\/wp-json\/wp\/v2\/categories?post=364568"},{"taxonomy":"post_tag","embeddable":true,"href":"https:\/\/www.europesays.com\/fr\/wp-json\/wp\/v2\/tags?post=364568"}],"curies":[{"name":"wp","href":"https:\/\/api.w.org\/{rel}","templated":true}]}}