{"id":36457,"date":"2025-04-19T12:15:11","date_gmt":"2025-04-19T12:15:11","guid":{"rendered":"https:\/\/www.europesays.com\/fr\/36457\/"},"modified":"2025-04-19T12:15:11","modified_gmt":"2025-04-19T12:15:11","slug":"une-nouvelle-liaison-directe-bucarest-nice-avec-animawings","status":"publish","type":"post","link":"https:\/\/www.europesays.com\/fr\/36457\/","title":{"rendered":"Une nouvelle liaison directe Bucarest-Nice avec AnimaWings"},"content":{"rendered":"<p>                    <img loading=\"lazy\" decoding=\"async\" src=\"https:\/\/www.europesays.com\/fr\/wp-content\/uploads\/2025\/04\/291b938d61dae605de36678f94cc5f.png\" class=\"img-responsive post-image\" width=\"680\" height=\"510\" alt=\"Une nouvelle liaison (\u2026)\" title=\"Une nouvelle liaison directe Bucarest-Nice avec AnimaWings\"\/><\/p>\n<p class=\"chapo\">La compagnie a\u00e9rienne roumaine AnimaWings propose d\u00e9sormais des vols directs r\u00e9guliers \u00e0 destination de Nice. Les avions atterriront au Terminal 1 de l\u2019a\u00e9roport Nice-C\u00f4te d\u2019Azur, \u00e0 partir duquel les voyageurs peuvent facilement rejoindre le centre-ville ainsi que les principales destinations touristiques de la C\u00f4te d\u2019Azur telles que Monaco, Cannes, Villefranche-sur-Mer et Menton. La compagnie proposera deux vols par semaine pendant la saison estivale.<\/p>\n<p class=\"texte\"><strong>Marius Pandel<\/strong>, pr\u00e9sident du conseil d\u2019administration d\u2019AnimaWings, a d\u00e9clar\u00e9\u00a0: \u00ab\u00a0 Nice est une destination tr\u00e8s pris\u00e9e des voyageurs d\u2019affaires, mais aussi des touristes. D\u00e8s l\u2019ouverture des r\u00e9servations, nous avons enregistr\u00e9 une forte demande pour cette ligne. <strong>Nos vols sont programm\u00e9s les jeudis et dimanches. <\/strong> Ainsi, qu\u2019ils voyagent pour des raisons professionnelles, pour une escapade citadine ou pour des vacances sur la C\u00f4te d\u2019Azur ou en Provence, les passagers b\u00e9n\u00e9ficient d\u2019une grande flexibilit\u00e9. Nous sommes ravis d\u2019int\u00e9grer Nice \u00e0 notre r\u00e9seau et de compl\u00e9ter notre offre en proposant des vols vers un nouvel a\u00e9roport fran\u00e7ais, le deuxi\u00e8me apr\u00e8s Paris-Charles-de-Gaulle.\u00a0\u00bb<\/p>\n<p><strong>Franck Goldnadel,<\/strong> pr\u00e9sident du conseil d\u2019administration d\u2019A\u00e9roports de la C\u00f4te d\u2019Azur, a ajout\u00e9\u00a0: \u00ab\u00a0Nous sommes tr\u00e8s heureux d\u2019accueillir AnimaWings \u00e0 l\u2019a\u00e9roport Nice-C\u00f4te d\u2019Azur et remercions la compagnie pour la confiance qu\u2019elle accorde \u00e0 la qualit\u00e9 de nos services, ainsi qu\u2019au potentiel de cette nouvelle ligne qui relie notre superbe territoire au centre \u00e9conomique et culturel de la Roumanie.\u00a0\u00bb<\/p>\n<p>Les passagers voyageront \u00e0 bord du nouvel Airbus A220-300, qui a rejoint cette ann\u00e9e la flotte d\u2019AnimaWings. Cet appareil fiable et innovant r\u00e9pond parfaitement aux besoins des march\u00e9s affaires et loisirs. La configuration unique choisie par la compagnie, avec des si\u00e8ges spacieux, des all\u00e9es larges et de grandes fen\u00eatres qui offrent une luminosit\u00e9 optimale, t\u00e9moigne de la volont\u00e9 d\u2019AnimaWings \u00e0 offrir une exp\u00e9rience de vol d\u2019exception. Avec ses 137 si\u00e8ges, dont 12 si\u00e8ges inclinables en position allong\u00e9e en classe affaires, la configuration de l\u2019A220 se distingue des autres mod\u00e8les sur le march\u00e9. Ses si\u00e8ges offrent un espacement bien sup\u00e9rieur et chaque rang\u00e9e dispose de cinq places, pour un confort optimal.<\/p>\n<p>\u00ab\u00a0La classe affaires est tr\u00e8s populaire sur la ligne Nice-Bucarest. Les passagers qui choisissent cette option b\u00e9n\u00e9ficient d\u2019un embarquement et d\u2019un d\u00e9barquement prioritaires afin de voyager en toute s\u00e9r\u00e9nit\u00e9. \u00c0 bord, nous leur proposons des repas inspir\u00e9s de la cuisine roumaine cr\u00e9\u00e9s par le c\u00e9l\u00e8bre chef Alex Petricean, ainsi qu\u2019une s\u00e9lection de boissons. Une \u00e9quipe de cabine d\u00e9di\u00e9e assure un service personnalis\u00e9, tandis que la disposition des si\u00e8ges offre davantage d\u2019espace pour les jambes et d\u2019intimit\u00e9, ce qui rend le vol plus agr\u00e9able et confortable\u00a0\u00bb a pr\u00e9cis\u00e9 Marius Pandel.<\/p>\n<p>Visuel de Une\u00a0: Bucarest \u00e0 port\u00e9 d\u2019ailes depuis Nice Illustration \u00a9DR<\/p>\n","protected":false},"excerpt":{"rendered":"La compagnie a\u00e9rienne roumaine AnimaWings propose d\u00e9sormais des vols directs r\u00e9guliers \u00e0 destination de Nice. Les avions atterriront&hellip;\n","protected":false},"author":2,"featured_media":36458,"comment_status":"","ping_status":"","sticky":false,"template":"","format":"standard","meta":{"footnotes":""},"categories":[2819],"tags":[1111,11,2408,1777,674,1011,27,12,2401,882,25],"class_list":{"0":"post-36457","1":"post","2":"type-post","3":"status-publish","4":"format-standard","5":"has-post-thumbnail","7":"category-nice","8":"tag-actu","9":"tag-actualites","10":"tag-appels-d","11":"tag-eu","12":"tag-europe","13":"tag-fr","14":"tag-france","15":"tag-news","16":"tag-nice","17":"tag-provence-alpes-cote-dazur","18":"tag-republique-francaise"},"share_on_mastodon":{"url":"https:\/\/pubeurope.com\/@fr\/114364581399233765","error":""},"_links":{"self":[{"href":"https:\/\/www.europesays.com\/fr\/wp-json\/wp\/v2\/posts\/36457","targetHints":{"allow":["GET"]}}],"collection":[{"href":"https:\/\/www.europesays.com\/fr\/wp-json\/wp\/v2\/posts"}],"about":[{"href":"https:\/\/www.europesays.com\/fr\/wp-json\/wp\/v2\/types\/post"}],"author":[{"embeddable":true,"href":"https:\/\/www.europesays.com\/fr\/wp-json\/wp\/v2\/users\/2"}],"replies":[{"embeddable":true,"href":"https:\/\/www.europesays.com\/fr\/wp-json\/wp\/v2\/comments?post=36457"}],"version-history":[{"count":0,"href":"https:\/\/www.europesays.com\/fr\/wp-json\/wp\/v2\/posts\/36457\/revisions"}],"wp:featuredmedia":[{"embeddable":true,"href":"https:\/\/www.europesays.com\/fr\/wp-json\/wp\/v2\/media\/36458"}],"wp:attachment":[{"href":"https:\/\/www.europesays.com\/fr\/wp-json\/wp\/v2\/media?parent=36457"}],"wp:term":[{"taxonomy":"category","embeddable":true,"href":"https:\/\/www.europesays.com\/fr\/wp-json\/wp\/v2\/categories?post=36457"},{"taxonomy":"post_tag","embeddable":true,"href":"https:\/\/www.europesays.com\/fr\/wp-json\/wp\/v2\/tags?post=36457"}],"curies":[{"name":"wp","href":"https:\/\/api.w.org\/{rel}","templated":true}]}}