{"id":364582,"date":"2025-09-04T01:35:18","date_gmt":"2025-09-04T01:35:18","guid":{"rendered":"https:\/\/www.europesays.com\/fr\/364582\/"},"modified":"2025-09-04T01:35:18","modified_gmt":"2025-09-04T01:35:18","slug":"mort-dalain-delon-ces-rapports-psychologiques-alarmants-quanouchka-auraient-caches-a-ses-freres","status":"publish","type":"post","link":"https:\/\/www.europesays.com\/fr\/364582\/","title":{"rendered":"Mort d\u2019Alain Delon : ces \u00ab\u00a0rapports psychologiques alarmants\u00a0\u00bb qu\u2019Anouchka auraient cach\u00e9s \u00e0 ses fr\u00e8res"},"content":{"rendered":"<p data-start=\"471\" data-end=\"707\"><a href=\"https:\/\/www.closermag.fr\/people\/cette-histoire-est-tres-opaque-cette-fortune-posthume-cachee-dalain-delon-que-lon-pourrait-decouvrir-3575312\" rel=\"nofollow noopener\" target=\"_blank\"><br \/>\nAlain Delon<\/a> s\u2019est \u00e9teint le 18 ao\u00fbt 2024 <strong>\u00e0 l\u2019\u00e2ge de 88<br \/>\nans<\/strong>. Depuis, sa succession vire au cauchemar pour ses<br \/>\ntrois enfants, <a href=\"https:\/\/www.closermag.fr\/people\/alain-delon-ce-bien-precieux-appartenant-a-lacteur-derobe-dans-la-chambre-forte-de-douchy-3575159\" rel=\"nofollow noopener\" target=\"_blank\"><br \/>\nAnthony<\/a>, <a href=\"https:\/\/www.closermag.fr\/people\/anouchka-delon-divorcee-cette-citation-publiee-na-surement-pas-ete-choisie-au-hasard-3573574\" rel=\"nofollow noopener\" target=\"_blank\"><br \/>\nAnouchka<\/a> et <a href=\"https:\/\/www.closermag.fr\/people\/alain-fabien-delon-relance-la-guerre-fratricide-autour-de-lheritage-dalain-delon-sa-soeur-anouchka-dans-son-viseur-3575039\" rel=\"nofollow noopener\" target=\"_blank\"><br \/>\nAlain-Fabien<\/a>, qui s\u2019affrontent dans une guerre familiale o\u00f9 les<br \/>\nr\u00e9v\u00e9lations s\u2019encha\u00eenent.<\/p>\n<p data-start=\"709\" data-end=\"1088\">Dernier rebondissement : selon<br \/>\nles informations de Le Monde Alain-Fabien Delon a<br \/>\nsaisi la justice pour demander l\u2019annulation du second testament<br \/>\nsign\u00e9 par son p\u00e8re en Suisse en novembre 2022. Ce document d\u00e9signe<br \/>\n<strong>Anouchka comme unique h\u00e9riti\u00e8re<\/strong> du droit moral de<br \/>\nl\u2019acteur, au d\u00e9triment de ses deux fr\u00e8res. <a href=\"https:\/\/www.closermag.fr\/people\/alain-fabien-delon-cette-rencontre-discrete-a-quelques-jours-de-lanniversaire-de-la-mort-dalain-delon-3570082\" rel=\"nofollow noopener\" target=\"_blank\"><br \/>\nLe fils cadet<\/a> estime que son p\u00e8re n\u2019avait plus \u00ab\u00a0le discernement<br \/>\nsuffisant\u00a0\u00bb pour prendre une telle d\u00e9cision.<\/p>\n<p>Succession d\u2019Alain Delon : le<br \/>\nsecond testament remis en cause par Alain-Fabien<\/p>\n<p data-start=\"1175\" data-end=\"1558\">Le premier testament de 2015,<br \/>\nqui r\u00e9partit \u00e9quitablement le patrimoine entre les trois enfants,<br \/>\nn\u2019est pas contest\u00e9. En revanche, le second, sign\u00e9 deux ans avant la<br \/>\nmort de l\u2019acteur, est aujourd\u2019hui au c\u0153ur des tensions.<br \/>\nAlain-Fabien pointe aussi une donation faite en f\u00e9vrier 2023, gr\u00e2ce<br \/>\n\u00e0 laquelle <strong>sa s\u0153ur d\u00e9tient 51 % d\u2019Adid,<\/strong> la soci\u00e9t\u00e9<br \/>\ng\u00e9rant l\u2019image et la marque \u00ab\u00a0Alain Delon\u00a0\u00bb. Pour soutenir<br \/>\nsa demande, il s\u2019appuie sur un jugement rendu en avril 2024,<br \/>\nquelques mois avant la mort de l\u2019acteur, qui pla\u00e7ait Alain Delon<br \/>\nsous curatelle renforc\u00e9e. Le tribunal de Montargis soulignait alors<br \/>\nque le com\u00e9dien \u00ab\u00a0pr\u00e9sente <strong>des troubles cognitifs<br \/>\nalt\u00e9rant l\u2019expression de sa volont\u00e9\u00a0\u00bb.<\/strong><\/p>\n<p data-start=\"1943\" data-end=\"2621\">Le fils cadet affirme avoir<br \/>\nd\u00e9couvert, en septembre 2024, des pi\u00e8ces m\u00e9dicales in\u00e9dites,<br \/>\nvers\u00e9es \u00e0 son dossier. Ces documents r\u00e9v\u00e8lent de multiples<br \/>\nhospitalisations \u00e0 la clinique de Genolier, en Suisse, ainsi que<br \/>\ndes expertises psychiatriques pr\u00e9occupantes. L\u2019une d\u2019elles, dat\u00e9e<br \/>\ndu 7 septembre 2019, \u00e9tablit \u00ab\u00a0la pr\u00e9sence de troubles<br \/>\ncognitifs, avec notamment des difficult\u00e9s touchant la m\u00e9moire de<br \/>\nfixation, la concentration, la m\u00e9moire d\u2019\u00e9vocation et la<br \/>\ncompr\u00e9hension\u00a0\u00bb. Le psychiatre en charge avait m\u00eame not\u00e9<br \/>\nqu\u2019Alain Delon avait \u00e9chou\u00e9 au test de l\u2019horloge : <strong>\u00ab\u00a0Le<br \/>\npatient n\u2019arrive pas \u00e0 placer les chiffres, les aiguilles sont<br \/>\nindiff\u00e9renciables, l\u2019heure n\u2019est pas correcte.\u00a0\u00bb<\/strong> Selon<br \/>\nAlain-Fabien, ces \u00e9l\u00e9ments prouvent qu\u2019au moment de signer le<br \/>\ntestament et la donation, son p\u00e8re n\u2019\u00e9tait plus en \u00e9tat de d\u00e9cider.<br \/>\nDans son assignation, il estime que <a href=\"https:\/\/www.closermag.fr\/people\/anouchka-delon-a-3-jours-de-la-date-inevitable-les-prochains-jours-sannoncent-terribles-pour-la-fille-dalain-delon-3571472\" rel=\"nofollow noopener\" target=\"_blank\"><br \/>\nsa fille<\/a>, d\u00e9sign\u00e9e comme tiers de confiance en Suisse, ne<br \/>\npouvait pas ignorer la gravit\u00e9 de la situation. Anthony Delon avait<br \/>\nd\u00e9j\u00e0 exprim\u00e9 ses doutes en 2023 en d\u00e9posant une main courante<br \/>\ncontre sa s\u0153ur, l\u2019accusant d\u2019avoir \u00ab\u00a0dissimul\u00e9 des r\u00e9sultats de<br \/>\ntests cognitifs r\u00e9alis\u00e9s en Suisse entre 2019 et 2022\u00a0\u00bb.<\/p>\n<p>Une<br \/>\n\u00ab\u00a0qu\u00eate de v\u00e9rit\u00e9\u00a0\u00bb pour Alain-Fabien Delon face \u00e0 ses a\u00een\u00e9s<\/p>\n<p data-start=\"3173\" data-end=\"3503\">Alors qu\u2019une premi\u00e8re audience<br \/>\nest pr\u00e9vue en mars 2026, la guerre familiale se poursuit. L\u2019avocate<br \/>\nd\u2019Alain-Fabien pr\u00e9cise : \u00ab\u00a0M. Alain-Fabien Delon est dans une<br \/>\nqu\u00eate de v\u00e9rit\u00e9. Aller en justice <strong>ne va pas lui rapporter<br \/>\nplus d\u2019argent<\/strong>. Il veut d\u00e9montrer qu\u2019on a manipul\u00e9 son p\u00e8re<br \/>\net que des choses pas convenables se sont pass\u00e9es.\u00a0\u00bb<\/p>\n<p data-start=\"3505\" data-end=\"3874\">Depuis des mois, les tensions<br \/>\nentre les enfants Delon \u00e9clatent au grand jour. Entre accusations<br \/>\nde manipulation, alliances temporaires et proc\u00e8s \u00e0 r\u00e9p\u00e9tition, la<br \/>\nbataille judiciaire ne fait que commencer. Et ces \u00ab\u00a0rapports<br \/>\npsychologiques alarmants\u00a0\u00bb pourraient bien changer le cours de<br \/>\nl\u2019h\u00e9ritage d\u2019Alain Delon, fragilisant encore un peu plus une<br \/>\nfamille d\u00e9j\u00e0 d\u00e9chir\u00e9e.<\/p>\n","protected":false},"excerpt":{"rendered":"Alain Delon s\u2019est \u00e9teint le 18 ao\u00fbt 2024 \u00e0 l\u2019\u00e2ge de 88 ans. Depuis, sa succession vire au&hellip;\n","protected":false},"author":2,"featured_media":364583,"comment_status":"","ping_status":"","sticky":false,"template":"","format":"standard","meta":{"footnotes":""},"categories":[2],"tags":[11,5960,19718,548,1011,27,11632,12],"class_list":{"0":"post-364582","1":"post","2":"type-post","3":"status-publish","4":"format-standard","5":"has-post-thumbnail","7":"category-actualites","8":"tag-actualites","9":"tag-alain-delon","10":"tag-anouchka-delon","11":"tag-article-simple","12":"tag-fr","13":"tag-france","14":"tag-heritage","15":"tag-news"},"share_on_mastodon":{"url":"https:\/\/pubeurope.com\/@fr\/115143463666061800","error":""},"_links":{"self":[{"href":"https:\/\/www.europesays.com\/fr\/wp-json\/wp\/v2\/posts\/364582","targetHints":{"allow":["GET"]}}],"collection":[{"href":"https:\/\/www.europesays.com\/fr\/wp-json\/wp\/v2\/posts"}],"about":[{"href":"https:\/\/www.europesays.com\/fr\/wp-json\/wp\/v2\/types\/post"}],"author":[{"embeddable":true,"href":"https:\/\/www.europesays.com\/fr\/wp-json\/wp\/v2\/users\/2"}],"replies":[{"embeddable":true,"href":"https:\/\/www.europesays.com\/fr\/wp-json\/wp\/v2\/comments?post=364582"}],"version-history":[{"count":0,"href":"https:\/\/www.europesays.com\/fr\/wp-json\/wp\/v2\/posts\/364582\/revisions"}],"wp:featuredmedia":[{"embeddable":true,"href":"https:\/\/www.europesays.com\/fr\/wp-json\/wp\/v2\/media\/364583"}],"wp:attachment":[{"href":"https:\/\/www.europesays.com\/fr\/wp-json\/wp\/v2\/media?parent=364582"}],"wp:term":[{"taxonomy":"category","embeddable":true,"href":"https:\/\/www.europesays.com\/fr\/wp-json\/wp\/v2\/categories?post=364582"},{"taxonomy":"post_tag","embeddable":true,"href":"https:\/\/www.europesays.com\/fr\/wp-json\/wp\/v2\/tags?post=364582"}],"curies":[{"name":"wp","href":"https:\/\/api.w.org\/{rel}","templated":true}]}}