{"id":364588,"date":"2025-09-04T01:41:22","date_gmt":"2025-09-04T01:41:22","guid":{"rendered":"https:\/\/www.europesays.com\/fr\/364588\/"},"modified":"2025-09-04T01:41:22","modified_gmt":"2025-09-04T01:41:22","slug":"un-policier-retrouve-mort-avec-les-pieds-et-mains-entraves-a-toulon-la-these-du-suicide-privilegiee-par-le-procureur","status":"publish","type":"post","link":"https:\/\/www.europesays.com\/fr\/364588\/","title":{"rendered":"Un policier retrouv\u00e9 mort avec les pieds et mains entrav\u00e9s \u00e0 Toulon, la th\u00e8se du suicide privil\u00e9gi\u00e9e par le procureur"},"content":{"rendered":"<p>Le corps sans vie d&rsquo;un policier a \u00e9t\u00e9 retrouv\u00e9, dans l&rsquo;eau, \u00e0 Toulon (Var) ce mercredi 3 septembre. Il avait une cagoule sur la t\u00eate et les pieds et mains entrav\u00e9s. La th\u00e8se du suicide est privil\u00e9gi\u00e9e.<\/p>\n<p>Un policier a \u00e9t\u00e9 retrouv\u00e9 mort \u00e0 Toulon, ce mercredi 3 septembre, selon les informations <a href=\"https:\/\/www.francebleu.fr\/infos\/faits-divers-justice\/le-corps-d-un-homme-menotte-retrouve-flottant-dans-l-anse-magaud-a-toulon-6005470\" target=\"_blank\" class=\"external_link\" rel=\"nofollow noopener\">d&rsquo;Ici Provence<\/a>, confirm\u00e9es par BFM Toulon Var.<\/p>\n<p>Affect\u00e9 \u00e0 l&rsquo;Office anti-stup\u00e9fiants de Nanterre, cet homme \u00e9tait originaire de l&rsquo;aire toulonnaise.<\/p>\n<p>Le corps sans vie a \u00e9t\u00e9 retrouv\u00e9 dans l&rsquo;eau, dans l&rsquo;anse Magaud. L&rsquo;homme portait une cagoule sur la t\u00eate et avait les mains et pieds entrav\u00e9s. Des affaires de police ont \u00e9t\u00e9 retrouv\u00e9es sur la rive.<\/p>\n<\/p>\n<p>Selon le procureur de la R\u00e9publique de Toulon, il pourrait s&rsquo;agir d&rsquo;un suicide. \u00ab\u00a0M\u00eame si les circonstances de la d\u00e9couverte du corps peuvent laisser \u00e0 penser qu&rsquo;il s&rsquo;agit d&rsquo;un crime, de nombreux autres \u00e9l\u00e9ments permettent aussi de penser qu&rsquo;il aurait mis fin \u00e0 des jours\u00a0\u00bb, indique-t-il \u00e0 BFM Toulon Var.<\/p>\n<p>Une enqu\u00eate en recherche des causes de la mort a \u00e9t\u00e9 ouverte et confi\u00e9e \u00e0 la Direction interd\u00e9partementale de la police nationale du Var.<\/p>\n<p class=\"encadre_text\">3114: le num\u00e9ro national de pr\u00e9vention du suicide<\/p>\n<p>Le 3114 est le num\u00e9ro \u00e0 contacter si vous \u00eates en d\u00e9tresse psychique ou si vous avez des id\u00e9es suicidaires. Vous pouvez \u00e9galement le contacter si un de vos proches est dans ce cas. Il propose une \u00e9coute avec des professionnels de sant\u00e9 sp\u00e9cialement form\u00e9s, et est disponible sept jours sur sept, 24 heures sur 24.<\/p>\n","protected":false},"excerpt":{"rendered":"Le corps sans vie d&rsquo;un policier a \u00e9t\u00e9 retrouv\u00e9, dans l&rsquo;eau, \u00e0 Toulon (Var) ce mercredi 3 septembre.&hellip;\n","protected":false},"author":2,"featured_media":364589,"comment_status":"","ping_status":"","sticky":false,"template":"","format":"standard","meta":{"footnotes":""},"categories":[9619],"tags":[1111,11,1777,674,1011,27,12,882,25,2310],"class_list":{"0":"post-364588","1":"post","2":"type-post","3":"status-publish","4":"format-standard","5":"has-post-thumbnail","7":"category-toulon","8":"tag-actu","9":"tag-actualites","10":"tag-eu","11":"tag-europe","12":"tag-fr","13":"tag-france","14":"tag-news","15":"tag-provence-alpes-cote-dazur","16":"tag-republique-francaise","17":"tag-toulon"},"share_on_mastodon":{"url":"https:\/\/pubeurope.com\/@fr\/115143487230292485","error":""},"_links":{"self":[{"href":"https:\/\/www.europesays.com\/fr\/wp-json\/wp\/v2\/posts\/364588","targetHints":{"allow":["GET"]}}],"collection":[{"href":"https:\/\/www.europesays.com\/fr\/wp-json\/wp\/v2\/posts"}],"about":[{"href":"https:\/\/www.europesays.com\/fr\/wp-json\/wp\/v2\/types\/post"}],"author":[{"embeddable":true,"href":"https:\/\/www.europesays.com\/fr\/wp-json\/wp\/v2\/users\/2"}],"replies":[{"embeddable":true,"href":"https:\/\/www.europesays.com\/fr\/wp-json\/wp\/v2\/comments?post=364588"}],"version-history":[{"count":0,"href":"https:\/\/www.europesays.com\/fr\/wp-json\/wp\/v2\/posts\/364588\/revisions"}],"wp:featuredmedia":[{"embeddable":true,"href":"https:\/\/www.europesays.com\/fr\/wp-json\/wp\/v2\/media\/364589"}],"wp:attachment":[{"href":"https:\/\/www.europesays.com\/fr\/wp-json\/wp\/v2\/media?parent=364588"}],"wp:term":[{"taxonomy":"category","embeddable":true,"href":"https:\/\/www.europesays.com\/fr\/wp-json\/wp\/v2\/categories?post=364588"},{"taxonomy":"post_tag","embeddable":true,"href":"https:\/\/www.europesays.com\/fr\/wp-json\/wp\/v2\/tags?post=364588"}],"curies":[{"name":"wp","href":"https:\/\/api.w.org\/{rel}","templated":true}]}}