{"id":364590,"date":"2025-09-04T01:42:15","date_gmt":"2025-09-04T01:42:15","guid":{"rendered":"https:\/\/www.europesays.com\/fr\/364590\/"},"modified":"2025-09-04T01:42:15","modified_gmt":"2025-09-04T01:42:15","slug":"toulon-le-corps-dun-policier-menotte-retrouve-dans-lanse-magaud","status":"publish","type":"post","link":"https:\/\/www.europesays.com\/fr\/364590\/","title":{"rendered":"Toulon. Le corps d&rsquo;un policier menott\u00e9 retrouv\u00e9 dans l&rsquo;anse Magaud"},"content":{"rendered":"<p>            Par<br \/>\n        <strong><br \/>\n            <a href=\"https:\/\/actu.fr\/auteur\/redaction-apei\" title=\"Consulter tous les articles de Agence de Presse APEI\" rel=\"nofollow noopener\" target=\"_blank\">Agence de Presse APEI<\/a><br \/>\n        <\/strong><\/p>\n<p>        Publi\u00e9 le<\/p>\n<p>            3 sept. 2025 \u00e0 16h28        <\/p>\n<p>La d\u00e9couverte macabre a eu lieu ce mercredi 3\u00a0septembre dans la matin\u00e9e. Le corps sans vie d\u2019un <strong>policier<\/strong>\u00a0a \u00e9t\u00e9 retrouv\u00e9 au niveau de l\u2019anse Magaud \u00e0 <a href=\"https:\/\/actu.fr\/provence-alpes-cote-d-azur\/var_83\" rel=\"nofollow noopener\" target=\"_blank\">Toulon (Var)<\/a> rapporte <a href=\"https:\/\/www.francebleu.fr\/infos\/faits-divers-justice\/le-corps-d-un-homme-menotte-retrouve-flottant-dans-l-anse-magaud-a-toulon-6005470\" rel=\"nofollow noopener\" target=\"_blank\">Ici Azur<\/a>. L\u2019alerte a \u00e9t\u00e9 donn\u00e9e par un promeneur et les policiers se sont imm\u00e9diatement rendus sur place pour r\u00e9aliser les premi\u00e8res constatations.<\/p>\n<p class=\" wall-content\">L\u2019homme, \u00e2g\u00e9 d\u2019une quarantaine d\u2019ann\u00e9es, avait<strong> les mains dans le dos et les pieds entrav\u00e9s.<\/strong><\/p>\n<p>Un policier en poste \u00e0 Paris<\/p>\n<p class=\" wall-content\">Selon les premiers \u00e9l\u00e9ments de l\u2019enqu\u00eate, la victime \u00e9tait en poste \u00e0 <strong>Paris,<\/strong> mais originaire de <strong>Toulon.<\/strong><\/p>\n<p class=\" wall-content\">Sur la plage, une carte de police, un brassard, une arme et une lettre ont \u00e9t\u00e9 retrouv\u00e9s. \u00ab\u2009Tout indique qu\u2019il s\u2019agit d\u2019un suicide\u2009\u00bb commente aupr\u00e8s de nos confr\u00e8res le procureur de la R\u00e9publique de Toulon, Samuel Finielz.<\/p>\n<p class=\" wall-content\">Selon les premi\u00e8res constatations, la victime s\u2019est elle-m\u00eame entrav\u00e9e, puis a saut\u00e9 de la falaise.<\/p>\n<p class=\" wall-content\">Une <strong>enqu\u00eate<\/strong> a \u00e9t\u00e9 ouverte \u00ab\u2009en recherche\u2009\u00bb, pour d\u00e9terminer les causes de la mort et confi\u00e9e \u00e0\u00a0la DIPN 83.<\/p>\n<p>Plus d\u2019informations<a href=\"https:\/\/www.francebleu.fr\/infos\/faits-divers-justice\/le-corps-d-un-homme-menotte-retrouve-flottant-dans-l-anse-magaud-a-toulon-6005470\" rel=\"nofollow noopener\" target=\"_blank\"> ici.<\/a><\/p>\n<p class=\" wall-content\">Personnalisez votre actualit\u00e9 en ajoutant vos villes et m\u00e9dias en favori avec <a href=\"https:\/\/moncompte.actu.fr\" title=\"D\u00e9couvez Mon Actu\" rel=\"nofollow noopener\" data-trk=\"{&quot;cta&quot;:{&quot;action&quot;:&quot;https:\\\/\\\/moncompte.actu.fr&quot;,&quot;category&quot;:&quot;mon compte&quot;,&quot;from&quot;:&quot;article footer&quot;,&quot;name&quot;:&quot;Mon actu&quot;,&quot;type&quot;:&quot;cta&quot;}}\" target=\"_blank\">Mon Actu<\/a>.<\/p>\n","protected":false},"excerpt":{"rendered":"Par Agence de Presse APEI Publi\u00e9 le 3 sept. 2025 \u00e0 16h28 La d\u00e9couverte macabre a eu lieu&hellip;\n","protected":false},"author":2,"featured_media":364591,"comment_status":"","ping_status":"","sticky":false,"template":"","format":"standard","meta":{"footnotes":""},"categories":[9619],"tags":[1111,11,1777,674,118,1011,27,12,1072,882,25,2310],"class_list":{"0":"post-364590","1":"post","2":"type-post","3":"status-publish","4":"format-standard","5":"has-post-thumbnail","7":"category-toulon","8":"tag-actu","9":"tag-actualites","10":"tag-eu","11":"tag-europe","12":"tag-faits-divers","13":"tag-fr","14":"tag-france","15":"tag-news","16":"tag-police","17":"tag-provence-alpes-cote-dazur","18":"tag-republique-francaise","19":"tag-toulon"},"share_on_mastodon":{"url":"https:\/\/pubeurope.com\/@fr\/115143491210230087","error":""},"_links":{"self":[{"href":"https:\/\/www.europesays.com\/fr\/wp-json\/wp\/v2\/posts\/364590","targetHints":{"allow":["GET"]}}],"collection":[{"href":"https:\/\/www.europesays.com\/fr\/wp-json\/wp\/v2\/posts"}],"about":[{"href":"https:\/\/www.europesays.com\/fr\/wp-json\/wp\/v2\/types\/post"}],"author":[{"embeddable":true,"href":"https:\/\/www.europesays.com\/fr\/wp-json\/wp\/v2\/users\/2"}],"replies":[{"embeddable":true,"href":"https:\/\/www.europesays.com\/fr\/wp-json\/wp\/v2\/comments?post=364590"}],"version-history":[{"count":0,"href":"https:\/\/www.europesays.com\/fr\/wp-json\/wp\/v2\/posts\/364590\/revisions"}],"wp:featuredmedia":[{"embeddable":true,"href":"https:\/\/www.europesays.com\/fr\/wp-json\/wp\/v2\/media\/364591"}],"wp:attachment":[{"href":"https:\/\/www.europesays.com\/fr\/wp-json\/wp\/v2\/media?parent=364590"}],"wp:term":[{"taxonomy":"category","embeddable":true,"href":"https:\/\/www.europesays.com\/fr\/wp-json\/wp\/v2\/categories?post=364590"},{"taxonomy":"post_tag","embeddable":true,"href":"https:\/\/www.europesays.com\/fr\/wp-json\/wp\/v2\/tags?post=364590"}],"curies":[{"name":"wp","href":"https:\/\/api.w.org\/{rel}","templated":true}]}}