{"id":364592,"date":"2025-09-04T01:43:25","date_gmt":"2025-09-04T01:43:25","guid":{"rendered":"https:\/\/www.europesays.com\/fr\/364592\/"},"modified":"2025-09-04T01:43:25","modified_gmt":"2025-09-04T01:43:25","slug":"redonner-de-loxygene-pharmacology-un-nouveau-reseau-ne-pres-de-montpellier-veut-reinventer-la-pharmacie-independante-en-france","status":"publish","type":"post","link":"https:\/\/www.europesays.com\/fr\/364592\/","title":{"rendered":"\u00ab\u00a0Redonner de l\u2019oxyg\u00e8ne\u00a0\u00bb\u00a0: Pharmacology, un nouveau r\u00e9seau n\u00e9 pr\u00e8s de Montpellier veut r\u00e9inventer la pharmacie ind\u00e9pendante en France"},"content":{"rendered":"<p>\n                                                                Le groupe bas\u00e9 \u00e0 P\u00e9rols ouvre sa seconde adresse au quartier du Mas Drevon \u00e0 Montpellier. L\u2019objectif est de mailler le territoire national en d\u00e9but d\u2019ann\u00e9e 2026 avec pr\u00e8s d\u2019une cinquantaine d\u2019adresses.\n                            <\/p>\n<p>Lanc\u00e9 en 2016 par Bertrand Pag\u00e8s et J\u00e9r\u00f4me Escojido, deux jeunes pharmaciens, le groupement national\u00a0de pharmacies M\u00e9diprix (250 implantations, 1\u00a0milliard d\u2019euros de chiffre d\u2019affaires), bas\u00e9 \u00e0 P\u00e9rols, lance une nouvelle enseigne, baptis\u00e9e Pharmacology. Son ambition\u00a0: \u00ab\u00a0Redonner de l\u2019oxyg\u00e8ne aux pharmaciens ind\u00e9pendants\u00a0en\u00a0les accompagnant dans la gestion quotidienne\u00a0\u00bb, pour reprendre l\u2019expression de Dorian Barberan, cofondateur de l\u2019enseigne.<\/p>\n<p>L\u2019ambition est n\u00e9e d\u2019un constat\u00a0: les pharmacies croulent\u00a0aujourd\u2019hui sous des responsabilit\u00e9s qui les \u00e9loignent de leur c\u0153ur de m\u00e9tier, \u00e0 savoir le service et le conseil aupr\u00e8s de leurs patients. En d\u00e9veloppant\u00a0ce nouveau concept, les trois associ\u00e9s entendent replacer le pharmacien dans son r\u00f4le initial.<\/p>\n<p>\u00ab\u00a0Redonner de l\u2019oxyg\u00e8ne aux pharmaciens\u00a0\u00bb<\/p>\n<p>\u00ab\u00a0En voulant redonner de l\u2019oxyg\u00e8ne aux titulaires qui portent la pharmacie fran\u00e7aise, nous souhaitons les all\u00e9ger de ce qui a fini par les alourdir au fil du temps, explique Dorian Barberan. \u00c0 savoir la baisse de marge sur le m\u00e9dicament, l\u2019acc\u00e9l\u00e9ration des nouvelles missions, la surcharge administrative\u00a0\u00bb.<\/p>\n<p>Autant de sujets \u00ab\u00a0que nous avons \u00e0 c\u0153ur de traiter avec la nouvelle enseigne Pharmacology, afin de permettre aux pharmaciens de reprendre le contr\u00f4le de leur officine et de se recentrer sur leur mission principale, qui est le patient, le comptoir\u00a0\u00bb.<\/p>\n<p>\u00ab\u00a0Des outils pour gagner du temps\u00a0\u00bb<\/p>\n<p>Premi\u00e8re officine \u00e0 passer sous l\u2019enseigne Pharmacology, celle de P\u00e9rols. \u00ab\u00a0J\u2019ai aim\u00e9 la vision du groupement, explique Emilie de Swarte, pharmacienne, pour justifier son choix de rallier Pharmacology. Il\u00a0nous aide \u00e0 recentrer notre activit\u00e9 sur le comptoir, en mettant \u00e0 notre disposition\u00a0les outils pour gagner du temps\u00a0\u00bb. D\u2019autant qu\u2019avec \u00ab\u00a0nos nouvelles missions, notre quotidien devient assez chronophage\u00a0\u00bb.<\/p>\n<p>        <img decoding=\"async\" class=\"std-img__img responsive-img\" src=\"https:\/\/www.europesays.com\/fr\/wp-content\/uploads\/2025\/09\/1756950205_228_image.jpg\" alt=\"Bertrand Pag\u00e8s, Dorian Barberan et J\u00e9r\u00f4me Escojido, les fondateurs du nouveau r\u00e9seau de pharmacies Pharmacology.\"\/><\/p>\n<p>                Bertrand Pag\u00e8s, Dorian Barberan et J\u00e9r\u00f4me Escojido, les fondateurs du nouveau r\u00e9seau de pharmacies Pharmacology.<\/p>\n<p>Apr\u00e8s P\u00e9rols, une seconde adresse du nouveau r\u00e9seau a vu le jour, quartier du Mas Drevon. \u00ab\u00a0Aujourd\u2019hui, nous avons sign\u00e9 pour une quinzaine d\u2019implantations en France, assure Dorian Barberan. Nous visons, au 1er\u00a0janvier 2026, entre 40 et 50 officines au total\u00a0\u00bb. Le d\u00e9veloppement est ambitieux, car il table sur un r\u00e9seau compos\u00e9, d\u2019ici 4 ans, de 300 adresses au total.<\/p>\n<p>Pharmacology \u00ab\u00a0vise 15\u00a0000 pharmacies ind\u00e9pendantes\u00a0\u00bb<\/p>\n<p>\u00ab\u00a0Aujourd\u2019hui, en France, il y a environ 20\u00a0000 pharmacies ind\u00e9pendantes, poursuit ce dernier. On compte environ 5\u00a0000 grandes pharmacies de commercialit\u00e9. Ce sont elles qui sont vis\u00e9es par le concept d\u00e9velopp\u00e9 depuis plusieurs ann\u00e9es par M\u00e9diprix. Avec Pharmacology, on s\u2019adresse au 15\u00a0000 restantes\u00a0\u00bb.<\/p>\n<p>Cofondateur du groupement, Bertrand Pag\u00e8s explique ainsi la strat\u00e9gie qui sous-tend le lancement de Pharmacology. \u00ab\u00a0Nous avons fait le choix de ne pas acqu\u00e9rir de groupements existants, car l\u2019ADN de Pharmacology, comme sur M\u00e9diprix, c\u2019est de consolider un groupement de pharmaciens engag\u00e9s, solidaires et ind\u00e9pendants, qui partagent notre ADN et nos valeurs\u00a0\u00bb.<\/p>\n<p>\u00ab\u00a0Les pharmaciens restent ind\u00e9pendants\u00a0\u00bb<\/p>\n<p>Avec Pharmacology, les pharmaciens qui rejoignent ce nouveau r\u00e9seau \u00ab\u00a0restent ind\u00e9pendants et libres jusqu\u2019au bout\u00a0\u00bb. La raison \u00ab\u00a0pour laquelle ils ne s\u2019engagent pas sur une dur\u00e9e\u00a0\u00bb. Eux dont les missions s\u2019\u00e9tendent chaque jour un peu plus, entre vaccination, d\u00e9pistages, parcours de soins, notamment, s\u2019appuient sur tout ce qui est \u00ab\u00a0derri\u00e8re le\u00a0comptoir\u00a0\u00bb.<\/p>\n<p>\u00ab\u00a0Nous souhaitons offrir aux pharmaciens de construire la pharmacie de demain, notamment en int\u00e9grant l\u2019IA dans les process de gestion\u00a0\u00bb, insiste J\u00e9r\u00f4me Escojido, cofondateur de M\u00e9diprix. \u00ab\u00a0Pharmacology sera sur un positionnement de services et de proximit\u00e9\u00a0\u00bb. Avec la force de frappe commerciale de son groupement, il apporte \u00e9galement \u00e0 des pharmaciens dont les bilans financiers sont parfois fragiles, des conditions commerciales \u00ab\u00a0indispensables \u00e0 la performance \u00e9conomique\u00a0\u00bb.<\/p>\n","protected":false},"excerpt":{"rendered":"Le groupe bas\u00e9 \u00e0 P\u00e9rols ouvre sa seconde adresse au quartier du Mas Drevon \u00e0 Montpellier. L\u2019objectif est&hellip;\n","protected":false},"author":2,"featured_media":364593,"comment_status":"","ping_status":"","sticky":false,"template":"","format":"standard","meta":{"footnotes":""},"categories":[9599],"tags":[1111,11,1777,674,1011,27,2208,12,2680,25],"class_list":{"0":"post-364592","1":"post","2":"type-post","3":"status-publish","4":"format-standard","5":"has-post-thumbnail","7":"category-montpellier","8":"tag-actu","9":"tag-actualites","10":"tag-eu","11":"tag-europe","12":"tag-fr","13":"tag-france","14":"tag-montpellier","15":"tag-news","16":"tag-occitanie","17":"tag-republique-francaise"},"share_on_mastodon":{"url":"https:\/\/pubeurope.com\/@fr\/115143495078521714","error":""},"_links":{"self":[{"href":"https:\/\/www.europesays.com\/fr\/wp-json\/wp\/v2\/posts\/364592","targetHints":{"allow":["GET"]}}],"collection":[{"href":"https:\/\/www.europesays.com\/fr\/wp-json\/wp\/v2\/posts"}],"about":[{"href":"https:\/\/www.europesays.com\/fr\/wp-json\/wp\/v2\/types\/post"}],"author":[{"embeddable":true,"href":"https:\/\/www.europesays.com\/fr\/wp-json\/wp\/v2\/users\/2"}],"replies":[{"embeddable":true,"href":"https:\/\/www.europesays.com\/fr\/wp-json\/wp\/v2\/comments?post=364592"}],"version-history":[{"count":0,"href":"https:\/\/www.europesays.com\/fr\/wp-json\/wp\/v2\/posts\/364592\/revisions"}],"wp:featuredmedia":[{"embeddable":true,"href":"https:\/\/www.europesays.com\/fr\/wp-json\/wp\/v2\/media\/364593"}],"wp:attachment":[{"href":"https:\/\/www.europesays.com\/fr\/wp-json\/wp\/v2\/media?parent=364592"}],"wp:term":[{"taxonomy":"category","embeddable":true,"href":"https:\/\/www.europesays.com\/fr\/wp-json\/wp\/v2\/categories?post=364592"},{"taxonomy":"post_tag","embeddable":true,"href":"https:\/\/www.europesays.com\/fr\/wp-json\/wp\/v2\/tags?post=364592"}],"curies":[{"name":"wp","href":"https:\/\/api.w.org\/{rel}","templated":true}]}}