{"id":364594,"date":"2025-09-04T01:44:18","date_gmt":"2025-09-04T01:44:18","guid":{"rendered":"https:\/\/www.europesays.com\/fr\/364594\/"},"modified":"2025-09-04T01:44:18","modified_gmt":"2025-09-04T01:44:18","slug":"carole-drucker-godard-detaille-les-priorites-de-lacademie-de-montpellier","status":"publish","type":"post","link":"https:\/\/www.europesays.com\/fr\/364594\/","title":{"rendered":"Carole Drucker-Godard d\u00e9taille les priorit\u00e9s de l\u2019Acad\u00e9mie de Montpellier"},"content":{"rendered":"<p>C\u2019est la rentr\u00e9e pour les \u00e9coliers, coll\u00e9giens, lyc\u00e9ens et enseignants, de Toulouse \u00e0 Montpellier. <strong>Carole Drucker-Godard<\/strong>, rectrice de la r\u00e9gion acad\u00e9mique de l\u2019Occitanie et rectrice de l\u2019acad\u00e9mie de Montpellier depuis mars 2025, d\u00e9taille les <strong>grands axes de cette rentr\u00e9e<\/strong> <strong>2025 <\/strong>et les nouveaut\u00e9s mises en place pour accompagner \u00e9l\u00e8ves et personnels.<\/p>\n<p>S\u00e9curit\u00e9 et sant\u00e9 mentale au c\u0153ur des priorit\u00e9s<\/p>\n<p>\u201cLa s\u00e9curit\u00e9 des \u00e9l\u00e8ves et du personnel reste notre priorit\u00e9 nationale\u201d, affirme la rectrice. Mais la rentr\u00e9e 2025 se distingue par un accent particulier sur la sant\u00e9, notamment la <strong>sant\u00e9 mentale<\/strong>. Un protocole sp\u00e9cifique sera mis en place dans les \u00e9coles, coll\u00e8ges et lyc\u00e9es pour d\u00e9tecter pr\u00e9cocement les \u00e9l\u00e8ves en difficult\u00e9 psychologique. Certains personnels b\u00e9n\u00e9ficieront d\u2019une formation sp\u00e9cifique, et des collaborations sont pr\u00e9vues avec des <strong>p\u00e9dopsychiatres du CHU de Montpellier<\/strong> afin de traiter ces probl\u00e9matiques avec les sp\u00e9cialistes du territoire. Le <strong>sport-sant\u00e9<\/strong> sera \u00e9galement encourag\u00e9 pour promouvoir le <strong>bien-\u00eatre g\u00e9n\u00e9ral<\/strong>.<\/p>\n<p>R\u00e9ussite scolaire et suivi personnalis\u00e9<\/p>\n<p>Au minist\u00e8re de l&rsquo;\u00c9ducation nationale et dans toutes les acad\u00e9mies, on poursuit le travail sur les <strong>savoirs fondamentaux<\/strong>, avec, pour cette rentr\u00e9e 2025, de <strong>nouveaux programmes en fran\u00e7ais et en math\u00e9matiques<\/strong>, de la maternelle \u00e0 la 6e. Les \u00e9valuations en classe de 5e, d\u00e9sormais obligatoires, permettront d\u2019analyser finement les besoins de chaque \u00e9l\u00e8ve et d\u2019adapter l\u2019accompagnement. Les principaux de coll\u00e8ges, soutenus par les DASEN et les inspecteurs du second degr\u00e9, pourront \u00e9laborer des <strong>strat\u00e9gies p\u00e9dagogiques personnalis\u00e9es<\/strong> : groupes de besoins en classes de 5e et 4e, <strong>stages de r\u00e9ussite<\/strong> en 3e et suivi renforc\u00e9 pour accompagner les \u00e9l\u00e8ves jusqu\u2019\u00e0 l\u2019obtention de leur premier dipl\u00f4me.<\/p>\n<p>R\u00e9duire les in\u00e9galit\u00e9s territoriales<\/p>\n<p>L\u2019Occitanie se caract\u00e9rise par sa <strong>diversit\u00e9<\/strong>, entre zones rurales isol\u00e9es et zones urbaines denses. \u201cL\u2019\u00e9quit\u00e9 territoriale est une de mes pr\u00e9occupations majeures\u201d, explique Carole Drucker-Godard. Des <strong>observatoires de la ruralit\u00e9<\/strong>, pilot\u00e9s par les DASEN et les pr\u00e9fets, permettent d\u2019anticiper depuis 2023 la d\u00e9mographie scolaire, les besoins de transport et l\u2019organisation des \u00e9coles dans l\u2019ensemble de la r\u00e9gion acad\u00e9mique. L\u2019objectif est de <strong>maintenir un maillage p\u00e9dagogique efficace<\/strong> sur l\u2019ensemble du territoire, tout en r\u00e9fl\u00e9chissant \u00e0 de nouvelles solutions pour les communes rurales comme Mende ou les grandes villes comme Montpellier.<\/p>\n<p>Une rentr\u00e9e sereine mais attentive aux d\u00e9fis<\/p>\n<p>La rentr\u00e9e 2025 se d\u00e9roule sereinement, souligne la rectrice. Sur le plan des ressources humaines, le nombre de laur\u00e9ats aux concours correspond \u00e0 celui des postes ouverts. Enfin, malgr\u00e9 une rentr\u00e9e politique incertaine, \u201cl\u2019\u00e9ducation nationale, les personnels \u00e9ducatifs et enseignants, devons faire bloc pour offrir \u00e0 nos \u00e9l\u00e8ves les meilleures conditions d\u2019apprentissage\u00a0\u00bb, conclut-elle.<\/p>\n<p>Une rentr\u00e9e qui s\u2019annonce donc r\u00e9solument tourn\u00e9e vers l\u2019accompagnement global des \u00e9l\u00e8ves, la r\u00e9ussite scolaire, la sant\u00e9 mentale et l\u2019\u00e9quit\u00e9 territoriale, dans une r\u00e9gion acad\u00e9mique <strong>attentive \u00e0 chacun de ses \u00e9l\u00e8ves et territoires<\/strong>.<\/p>\n","protected":false},"excerpt":{"rendered":"C\u2019est la rentr\u00e9e pour les \u00e9coliers, coll\u00e9giens, lyc\u00e9ens et enseignants, de Toulouse \u00e0 Montpellier. Carole Drucker-Godard, rectrice de&hellip;\n","protected":false},"author":2,"featured_media":364595,"comment_status":"","ping_status":"","sticky":false,"template":"","format":"standard","meta":{"footnotes":""},"categories":[9599],"tags":[1111,11,1777,674,1011,27,2208,12,2680,25],"class_list":{"0":"post-364594","1":"post","2":"type-post","3":"status-publish","4":"format-standard","5":"has-post-thumbnail","7":"category-montpellier","8":"tag-actu","9":"tag-actualites","10":"tag-eu","11":"tag-europe","12":"tag-fr","13":"tag-france","14":"tag-montpellier","15":"tag-news","16":"tag-occitanie","17":"tag-republique-francaise"},"share_on_mastodon":{"url":"https:\/\/pubeurope.com\/@fr\/115143498937685344","error":""},"_links":{"self":[{"href":"https:\/\/www.europesays.com\/fr\/wp-json\/wp\/v2\/posts\/364594","targetHints":{"allow":["GET"]}}],"collection":[{"href":"https:\/\/www.europesays.com\/fr\/wp-json\/wp\/v2\/posts"}],"about":[{"href":"https:\/\/www.europesays.com\/fr\/wp-json\/wp\/v2\/types\/post"}],"author":[{"embeddable":true,"href":"https:\/\/www.europesays.com\/fr\/wp-json\/wp\/v2\/users\/2"}],"replies":[{"embeddable":true,"href":"https:\/\/www.europesays.com\/fr\/wp-json\/wp\/v2\/comments?post=364594"}],"version-history":[{"count":0,"href":"https:\/\/www.europesays.com\/fr\/wp-json\/wp\/v2\/posts\/364594\/revisions"}],"wp:featuredmedia":[{"embeddable":true,"href":"https:\/\/www.europesays.com\/fr\/wp-json\/wp\/v2\/media\/364595"}],"wp:attachment":[{"href":"https:\/\/www.europesays.com\/fr\/wp-json\/wp\/v2\/media?parent=364594"}],"wp:term":[{"taxonomy":"category","embeddable":true,"href":"https:\/\/www.europesays.com\/fr\/wp-json\/wp\/v2\/categories?post=364594"},{"taxonomy":"post_tag","embeddable":true,"href":"https:\/\/www.europesays.com\/fr\/wp-json\/wp\/v2\/tags?post=364594"}],"curies":[{"name":"wp","href":"https:\/\/api.w.org\/{rel}","templated":true}]}}