{"id":364596,"date":"2025-09-04T01:48:45","date_gmt":"2025-09-04T01:48:45","guid":{"rendered":"https:\/\/www.europesays.com\/fr\/364596\/"},"modified":"2025-09-04T01:48:45","modified_gmt":"2025-09-04T01:48:45","slug":"dans-ce-college-de-lisere-enseignants-et-personnel-entrent-en-greve-illimitee-et-reclament-le-recrutement-dun-surveillant","status":"publish","type":"post","link":"https:\/\/www.europesays.com\/fr\/364596\/","title":{"rendered":"dans ce coll\u00e8ge de l&rsquo;Is\u00e8re, enseignants et personnel entrent en gr\u00e8ve illimit\u00e9e et r\u00e9clament le recrutement d&rsquo;un surveillant"},"content":{"rendered":"<p class=\"article__intro\">\u00c0 partir de ce mardi 2 septembre, les enseignants et le personnel de la vie scolaire du coll\u00e8ge Le Massegu \u00e0 Vif, en Is\u00e8re, entrent en gr\u00e8ve illimit\u00e9e. Ils r\u00e9clament un assistant d\u2019\u00e9ducation suppl\u00e9mentaire pour maintenir \u00ab\u00a0un climat digne de ce nom\u00a0\u00bb au sein du coll\u00e8ge. En dix ans, le nombre d\u2019\u00e9l\u00e8ves n\u2019a cess\u00e9 d\u2019augmenter et aucun recrutement n\u2019a eu lieu.<\/p>\n<p>\n      L\u2019actu des r\u00e9gions\n    <\/p>\n<p>\n      Chaque jour, un tour d\u2019horizon des principales infos de toutes les r\u00e9gions.\n    <\/p>\n<p>    France T\u00e9l\u00e9visions utilise votre adresse e-mail afin de vous envoyer la newsletter \u00ab\u00a0L\u2019actu des r\u00e9gions\u00a0\u00bb. Vous pouvez vous d\u00e9sinscrire \u00e0 tout moment via le lien en bas de cette newsletter. <a target=\"_blank\" href=\"https:\/\/www.francetelevisions.fr\/groupe\/confidentialite\/politique-de-confidentialite\/politique-de-confidentialite-de-france-televisions-6503\" rel=\"nofollow noopener\">Notre politique de confidentialit\u00e9<\/a><\/p>\n<p>Les \u00e9l\u00e8ves de 5\u00e8me, 4\u00e8me et 3\u00e8me du coll\u00e8ge de Vif auront, cette ann\u00e9e, une rentr\u00e9e scolaire diff\u00e9r\u00e9e. Si les enseignants et le personnel de vie scolaire ont assur\u00e9 la rentr\u00e9e des classes ce lundi 1er septembre pour les \u00e9l\u00e8ves de 6\u00e8me, ce 2 septembre, ils entament une gr\u00e8ve illimit\u00e9e. Le motif :\u00a0\u00bbpas d\u2019AED (Assistant d\u2019Education), pas de rentr\u00e9e\u00a0\u00bb.\u00a0<\/p>\n<p>Ils r\u00e9clament le recrutement d\u2019un assistant d\u2019\u00e9ducation alors que le nombre d\u2019\u00e9l\u00e8ves ne cesse d\u2019augmenter dans ce coll\u00e8ge depuis dix ans.\u00a0<\/p>\n<p>\u00ab\u00a0On d\u00e9passe cette ann\u00e9e la barre des 700 \u00e9l\u00e8ves\u00a0\u00bb, nous dit Marion Boissard, la CPE du coll\u00e8ge Le Massegu \u00e0 Vif, \u00ab\u00a0et on maintient une dotation qui existe depuis 2016\u00a0\u00bb.\u00a0<\/p>\n<p>575 \u00e9l\u00e8ves \u00e9taient scolaris\u00e9s en 2015 et 704 le sont aujourd\u2019hui en 2025 pour le m\u00eame nombre de surveillants. Selon eux, ce manque de personnel met en p\u00e9ril la s\u00e9curit\u00e9 au sein du coll\u00e8ge.<\/p>\n<p>\u00ab\u00a0On doit surveiller \u00e9norm\u00e9ment d\u2019\u00e9l\u00e8ves avec tr\u00e8s peu de personnes, il y a plusieurs espaces dans l\u2019\u00e9tablissement, il y a les ouvertures de portail \u00e0 faire plusieurs fois par jour, par matin\u00e9e et par apr\u00e8s-midi. On doit prendre en charge 70 \u00e9l\u00e8ves en m\u00eame temps dans une salle d\u2019\u00e9tude, dans la cour, il y a un seul surveillant pour 500 \u00e9l\u00e8ves quand les autres sont \u00e0 la cantine,\u00a0\u00bb d\u00e9plore Marion Boissard, la CPE du coll\u00e8ge. \u00ab\u00a0\u00c7a devient dangereux\u00a0\u00bb, ajoute-t-elle.\u00a0<\/p>\n<p>\n<a data-article-figure=\"\" href=\"https:\/\/france3-regions.franceinfo.fr\/image\/5noTMA01Ngg3pm6TFU0yTzLzInA\/1920x1080\/regions\/2025\/09\/02\/ftvhd-2329-00-00-02-21-68b6b485636ca800545521.jpg\" data-pswp-width=\"1920\" data-pswp-height=\"1080\" target=\"_blank\" rel=\"nofollow noopener\"><\/p>\n<p>          <img width=\"600\" height=\"400\" class=\"article-image lazy\" data-src=\"https:\/\/www.europesays.com\/fr\/wp-content\/uploads\/2025\/09\/ftvhd-2329-00-00-02-21-68b6b485636ca800545521.jpg\" alt=\"Les enseignants et le personnel de la vie scolaire r\u00e9clament le recrutement d'un AED - 2 septembre 2025\" fetchpriority=\"high\" as=\"image\"\/><\/p>\n<p>\n            Les enseignants et le personnel de la vie scolaire r\u00e9clament le recrutement d&rsquo;un AED &#8211; 2 septembre 2025<br \/>\n                           \u2022<br \/>\n                                      \u00a9 France TV\n                      <\/p>\n<p><\/a><\/p>\n<p>Depuis 10 ans, ce sont les enseignants et les autres adultes de l\u2019\u00e9tablissement qui assurent les t\u00e2ches de surveillance pour \u00ab\u00a0maintenir un climat scolaire digne de ce nom,\u00a0\u00bb disent-ils.<\/p>\n<p>\u00ab\u00a0On r\u00e9cup\u00e8re les enfants apr\u00e8s la pause de midi dans des situations o\u00f9 il faut qu\u2019on les g\u00e8re, il y a eu des bagarres, des disputes, il y a eu du harc\u00e8lement, il y a des probl\u00e8mes dans les toilettes. Ils ne sont pas en condition pour apprendre, donc on est oblig\u00e9s de faire un temps de pause pour r\u00e9gler les probl\u00e8mes,\u00a0\u00bb regrette Marie Beck, enseignante de SVT au coll\u00e8ge.<\/p>\n<p>Car la mission de l\u2019AED va bien au-del\u00e0 de la surveillance.<\/p>\n<p>\u00ab\u00a0Nous, on a un r\u00e9el contact avec les gamins, si on prend notre r\u00f4le \u00e0 c\u0153ur, on fait un travail d\u2019\u00e9ducateur. On conna\u00eet tr\u00e8s bien les enfants, tous. On les voit toute la journ\u00e9e, on les conna\u00eet par c\u0153ur. \u00c7a permet de cr\u00e9er un lien avec les \u00e9l\u00e8ves. On discute \u00e9norm\u00e9ment avec les enfants, \u00e7a permet d\u2019identifier certains probl\u00e8mes que des profs n\u2019auront pas pu identifier, on a un r\u00e9el lien avec les enfants\u00a0\u00bb, pr\u00e9cise Matthias Burg, AED depuis trois ans au sein du coll\u00e8ge.<\/p>\n<p>Pour la rentr\u00e9e 2025, l\u2019acad\u00e9mie de Grenoble a mis en place des brigades de vie scolaire compos\u00e9es d\u2019un CPE et de deux AED d\u00e9di\u00e9s pour tourner dans les diff\u00e9rents \u00e9tablissements du d\u00e9partement. \u00ab\u00a0Mais nous, on a besoin d\u2019AED \u00e0 temps plein qui connaissent les \u00e9l\u00e8ves et leur probl\u00e8me\u00a0\u00bb, insiste Marie Beck.\u00a0<\/p>\n<p>Le directeur acad\u00e9mique ira \u00e0 la rencontre du personnel du coll\u00e8ge Le Massegu ce vendredi 5 septembre, \u00ab\u00a0d\u2019ici l\u00e0, la gr\u00e8ve continue,\u00a0\u00bb assurent les professeurs.\u00a0<\/p>\n","protected":false},"excerpt":{"rendered":"\u00c0 partir de ce mardi 2 septembre, les enseignants et le personnel de la vie scolaire du coll\u00e8ge&hellip;\n","protected":false},"author":2,"featured_media":364597,"comment_status":"","ping_status":"","sticky":false,"template":"","format":"standard","meta":{"footnotes":""},"categories":[9566],"tags":[1111,11,2430,1777,674,1011,27,2731,12,25],"class_list":{"0":"post-364596","1":"post","2":"type-post","3":"status-publish","4":"format-standard","5":"has-post-thumbnail","7":"category-grenoble","8":"tag-actu","9":"tag-actualites","10":"tag-auvergne-rhone-alpes","11":"tag-eu","12":"tag-europe","13":"tag-fr","14":"tag-france","15":"tag-grenoble","16":"tag-news","17":"tag-republique-francaise"},"share_on_mastodon":{"url":"https:\/\/pubeurope.com\/@fr\/115143514702301884","error":""},"_links":{"self":[{"href":"https:\/\/www.europesays.com\/fr\/wp-json\/wp\/v2\/posts\/364596","targetHints":{"allow":["GET"]}}],"collection":[{"href":"https:\/\/www.europesays.com\/fr\/wp-json\/wp\/v2\/posts"}],"about":[{"href":"https:\/\/www.europesays.com\/fr\/wp-json\/wp\/v2\/types\/post"}],"author":[{"embeddable":true,"href":"https:\/\/www.europesays.com\/fr\/wp-json\/wp\/v2\/users\/2"}],"replies":[{"embeddable":true,"href":"https:\/\/www.europesays.com\/fr\/wp-json\/wp\/v2\/comments?post=364596"}],"version-history":[{"count":0,"href":"https:\/\/www.europesays.com\/fr\/wp-json\/wp\/v2\/posts\/364596\/revisions"}],"wp:featuredmedia":[{"embeddable":true,"href":"https:\/\/www.europesays.com\/fr\/wp-json\/wp\/v2\/media\/364597"}],"wp:attachment":[{"href":"https:\/\/www.europesays.com\/fr\/wp-json\/wp\/v2\/media?parent=364596"}],"wp:term":[{"taxonomy":"category","embeddable":true,"href":"https:\/\/www.europesays.com\/fr\/wp-json\/wp\/v2\/categories?post=364596"},{"taxonomy":"post_tag","embeddable":true,"href":"https:\/\/www.europesays.com\/fr\/wp-json\/wp\/v2\/tags?post=364596"}],"curies":[{"name":"wp","href":"https:\/\/api.w.org\/{rel}","templated":true}]}}