{"id":364602,"date":"2025-09-04T01:54:15","date_gmt":"2025-09-04T01:54:15","guid":{"rendered":"https:\/\/www.europesays.com\/fr\/364602\/"},"modified":"2025-09-04T01:54:15","modified_gmt":"2025-09-04T01:54:15","slug":"des-cochons-prioritaires-sur-les-malades-du-cancer-a-strasbourg","status":"publish","type":"post","link":"https:\/\/www.europesays.com\/fr\/364602\/","title":{"rendered":"Des cochons prioritaires sur les malades du cancer \u00e0 Strasbourg\u00a0?"},"content":{"rendered":"<p class=\"paragraph text_align_left lp-f-body-02\">Une quarantaine de rendez-vous pr\u00e9vus avec des patients atteints de cancers auraient-ils \u00e9t\u00e9 supprim\u00e9s \u00e0 la derni\u00e8re minute faute de personnel suffisant aux H\u00f4pitaux Universitaires de Strasbourg (<a href=\"https:\/\/www.leparisien.fr\/bas-rhin-67\/\" target=\"_blank\" rel=\"noreferrer noopener\">Bas-Rhin<\/a>) ? Des manipulateurs radio auraient-ils \u00e9t\u00e9 utilis\u00e9s en r\u00e9alit\u00e9 pour encadrer des <a href=\"https:\/\/www.leparisien.fr\/sciences\/peut-on-se-passer-des-experiences-sur-les-animaux-dans-la-recherche-scientifique-12-02-2022-27QTXLHWFFEMFFDITGJ2MW2464.php\" target=\"_blank\" rel=\"noreferrer noopener\">recherches m\u00e9dicales sur les porcs<\/a> pour le compte d\u2019entreprises priv\u00e9es ?<\/p>\n<p class=\"paragraph text_align_left lp-f-body-02\">L\u2019Inspection G\u00e9n\u00e9rale des Affaires Sociales (Igas) et l\u2019Inspection g\u00e9n\u00e9rale de l\u2019\u00e9ducation, du sport et de la recherche (Igers) vont essayer de r\u00e9pondre \u00e0 ces questions et s\u2019emparent d\u00e9sormais de ce qui pourrait ressembler \u00e0 un scandale sanitaire.<\/p>\n<p class=\"paragraph text_align_left lp-f-body-02\">Depuis quelques jours, ces inspecteurs des affaires sociales et de l\u2019\u00e9ducation encouragent les patients des Instituts H\u00f4pitaux Universitaires de Strasbourg (IHU) \u00e0 remplir un questionnaire en ligne. \u00ab La seule question qui prime est de savoir si ces malades ont vu leurs consultations d\u00e9programm\u00e9es \u00bb, t\u00e9moigne Gabriel Weisser.<\/p>\n<p class=\"paragraph text_align_left lp-f-body-02\">Celui qui se pr\u00e9sente comme un \u00ab lanceur d\u2019alerte \u00bb a \u00e9t\u00e9 le premier \u00e0 signaler l\u2019annulation d\u2019un rendez-vous m\u00e9dical pour un membre de sa famille atteint d\u2019un cancer du c\u00f4lon m\u00e9tastas\u00e9 pr\u00e9vu le 25 mars dernier. \u00ab Ce proche a \u00e9t\u00e9 appel\u00e9 par le centre d\u2019imagerie m\u00e9dicale des IHU pour le pr\u00e9venir 4 jours avant qu\u2019il manquait du personnel \u00bb, raconte Gabriel Weisser. \u00c0 l\u2019instar de cet homme, des dizaines de patients auraient vu leurs rendez-vous d\u00e9programm\u00e9s en mars et avril dernier.<\/p>\n<p>\u00ab C\u2019est un scandale car on joue avec la sant\u00e9 des patients \u00bb<\/p>\n<p class=\"paragraph text_align_left lp-f-body-02\">L\u00e0 o\u00f9 cette histoire prend un tout autre tournant c\u2019est que le soi-disant personnel absent aurait en r\u00e9alit\u00e9 \u00e9t\u00e9 mobilis\u00e9 pour assister \u00e0 des recherches sur des cochons men\u00e9s par la plate-forme exp\u00e9rimentale pour les animaux de l\u2019IHU, reconnue \u00e0 l\u2019international. \u00ab Il est prouv\u00e9 que ces exp\u00e9rimentations sur les porcs rapportent de l\u2019argent contrairement aux rendez-vous avec les malades canc\u00e9reux. C\u2019est un scandale car on joue avec la sant\u00e9 des patients \u00bb se d\u00e9sole Gabriel Weisser.<\/p>\n<p class=\"paragraph text_align_left lp-f-body-02\">L\u2019Igas et l\u2019Igesr rendront ses conclusions \u00e0 la fin du mois de septembre. Contact\u00e9e, la direction de l\u2019IHU n\u2019a pas voulu r\u00e9pondre.<\/p>\n","protected":false},"excerpt":{"rendered":"Une quarantaine de rendez-vous pr\u00e9vus avec des patients atteints de cancers auraient-ils \u00e9t\u00e9 supprim\u00e9s \u00e0 la derni\u00e8re minute&hellip;\n","protected":false},"author":2,"featured_media":364603,"comment_status":"","ping_status":"","sticky":false,"template":"","format":"standard","meta":{"footnotes":""},"categories":[2820],"tags":[1111,917,11,19468,459,1777,674,1011,27,775,12,25,104,640],"class_list":{"0":"post-364602","1":"post","2":"type-post","3":"status-publish","4":"format-standard","5":"has-post-thumbnail","7":"category-strasbourg","8":"tag-actu","9":"tag-actu-locale","10":"tag-actualites","11":"tag-bas-rhin-67","12":"tag-departements-horsidfo","13":"tag-eu","14":"tag-europe","15":"tag-fr","16":"tag-france","17":"tag-grand-est","18":"tag-news","19":"tag-republique-francaise","20":"tag-societe","21":"tag-strasbourg"},"share_on_mastodon":{"url":"https:\/\/pubeurope.com\/@fr\/115143538385224758","error":""},"_links":{"self":[{"href":"https:\/\/www.europesays.com\/fr\/wp-json\/wp\/v2\/posts\/364602","targetHints":{"allow":["GET"]}}],"collection":[{"href":"https:\/\/www.europesays.com\/fr\/wp-json\/wp\/v2\/posts"}],"about":[{"href":"https:\/\/www.europesays.com\/fr\/wp-json\/wp\/v2\/types\/post"}],"author":[{"embeddable":true,"href":"https:\/\/www.europesays.com\/fr\/wp-json\/wp\/v2\/users\/2"}],"replies":[{"embeddable":true,"href":"https:\/\/www.europesays.com\/fr\/wp-json\/wp\/v2\/comments?post=364602"}],"version-history":[{"count":0,"href":"https:\/\/www.europesays.com\/fr\/wp-json\/wp\/v2\/posts\/364602\/revisions"}],"wp:featuredmedia":[{"embeddable":true,"href":"https:\/\/www.europesays.com\/fr\/wp-json\/wp\/v2\/media\/364603"}],"wp:attachment":[{"href":"https:\/\/www.europesays.com\/fr\/wp-json\/wp\/v2\/media?parent=364602"}],"wp:term":[{"taxonomy":"category","embeddable":true,"href":"https:\/\/www.europesays.com\/fr\/wp-json\/wp\/v2\/categories?post=364602"},{"taxonomy":"post_tag","embeddable":true,"href":"https:\/\/www.europesays.com\/fr\/wp-json\/wp\/v2\/tags?post=364602"}],"curies":[{"name":"wp","href":"https:\/\/api.w.org\/{rel}","templated":true}]}}