{"id":364604,"date":"2025-09-04T01:55:13","date_gmt":"2025-09-04T01:55:13","guid":{"rendered":"https:\/\/www.europesays.com\/fr\/364604\/"},"modified":"2025-09-04T01:55:13","modified_gmt":"2025-09-04T01:55:13","slug":"un-policier-renvoye-devant-la-justice","status":"publish","type":"post","link":"https:\/\/www.europesays.com\/fr\/364604\/","title":{"rendered":"un policier renvoy\u00e9 devant la justice"},"content":{"rendered":"<p>Les juges d&rsquo;instruction ont demand\u00e9 cet \u00e9t\u00e9 un renvoi devant la cour criminelle du policier qui avait tu\u00e9 un jeune homme de 24 ans l<a href=\"https:\/\/www.laprovence.com\/actu\/en-direct\/6891530\/refus-dobtemperer-le-conducteur-dun-vehicule-tue-par-le-tir-dun-policier-a-nice.html\" target=\"_blank\" rel=\"nofollow noopener\">ors d&rsquo;un refus d&rsquo;obtemp\u00e9rer en septembre 2022 \u00e0 Nice<\/a>, a-t-on appris mercredi de sources judiciaires. Le policier, qui risque jusqu&rsquo;\u00e0 15 ans de r\u00e9clusion pour violences ayant entra\u00een\u00e9 la mort sans intention de la donner, a fait appel de cette d\u00e9cision. Le 7 septembre 2022, le policier, alors \u00e2g\u00e9 de 23 ans, a tir\u00e9 sur Zied, un jeune homme d\u00e9j\u00e0 condamn\u00e9 plusieurs fois, en particulier pour conduite sans permis et infraction \u00e0 la l\u00e9gislation sur les stup\u00e9fiants, qui circulait \u00e0 bord d&rsquo;une voiture vol\u00e9e.<\/p>\n<p>Le tir a eu lieu apr\u00e8s une course-poursuite et plusieurs chocs entre la voiture de Zied et celle des policiers, mais des images vid\u00e9os, diffus\u00e9es sur les r\u00e9seaux sociaux, ont montr\u00e9 que le policier se trouvait \u00e0 c\u00f4t\u00e9 du v\u00e9hicule quand il a tir\u00e9 et n&rsquo;\u00e9tait donc pas directement menac\u00e9 \u00e0 ce moment-l\u00e0.<\/p>\n<p>Au printemps 2024, le parquet avait requis un non-lieu\u00a0en s&rsquo;appuyant sur une disposition de la loi dite \u00ab\u00a0Cazeneuve\u00a0\u00bb de 2017, qui autorise les forces de l&rsquo;ordre \u00e0 tirer s&rsquo;ils n&rsquo;ont pas d&rsquo;autre moyen pour stopper des conducteurs r\u00e9calcitrants susceptibles de blesser d&rsquo;autres personnes dans leur fuite.<\/p>\n<p>L&rsquo;IGPN, la police des polices, avait pour sa part conclu qu&rsquo;il n&rsquo;y avait pas de danger imm\u00e9diat pour les policiers au moment des tirs et que les conditions justifiant l&rsquo;usage des armes n&rsquo;\u00e9taient pas r\u00e9unies. En outre, les juges d&rsquo;instruction avaient relev\u00e9 que le policier avait vis\u00e9 directement le conducteur, plut\u00f4t que de tirer sur la voiture.<\/p>\n<p>Une dizaine de jours apr\u00e8s le drame, quelque 150 personnes ont particip\u00e9 \u00e0 une marche blanche \u00e0 Nice pour r\u00e9clamer \u00ab\u00a0justice pour Zied\u00a0\u00bb. En r\u00e9action, 300 personnes ont d\u00e9fil\u00e9 deux semaines plus tard quasiment sur le m\u00eame parcours pour soutenir les forces de l&rsquo;ordre.<\/p>\n","protected":false},"excerpt":{"rendered":"Les juges d&rsquo;instruction ont demand\u00e9 cet \u00e9t\u00e9 un renvoi devant la cour criminelle du policier qui avait tu\u00e9&hellip;\n","protected":false},"author":2,"featured_media":364605,"comment_status":"","ping_status":"","sticky":false,"template":"","format":"standard","meta":{"footnotes":""},"categories":[2819],"tags":[17,1111,11,43607,2837,1777,674,1011,27,4933,7826,12,2401,882,14728,16,25,5911],"class_list":{"0":"post-364604","1":"post","2":"type-post","3":"status-publish","4":"format-standard","5":"has-post-thumbnail","7":"category-nice","8":"tag-17","9":"tag-actu","10":"tag-actualites","11":"tag-dobtemperer","12":"tag-dun","13":"tag-eu","14":"tag-europe","15":"tag-fr","16":"tag-france","17":"tag-homme","18":"tag-lors","19":"tag-news","20":"tag-nice","21":"tag-provence-alpes-cote-dazur","22":"tag-refus","23":"tag-region","24":"tag-republique-francaise","25":"tag-tue"},"share_on_mastodon":{"url":"https:\/\/pubeurope.com\/@fr\/115143542246022755","error":""},"_links":{"self":[{"href":"https:\/\/www.europesays.com\/fr\/wp-json\/wp\/v2\/posts\/364604","targetHints":{"allow":["GET"]}}],"collection":[{"href":"https:\/\/www.europesays.com\/fr\/wp-json\/wp\/v2\/posts"}],"about":[{"href":"https:\/\/www.europesays.com\/fr\/wp-json\/wp\/v2\/types\/post"}],"author":[{"embeddable":true,"href":"https:\/\/www.europesays.com\/fr\/wp-json\/wp\/v2\/users\/2"}],"replies":[{"embeddable":true,"href":"https:\/\/www.europesays.com\/fr\/wp-json\/wp\/v2\/comments?post=364604"}],"version-history":[{"count":0,"href":"https:\/\/www.europesays.com\/fr\/wp-json\/wp\/v2\/posts\/364604\/revisions"}],"wp:featuredmedia":[{"embeddable":true,"href":"https:\/\/www.europesays.com\/fr\/wp-json\/wp\/v2\/media\/364605"}],"wp:attachment":[{"href":"https:\/\/www.europesays.com\/fr\/wp-json\/wp\/v2\/media?parent=364604"}],"wp:term":[{"taxonomy":"category","embeddable":true,"href":"https:\/\/www.europesays.com\/fr\/wp-json\/wp\/v2\/categories?post=364604"},{"taxonomy":"post_tag","embeddable":true,"href":"https:\/\/www.europesays.com\/fr\/wp-json\/wp\/v2\/tags?post=364604"}],"curies":[{"name":"wp","href":"https:\/\/api.w.org\/{rel}","templated":true}]}}