{"id":364606,"date":"2025-09-04T01:56:11","date_gmt":"2025-09-04T01:56:11","guid":{"rendered":"https:\/\/www.europesays.com\/fr\/364606\/"},"modified":"2025-09-04T01:56:11","modified_gmt":"2025-09-04T01:56:11","slug":"nice-laccueil-des-enfants-en-situation-de-handicap-une-priorite-de-la-ville","status":"publish","type":"post","link":"https:\/\/www.europesays.com\/fr\/364606\/","title":{"rendered":"NICE : L\u2019accueil des enfants en situation de handicap, une priorit\u00e9 de la Ville"},"content":{"rendered":"<p style=\"text-align: left;\"><strong>Christian Estrosi,\u00a0Maire de Nice, Pr\u00e9sident de la M\u00e9tropole Nice C\u00f4te d\u2019Azur,\u00a0est all\u00e9 \u00e0 la rencontre des \u00e9l\u00e8ves et des personnels municipaux et de l\u2019Education Nationale de l\u2019\u00e9cole\u00a0primaire Rancher pour leur souhaiter une bonne rentr\u00e9e. Il s\u2019est ensuite rendu \u00e0 l\u2019\u00e9cole priv\u00e9e sous contrat Regina Coeli.<\/strong><\/p>\n<p style=\"text-align: left;\">En amont de ces visites, le Maire a tenu un point presse au CSU, dans la salle d\u00e9di\u00e9e \u00e0 la surveillance des \u00e9coles. Il a annonc\u00e9 la pr\u00e9sentation et le lancement dans les prochains jours d\u2019une application, WARY ME, visant \u00e0 renforcer la transmission d\u2019informations au sein des \u00e9coles. Celle-ci vient juste d\u2019\u00eatre valid\u00e9e par la CNIL.<\/p>\n<p style=\"text-align: left;\">Travaux, verdissement des cours, culture, sant\u00e9, sport, inclusion\u2026 dans tous les domaines, la Ville agit pour que les \u00e9l\u00e8ves et les personnels municipaux et de l\u2019Education Nationale travaillent et s\u2019\u00e9panouissent dans les meilleures conditions dans les \u00e9coles de Nice.<\/p>\n<p style=\"text-align: left;\"><strong>Favoriser, pour tous les enfants d\u00e8s le plus jeune \u00e2ge, l\u2019acc\u00e8s\u2026<\/strong><\/p>\n<p style=\"text-align: left;\"><strong>A l\u2019\u00e9ducation <\/strong><\/p>\n<p style=\"text-align: left;\">L\u2019accueil des enfants en situation de handicap est une priorit\u00e9 de la Ville de Nice, aux c\u00f4t\u00e9s de l\u2019Education Nationale. La prise en compte des singularit\u00e9s et des besoins \u00e9ducatifs particuliers des enfants est un droit fondamental.<\/p>\n<p style=\"text-align: left;\">\u2013 Plus de 400 \u00e9l\u00e8ves sont r\u00e9partis dans 32 classes sp\u00e9cialis\u00e9es (ULIS).<\/p>\n<p style=\"text-align: left;\">\u2013 Les enfants peuvent \u00eatre accompagn\u00e9s sur le temps scolaire et pendant la pause m\u00e9ridienne par des AESH (Accompagnants d\u2019El\u00e8ves en Situation de Handicap).<\/p>\n<p style=\"text-align: left;\">\u00a0\u2013 Il existe deux Unit\u00e9s d\u2019Enseignement Externalis\u00e9es pour enfants autistes : une unit\u00e9 maternelle \u00e0 l\u2019\u00e9cole des Orchid\u00e9es et une unit\u00e9 \u00e9l\u00e9mentaire \u00e0 l\u2019\u00e9cole Ste H\u00e9l\u00e8ne. En cette rentr\u00e9e, \u00e0 l\u2019\u00e9cole Th\u00e9r\u00e8se Rom\u00e9o, des r\u00e9am\u00e9nagements ont \u00e9t\u00e9 effectu\u00e9s pour permettre l\u2019ouverture d\u2019une UEMA (Unit\u00e9 d\u2019Enseignement en Maternelle) et d\u2019une classe ULIS : pose de sol souple dans certaines classes, cr\u00e9ation d\u2019un jardinet pour les \u00e9coles mixtes 1 et 2, cr\u00e9ation d\u2019une salle pour les agents.<\/p>\n<p style=\"text-align: left;\">\u2013 Tous les enfants qui en ont besoin b\u00e9n\u00e9ficient de repas adapt\u00e9s \u00e0 leur Projet d\u2019Accueil Individualis\u00e9 (PAI) \u2013 un espace est d\u00e9di\u00e9 \u00e0 la pr\u00e9paration de ces repas \u00e0 la cuisine centrale.<\/p>\n<p style=\"text-align: left;\">\u2013 Une \u00e9quipe sp\u00e9cialis\u00e9e de la direction Enfance et Jeunesse, \u00ab Les Coccinelles \u00bb, s\u2019occupent des enfants en situation de handicap dans les accueils de loisirs municipaux.<\/p>\n<p style=\"text-align: left;\"><strong>SOURCE : Rentr\u00e9e scolaire dans les \u00e9coles de la Ville de Nice. <\/strong><\/p>\n","protected":false},"excerpt":{"rendered":"Christian Estrosi,\u00a0Maire de Nice, Pr\u00e9sident de la M\u00e9tropole Nice C\u00f4te d\u2019Azur,\u00a0est all\u00e9 \u00e0 la rencontre des \u00e9l\u00e8ves et&hellip;\n","protected":false},"author":2,"featured_media":362189,"comment_status":"","ping_status":"","sticky":false,"template":"","format":"standard","meta":{"footnotes":""},"categories":[2819],"tags":[1111,11,1777,674,1011,27,12,2401,882,25],"class_list":{"0":"post-364606","1":"post","2":"type-post","3":"status-publish","4":"format-standard","5":"has-post-thumbnail","7":"category-nice","8":"tag-actu","9":"tag-actualites","10":"tag-eu","11":"tag-europe","12":"tag-fr","13":"tag-france","14":"tag-news","15":"tag-nice","16":"tag-provence-alpes-cote-dazur","17":"tag-republique-francaise"},"share_on_mastodon":{"url":"https:\/\/pubeurope.com\/@fr\/115143546225782321","error":""},"_links":{"self":[{"href":"https:\/\/www.europesays.com\/fr\/wp-json\/wp\/v2\/posts\/364606","targetHints":{"allow":["GET"]}}],"collection":[{"href":"https:\/\/www.europesays.com\/fr\/wp-json\/wp\/v2\/posts"}],"about":[{"href":"https:\/\/www.europesays.com\/fr\/wp-json\/wp\/v2\/types\/post"}],"author":[{"embeddable":true,"href":"https:\/\/www.europesays.com\/fr\/wp-json\/wp\/v2\/users\/2"}],"replies":[{"embeddable":true,"href":"https:\/\/www.europesays.com\/fr\/wp-json\/wp\/v2\/comments?post=364606"}],"version-history":[{"count":0,"href":"https:\/\/www.europesays.com\/fr\/wp-json\/wp\/v2\/posts\/364606\/revisions"}],"wp:featuredmedia":[{"embeddable":true,"href":"https:\/\/www.europesays.com\/fr\/wp-json\/wp\/v2\/media\/362189"}],"wp:attachment":[{"href":"https:\/\/www.europesays.com\/fr\/wp-json\/wp\/v2\/media?parent=364606"}],"wp:term":[{"taxonomy":"category","embeddable":true,"href":"https:\/\/www.europesays.com\/fr\/wp-json\/wp\/v2\/categories?post=364606"},{"taxonomy":"post_tag","embeddable":true,"href":"https:\/\/www.europesays.com\/fr\/wp-json\/wp\/v2\/tags?post=364606"}],"curies":[{"name":"wp","href":"https:\/\/api.w.org\/{rel}","templated":true}]}}