{"id":364607,"date":"2025-09-04T01:57:15","date_gmt":"2025-09-04T01:57:15","guid":{"rendered":"https:\/\/www.europesays.com\/fr\/364607\/"},"modified":"2025-09-04T01:57:15","modified_gmt":"2025-09-04T01:57:15","slug":"suite-a-un-excedent-budgetaire-cette-ville-pres-de-nantes-va-augmenter-ses-agents","status":"publish","type":"post","link":"https:\/\/www.europesays.com\/fr\/364607\/","title":{"rendered":"Suite \u00e0 un exc\u00e9dent budg\u00e9taire, cette ville pr\u00e8s de Nantes va augmenter ses agents"},"content":{"rendered":"<p>            Par<br \/>\n        <strong><br \/>\n            <a href=\"https:\/\/actu.fr\/auteur\/journaliste-sm\" title=\"Consulter tous les articles de R\u00e9daction Clisson\" target=\"_blank\" rel=\"noopener\">R\u00e9daction Clisson<\/a><br \/>\n        <\/strong><\/p>\n<p>        Publi\u00e9 le<\/p>\n<p>            3 sept. 2025 \u00e0 16h16        <\/p>\n<p>A l\u2019heure d\u2019approuver le <b>compte financier unique<\/b> (anciennement appel\u00e9 comptes administratifs) de <a href=\"https:\/\/actu.fr\/pays-de-la-loire\/basse-goulaine_44009\" target=\"_blank\" rel=\"noopener\"><b>Basse-Goulaine,<\/b><\/a> quelques bonnes nouvelles sont apparues lors du <a href=\"https:\/\/www.basse-goulaine.fr\/listes\/conseil-municipal\/\" target=\"_blank\" rel=\"noopener\"><b>conseil municipal<\/b><\/a> d\u2019avant \u00e9t\u00e9.<\/p>\n<p class=\" wall-content\">Aux <b>exc\u00e9dents d\u00e9j\u00e0 planifi\u00e9s<\/b> (pr\u00e8s de 700 000 euros, distribu\u00e9s en fonctionnement comme en investissement), d\u2019autres montants sont apparus <b>pour plus d\u2019un million d\u2019euros au total.<\/b><\/p>\n<blockquote class=\"ac-article-quote wall-content\">\n<p>Cela est d\u00fb, tout d\u2019abord \u00e0 la vente de l\u2019ancien multi-accueil pour 600 000 \u20ac et \u00e0 un retour impr\u00e9vu sur TVA, de pr\u00e8s de 400 000 euros.<\/p>\n<p>Alain Vey.<\/p><\/blockquote>\n<p class=\" wall-content\">Un maire qui a tout de suite fl\u00e9ch\u00e9 cette somme.<\/p>\n<blockquote class=\"ac-article-quote wall-content\">\n<p>Je pense qu\u2019il serait bon de mettre \u00e0 profit cet excellent r\u00e9sultat en en faisant b\u00e9n\u00e9ficier nos employ\u00e9s communaux, lan\u00e7ait-il. Depuis de nombreuses ann\u00e9es, on joue \u00e0 coup de primes pour am\u00e9liorer leur pouvoir d\u2019achat. Il faudrait revoir le syst\u00e8me afin de leur assurer une vie correcte. C\u2019est pour cela que je propose une augmentation de 60 \u20ac nets par mois.<\/p>\n<\/blockquote>\n<p class=\" wall-content\">On se souvient que les <b>deux derni\u00e8res ann\u00e9es avaient \u00e9t\u00e9 particuli\u00e8rement conflictuelles<\/b> entre le personnel et le maire. <b>Plusieurs mobilisations des agents et divers t\u00e9moignages de ces derniers avaient r\u00e9v\u00e9l\u00e9 un malaise<\/b>. M\u00eame si les tensions sont redescendues, cette d\u00e9cision, accept\u00e9e \u00e0 l\u2019unanimit\u00e9, devrait ajouter \u00e0 l\u2019apaisement.<\/p>\n<p>Et le logement social ?<\/p>\n<p class=\" wall-content\">Lors de cette r\u00e9union, Claudine Jouan, \u00e9lue de la minorit\u00e9, s\u2019est interrog\u00e9e<b> les besoins croissants en logements sociaux et abordables<\/b>, li\u00e9s \u00e0 la croissance d\u00e9mographiques.<\/p>\n<p>Votre r\u00e9gion, votre actu !<\/p>\n<p>Recevez chaque jour les infos qui comptent pour vous.<\/p>\n<p>\t<a href=\"https:\/\/actu.fr\/newsletter\" class=\"ac-btn ac-btn--corner ac-btn--medium ac-btn--blue800\" target=\"_blank\" rel=\"noopener\">S&rsquo;incrire<\/a><\/p>\n<blockquote class=\"ac-article-quote wall-content\">\n<p>Cela n\u00e9cessite une r\u00e9flexion active sur la gestion fonci\u00e8re de notre commune. En doublant le montant les provisions des acquisitions fonci\u00e8res, on pourrait anticiper les besoins futurs des Goulainais. Cet exc\u00e9dent important pourrait servir aussi \u00e0 cela.<\/p>\n<p>Claudine Jouan<\/p><\/blockquote>\n<p class=\" wall-content\">Le maire n\u2019y est pas oppos\u00e9 mais<b> plaide un march\u00e9 atone<\/b>.<\/p>\n<blockquote class=\"ac-article-quote wall-content\">\n<p>Nous avons des projets, mais nous sommes, actuellement dans une impasse. En effet, les projets ne se vendent pas au prix du march\u00e9. Les promoteurs sont en train de revoir leur copie. Les montants de vente des logements sont trop chers. Par exemple, c\u2019est le cas pour le projet Nouveaux constructeurs en face du cabinet v\u00e9t\u00e9rinaire, mais, aussi pour les deux autres projets rue de la Croix des Fosses, et il en est de m\u00eame pour le projet de la Tr\u00e8perie avec 180 logements bloqu\u00e9s par des probl\u00e8mes administratifs qui tra\u00eenent en longueur.<\/p>\n<\/blockquote>\n<p class=\" wall-content\">Les \u00e9lus ont \u00e9galement abord\u00e9 <b>la cuisine centrale,<\/b> car ils devaient d\u00e9lib\u00e9rer sur un nouveau march\u00e9. Au <a href=\"https:\/\/www.basse-goulaine.fr\/le-restaurant-scolaire\/\" target=\"_blank\" rel=\"noopener\">Grignon<\/a>, c\u2019est <a href=\"https:\/\/www.restoria.fr\/\" target=\"_blank\" rel=\"noopener\">Restoria <\/a>qui a<b> remport\u00e9 l\u2019appel d\u2019offres<\/b>. L\u2019entreprise est reconduite puisqu\u2019elle g\u00e9rait d\u00e9j\u00e0 le pr\u00e9c\u00e9dent march\u00e9. Les fournisseurs de repas avaient propos\u00e9 deux offres : avec 20 % ou 30 % de produits bio. C\u2019est le second qui a \u00e9t\u00e9 retenu, <b>malgr\u00e9 une plus value de 26 000 \u20ac.<\/b> Les \u00e9lus ont vot\u00e9 un budget de 716 837,01\u00a0\u20ac par an. Tous les \u00e9lus ont \u00e9t\u00e9 d\u2019accord.<\/p>\n<p class=\" wall-content\">Personnalisez votre actualit\u00e9 en ajoutant vos villes et m\u00e9dias en favori avec <a href=\"https:\/\/moncompte.actu.fr\" title=\"D\u00e9couvez Mon Actu\" rel=\"nofollow noopener\" data-trk=\"{&quot;cta&quot;:{&quot;action&quot;:&quot;https:\\\/\\\/moncompte.actu.fr&quot;,&quot;category&quot;:&quot;mon compte&quot;,&quot;from&quot;:&quot;article footer&quot;,&quot;name&quot;:&quot;Mon actu&quot;,&quot;type&quot;:&quot;cta&quot;}}\" target=\"_blank\">Mon Actu<\/a>.<\/p>\n","protected":false},"excerpt":{"rendered":"Par R\u00e9daction Clisson Publi\u00e9 le 3 sept. 2025 \u00e0 16h16 A l\u2019heure d\u2019approuver le compte financier unique (anciennement&hellip;\n","protected":false},"author":2,"featured_media":364608,"comment_status":"","ping_status":"","sticky":false,"template":"","format":"standard","meta":{"footnotes":""},"categories":[2818],"tags":[1111,11,1003,1777,674,1011,27,766,12,2636,25,104,2900],"class_list":{"0":"post-364607","1":"post","2":"type-post","3":"status-publish","4":"format-standard","5":"has-post-thumbnail","7":"category-nantes","8":"tag-actu","9":"tag-actualites","10":"tag-budget","11":"tag-eu","12":"tag-europe","13":"tag-fr","14":"tag-france","15":"tag-nantes","16":"tag-news","17":"tag-pays-de-la-loire","18":"tag-republique-francaise","19":"tag-societe","20":"tag-vignoble-nantais"},"share_on_mastodon":{"url":"https:\/\/pubeurope.com\/@fr\/115143550123363068","error":""},"_links":{"self":[{"href":"https:\/\/www.europesays.com\/fr\/wp-json\/wp\/v2\/posts\/364607","targetHints":{"allow":["GET"]}}],"collection":[{"href":"https:\/\/www.europesays.com\/fr\/wp-json\/wp\/v2\/posts"}],"about":[{"href":"https:\/\/www.europesays.com\/fr\/wp-json\/wp\/v2\/types\/post"}],"author":[{"embeddable":true,"href":"https:\/\/www.europesays.com\/fr\/wp-json\/wp\/v2\/users\/2"}],"replies":[{"embeddable":true,"href":"https:\/\/www.europesays.com\/fr\/wp-json\/wp\/v2\/comments?post=364607"}],"version-history":[{"count":0,"href":"https:\/\/www.europesays.com\/fr\/wp-json\/wp\/v2\/posts\/364607\/revisions"}],"wp:featuredmedia":[{"embeddable":true,"href":"https:\/\/www.europesays.com\/fr\/wp-json\/wp\/v2\/media\/364608"}],"wp:attachment":[{"href":"https:\/\/www.europesays.com\/fr\/wp-json\/wp\/v2\/media?parent=364607"}],"wp:term":[{"taxonomy":"category","embeddable":true,"href":"https:\/\/www.europesays.com\/fr\/wp-json\/wp\/v2\/categories?post=364607"},{"taxonomy":"post_tag","embeddable":true,"href":"https:\/\/www.europesays.com\/fr\/wp-json\/wp\/v2\/tags?post=364607"}],"curies":[{"name":"wp","href":"https:\/\/api.w.org\/{rel}","templated":true}]}}