{"id":364609,"date":"2025-09-04T01:58:09","date_gmt":"2025-09-04T01:58:09","guid":{"rendered":"https:\/\/www.europesays.com\/fr\/364609\/"},"modified":"2025-09-04T01:58:09","modified_gmt":"2025-09-04T01:58:09","slug":"ivre-il-avait-disjoncte-lors-du-repas-de-noel-pres-de-nantes","status":"publish","type":"post","link":"https:\/\/www.europesays.com\/fr\/364609\/","title":{"rendered":"Ivre, il avait disjonct\u00e9 lors du repas de No\u00ebl pr\u00e8s de Nantes"},"content":{"rendered":"<p>            Par<br \/>\n        <strong><br \/>\n            <a href=\"https:\/\/actu.fr\/auteur\/laurent-fortin\" title=\"Consulter tous les articles de Laurent Fortin\" target=\"_blank\" rel=\"noopener\">Laurent Fortin<\/a><br \/>\n        <\/strong><\/p>\n<p>        Publi\u00e9 le<\/p>\n<p>            3 sept. 2025 \u00e0 23h24        <\/p>\n<p>Le tribunal correctionnel de Nantes a condamn\u00e9 un <b>quinquag\u00e9naire \u00e0 six mois de prison avec sursis<\/b> pour s\u2019en \u00eatre pris \u00e0 plusieurs membres de sa famille, le <b>soir de No\u00ebl 2024<\/b>, chez sa m\u00e8re \u00e0 <a href=\"https:\/\/actu.fr\/pays-de-la-loire\/vertou_44215\" target=\"_blank\" rel=\"noopener\"><b>Vertou<\/b><\/a>.<\/p>\n<p class=\" wall-content\">L\u2019homme violent avait<b> \u00ab\u2009bu plusieurs verres d\u2019alcool\u2009\u00bb, <\/b>ce soir-l\u00e0, lorsque la situation avait d\u00e9g\u00e9n\u00e9r\u00e9. Il \u00ab\u2009dormait\u2009\u00bb lorsque <b>sa m\u00e8re l\u2019avait \u00ab\u2009r\u00e9veill\u00e9\u2009\u00bb et \u00ab\u2009engueul\u00e9\u2009\u00bb<\/b> parce que \u00ab\u2009l\u2019alarme\u2009\u00bb de la maison sonnait, a-t-il racont\u00e9 \u00e0 son proc\u00e8s, en l\u2019absence de ses victimes. \u00ab\u2009Agress\u00e9 verbalement\u2009\u00bb selon ses dires,<b> l\u2019homme de 59\u00a0ans <\/b>s\u2019en \u00e9tait donc \u00ab\u2009pris \u00e0 sa m\u00e8re\u2009\u00bb.<\/p>\n<p class=\" wall-content\">Le compagnon de sa s\u0153ur \u00e9tait intervenu \u00e0 ce moment-l\u00e0. Mais son beau-fr\u00e8re lui avait donn\u00e9 des<b> \u00ab\u2009coups de poing\u2009\u00bb <\/b>et l\u2019avait \u00ab\u2009pouss\u00e9 au sol\u2009\u00bb avant d\u2019encha\u00eener les violences sur son neveu, qui tentait de <b>\u00ab\u2009s\u00e9parer\u2009\u00bb les deux hommes.<\/b> Celui-ci avait ainsi \u00e9t\u00e9 \u00ab\u2009attrap\u00e9 au niveau du cou\u2009\u00bb et frapp\u00e9.<\/p>\n<blockquote class=\"ac-article-quote wall-content\">\n<p>Je regrette tout ce que j\u2019ai fait, j\u2019ai compl\u00e8tement d\u00e9lir\u00e9. Je leur ai t\u00e9l\u00e9phon\u00e9 le lendemain pour m\u2019excuser.<\/p>\n<p>Le quinquag\u00e9naire \u00e0 la barre du tribunal correctionnel de Nantes<\/p><\/blockquote>\n<p>D\u00e9j\u00e0 condamn\u00e9 pour des d\u00e9lits routiers<\/p>\n<p class=\" wall-content\"><b>D\u00e9j\u00e0 condamn\u00e9 pour des d\u00e9lits routiers,<\/b> il a ainsi reconnu la mat\u00e9rialit\u00e9 des faits malgr\u00e9 ses \u00ab\u2009bribes de souvenirs\u2009\u00bb. Il a assur\u00e9 avoir depuis <b>quitt\u00e9 le domicile de sa m\u00e8re,<\/b> qui vit \u00e0 Vertou, pour s\u2019installer chez sa compagne \u00e0 <b>Nantes<\/b>. Son avocate, Virginie Hamon, a insist\u00e9 sur la \u00ab\u2009prise de conscience\u2009\u00bb de son client \u00e0 propos \u00ab\u2009de son comportement\u2009\u00bb.<b> Il n\u2019a \u00ab\u2009plus bu une goutte d\u2019alcool\u2009\u00bb <\/b>depuis, selon elle. <b>Ce soir de No\u00ebl \u00e9tait ainsi, selon elle, un \u00e9pisode de \u00ab\u2009rechute\u2009\u00bb<\/b> dans son \u00ab\u2009combat contre l\u2019alcoolisme\u2009\u00bb.<\/p>\n<p>Vid\u00e9os : en ce moment sur Actu<\/p>\n<blockquote class=\"ac-article-quote wall-content\">\n<p>Sa compagne le d\u00e9crit comme gentil et il a rappel\u00e9 \u00e0 sa m\u00e8re qu\u2019il est pr\u00e9sent pour elle.<\/p>\n<p>L\u2019avocate.<\/p><\/blockquote>\n<p>Votre r\u00e9gion, votre actu !<\/p>\n<p>Recevez chaque jour les infos qui comptent pour vous.<\/p>\n<p>\t<a href=\"https:\/\/actu.fr\/newsletter\" class=\"ac-btn ac-btn--corner ac-btn--medium ac-btn--blue800\" target=\"_blank\" rel=\"noopener\">S&rsquo;incrire<\/a><\/p>\n<p class=\" wall-content\">Son client s\u2019est quand m\u00eame dit <b>\u00ab\u2009soulag\u00e9\u2009\u00bb d\u2019avoir \u00ab\u2009quitt\u00e9 le logement\u2009\u00bb maternel<\/b>.<\/p>\n<blockquote class=\"ac-article-quote wall-content\">\n<p>\u00c7a commen\u00e7ait \u00e0 devenir pesant pour moi\u2009: je me suis occup\u00e9 de toutes les d\u00e9marches suite au d\u00e9c\u00e8s de mon p\u00e8re, mes s\u0153urs ne m\u2019ont jamais aid\u00e9.<\/p>\n<p>Le pr\u00e9venu<\/p><\/blockquote>\n<p class=\" wall-content\">Le tribunal correctionnel de Nantes l\u2019a condamn\u00e9 \u00e0 <b>six mois de prison avec sursis<\/b> simple. Sur le plan civil, il devra verser<b> 500\u00a0\u20ac au compagnon de sa s\u0153ur <\/b>et autant \u00e0 son neveu.<\/p>\n<p class=\" wall-content\">Le procureur de la R\u00e9publique a pour sa part requis<b> six mois de prison avec sursis<\/b> probatoire pendant deux ans avec une obligation de soins, ainsi qu\u2019une <b>amende de 300\u00a0\u20ac <\/b>pour avoir donn\u00e9 aux enqu\u00eateurs une fausse identit\u00e9, une infraction pour laquelle il a finalement \u00e9t\u00e9 relax\u00e9.<\/p>\n<p class=\" wall-content\">Personnalisez votre actualit\u00e9 en ajoutant vos villes et m\u00e9dias en favori avec <a href=\"https:\/\/moncompte.actu.fr\" title=\"D\u00e9couvez Mon Actu\" rel=\"nofollow noopener\" data-trk=\"{&quot;cta&quot;:{&quot;action&quot;:&quot;https:\\\/\\\/moncompte.actu.fr&quot;,&quot;category&quot;:&quot;mon compte&quot;,&quot;from&quot;:&quot;article footer&quot;,&quot;name&quot;:&quot;Mon actu&quot;,&quot;type&quot;:&quot;cta&quot;}}\" target=\"_blank\">Mon Actu<\/a>.<\/p>\n","protected":false},"excerpt":{"rendered":"Par Laurent Fortin Publi\u00e9 le 3 sept. 2025 \u00e0 23h24 Le tribunal correctionnel de Nantes a condamn\u00e9 un&hellip;\n","protected":false},"author":2,"featured_media":364610,"comment_status":"","ping_status":"","sticky":false,"template":"","format":"standard","meta":{"footnotes":""},"categories":[2818],"tags":[1111,11,1777,674,118,652,1011,27,303,766,12,15830,2636,25],"class_list":{"0":"post-364609","1":"post","2":"type-post","3":"status-publish","4":"format-standard","5":"has-post-thumbnail","7":"category-nantes","8":"tag-actu","9":"tag-actualites","10":"tag-eu","11":"tag-europe","12":"tag-faits-divers","13":"tag-famille","14":"tag-fr","15":"tag-france","16":"tag-justice","17":"tag-nantes","18":"tag-news","19":"tag-noel","20":"tag-pays-de-la-loire","21":"tag-republique-francaise"},"share_on_mastodon":{"url":"https:\/\/pubeurope.com\/@fr\/115143554092271339","error":""},"_links":{"self":[{"href":"https:\/\/www.europesays.com\/fr\/wp-json\/wp\/v2\/posts\/364609","targetHints":{"allow":["GET"]}}],"collection":[{"href":"https:\/\/www.europesays.com\/fr\/wp-json\/wp\/v2\/posts"}],"about":[{"href":"https:\/\/www.europesays.com\/fr\/wp-json\/wp\/v2\/types\/post"}],"author":[{"embeddable":true,"href":"https:\/\/www.europesays.com\/fr\/wp-json\/wp\/v2\/users\/2"}],"replies":[{"embeddable":true,"href":"https:\/\/www.europesays.com\/fr\/wp-json\/wp\/v2\/comments?post=364609"}],"version-history":[{"count":0,"href":"https:\/\/www.europesays.com\/fr\/wp-json\/wp\/v2\/posts\/364609\/revisions"}],"wp:featuredmedia":[{"embeddable":true,"href":"https:\/\/www.europesays.com\/fr\/wp-json\/wp\/v2\/media\/364610"}],"wp:attachment":[{"href":"https:\/\/www.europesays.com\/fr\/wp-json\/wp\/v2\/media?parent=364609"}],"wp:term":[{"taxonomy":"category","embeddable":true,"href":"https:\/\/www.europesays.com\/fr\/wp-json\/wp\/v2\/categories?post=364609"},{"taxonomy":"post_tag","embeddable":true,"href":"https:\/\/www.europesays.com\/fr\/wp-json\/wp\/v2\/tags?post=364609"}],"curies":[{"name":"wp","href":"https:\/\/api.w.org\/{rel}","templated":true}]}}