{"id":36461,"date":"2025-04-19T12:17:18","date_gmt":"2025-04-19T12:17:18","guid":{"rendered":"https:\/\/www.europesays.com\/fr\/36461\/"},"modified":"2025-04-19T12:17:18","modified_gmt":"2025-04-19T12:17:18","slug":"voter-des-16-ans-lors-des-elections-municipales-quen-pensez-vous","status":"publish","type":"post","link":"https:\/\/www.europesays.com\/fr\/36461\/","title":{"rendered":"Voter d\u00e8s 16\u00a0ans lors des \u00e9lections municipales\u00a0: qu\u2019en pensez-vous\u00a0?"},"content":{"rendered":"<p>\u00c0 travers la nouvelle campagne \u00a0Vote \u00e0 16\u00a0ans aux \u00e9lections municipales\u00a0: parce que les jeunes ont une voix\u00a0!\u00a0, <a href=\"https:\/\/www.unicef.fr\/article\/vote-a-16-ans-parce-que-les-jeunes-ont-une-voix\/\" target=\"_blank\" rel=\"nofollow noopener\">l\u2019UNICEF France et ses partenaires<\/a> (tels que le R\u00e9seau national des juniors associations (RNJA), D\u00e9mocratie ouverte, les Jeunes europ\u00e9ens, Action \u00e9ducation et bien d\u2019autres), exhortent les pouvoirs publics \u00e0 abaisser l\u2019\u00e2ge de vote \u00e0 16\u00a0ans pour les \u00e9lections municipales. 33 maires ont sign\u00e9 une tribune, que <a href=\"https:\/\/maubeuge.maville.com\/actu\/actudet_-exclusif.-paris-lyon-rennes...-ces-32-maires-veulent-le-vote-des-16-ans-pour-les-municipales-_52662-6769127_actu.Htm\" target=\"_blank\" rel=\"nofollow noopener\">Ouest-France a publi\u00e9e jeudi 17\u00a0avril 2025<\/a>. \u00a0Nous ferons un pas d\u00e9cisif vers une d\u00e9mocratie plus respectueuse des droits de l\u2019enfant\u00a0, jugent notamment Anne Hidalgo (Paris), Nathalie App\u00e9r\u00e9 (Rennes), \u00c9ric Piolle (Grenoble), Johanna Rolland (Nantes).<\/p>\n<p><a href=\"https:\/\/maubeuge.maville.com\/actu\/actudet_-exclusif.-paris-lyon-rennes...-ces-32-maires-veulent-le-vote-des-16-ans-pour-les-municipales-_52662-6769127_actu.Htm\" target=\"_blank\" rel=\"nofollow noopener\"> <strong>?EXCLUSIF. Paris, Lyon, Rennes\u2026 Ces 33 maires veulent le vote d\u00e8s 16\u00a0ans pour les municipales<\/strong> <\/a><\/p>\n<p>Et vous, qu\u2019en pensez-vous\u00a0?<\/p>\n<p>Leurs recommandations<\/p>\n<p>Dans cette tribune, l\u2019Unicef recommande\u00a0: \u00a0D\u2019abaisser l\u2019\u00e2ge de vote \u00e0 16\u00a0ans aux \u00e9lections municipales pour une meilleure effectivit\u00e9 du droit d\u2019\u00eatre entendu. D\u2019am\u00e9liorer le processus d\u2019inscription sur les listes \u00e9lectorales pour le rendre plus efficient, inclusif et accessible. De renforcer l\u2019apprentissage de la d\u00e9mocratie par la pratique\u00a0. Et mart\u00e8le\u00a0: \u00a0Abaisser l\u2019\u00e2ge de vote \u00e0 16\u00a0ans, c\u2019est avancer vers une d\u00e9mocratie plus \u00e9quitable, inclusive et repr\u00e9sentative. Parce que la voix des jeunes compte, faisons du vote \u00e0 16\u00a0ans une r\u00e9alit\u00e9 pour les jeunes en France.\u00a0<\/p>\n<p>Lutte contre l\u2019abstention<\/p>\n<p>Levier de la lutte contre l\u2019abstention, \u00a0cette mesure encouragerait une participation politique durable et r\u00e9guli\u00e8re\u00a0, explique l\u2019Unicef. \u00a0En Autriche par exemple, 90\u00a0% des jeunes de 16 \u00e0 18\u00a0ans se sont rendus aux urnes d\u00e8s l\u2019abaissement de l\u2019\u00e2ge de vote. C\u2019est ici une des preuves que les premiers votes sont cruciaux. Lorsque les citoyens s\u2019habituent \u00e0 voter t\u00f4t, il est plus probable qu\u2019ils votent r\u00e9guli\u00e8rement dans le futur. Il est donc essentiel de stimuler l\u2019int\u00e9r\u00eat politique de la jeunesse\u00a0.<\/p>\n<p>\u00a0<\/p>\n","protected":false},"excerpt":{"rendered":"\u00c0 travers la nouvelle campagne \u00a0Vote \u00e0 16\u00a0ans aux \u00e9lections municipales\u00a0: parce que les jeunes ont une voix\u00a0!\u00a0,&hellip;\n","protected":false},"author":2,"featured_media":36462,"comment_status":"","ping_status":"","sticky":false,"template":"","format":"standard","meta":{"footnotes":""},"categories":[2818],"tags":[11707,1111,11,1764,5949,1777,674,1011,27,7826,3554,766,12,2636,11708,9576,25,11706],"class_list":{"0":"post-36461","1":"post","2":"type-post","3":"status-publish","4":"format-standard","5":"has-post-thumbnail","7":"category-nantes","8":"tag-11707","9":"tag-actu","10":"tag-actualites","11":"tag-ans","12":"tag-elections","13":"tag-eu","14":"tag-europe","15":"tag-fr","16":"tag-france","17":"tag-lors","18":"tag-municipales","19":"tag-nantes","20":"tag-news","21":"tag-pays-de-la-loire","22":"tag-pensez-vous","23":"tag-qu","24":"tag-republique-francaise","25":"tag-voter"},"share_on_mastodon":{"url":"https:\/\/pubeurope.com\/@fr\/114364589263604050","error":""},"_links":{"self":[{"href":"https:\/\/www.europesays.com\/fr\/wp-json\/wp\/v2\/posts\/36461","targetHints":{"allow":["GET"]}}],"collection":[{"href":"https:\/\/www.europesays.com\/fr\/wp-json\/wp\/v2\/posts"}],"about":[{"href":"https:\/\/www.europesays.com\/fr\/wp-json\/wp\/v2\/types\/post"}],"author":[{"embeddable":true,"href":"https:\/\/www.europesays.com\/fr\/wp-json\/wp\/v2\/users\/2"}],"replies":[{"embeddable":true,"href":"https:\/\/www.europesays.com\/fr\/wp-json\/wp\/v2\/comments?post=36461"}],"version-history":[{"count":0,"href":"https:\/\/www.europesays.com\/fr\/wp-json\/wp\/v2\/posts\/36461\/revisions"}],"wp:featuredmedia":[{"embeddable":true,"href":"https:\/\/www.europesays.com\/fr\/wp-json\/wp\/v2\/media\/36462"}],"wp:attachment":[{"href":"https:\/\/www.europesays.com\/fr\/wp-json\/wp\/v2\/media?parent=36461"}],"wp:term":[{"taxonomy":"category","embeddable":true,"href":"https:\/\/www.europesays.com\/fr\/wp-json\/wp\/v2\/categories?post=36461"},{"taxonomy":"post_tag","embeddable":true,"href":"https:\/\/www.europesays.com\/fr\/wp-json\/wp\/v2\/tags?post=36461"}],"curies":[{"name":"wp","href":"https:\/\/api.w.org\/{rel}","templated":true}]}}