{"id":364611,"date":"2025-09-04T01:59:14","date_gmt":"2025-09-04T01:59:14","guid":{"rendered":"https:\/\/www.europesays.com\/fr\/364611\/"},"modified":"2025-09-04T01:59:14","modified_gmt":"2025-09-04T01:59:14","slug":"pourquoi-bordeaux-est-la-pire-ville-pour-commencer-sa-carriere-professionnelle-selon-cette-etude","status":"publish","type":"post","link":"https:\/\/www.europesays.com\/fr\/364611\/","title":{"rendered":"Pourquoi Bordeaux est la pire ville pour commencer sa carri\u00e8re professionnelle, selon cette \u00e9tude"},"content":{"rendered":"<p>            Par<br \/>\n        <strong><br \/>\n            <a href=\"https:\/\/actu.fr\/auteur\/redaction-bordeaux\" title=\"Consulter tous les articles de R\u00e9daction Bordeaux\" rel=\"nofollow noopener\" target=\"_blank\">R\u00e9daction Bordeaux<\/a><br \/>\n        <\/strong><\/p>\n<p>        Publi\u00e9 le<\/p>\n<p>            3 sept. 2025 \u00e0 16h38        <\/p>\n<p>Une place peu reluisante.<strong> L\u2019entreprise Adobe<\/strong> vient de publier son classement des meilleures villes fran\u00e7aises pour d\u00e9buter sa <strong>carri\u00e8re<\/strong> \u00e0 la fin de ses \u00e9tudes. Un choix toujours corn\u00e9lien pour les<strong> jeunes dipl\u00f4m\u00e9s<\/strong> car il peut voir un impact sur leur avenir.\u00a0<\/p>\n<p class=\" wall-content\">L\u2019entreprise a alors analys\u00e9 29 grandes villes de l\u2019Hexagone en se basant sur de<strong> nombreux crit\u00e8res<\/strong> pour \u00e9tablir ce classement. Elle a examin\u00e9 la disponibilit\u00e9 d\u2019emplois pour d\u00e9butants, le salaire moyen des dipl\u00f4m\u00e9s, le prix des loyers pour un studio, la qualit\u00e9 de vie, l\u2019\u00e2ge moyen des habitants, les \u00e9v\u00e8nements de r\u00e9seautage et le nombre d\u2019espaces de coworking par habitant. Gr\u00e2ce \u00e0 tous ces indicateurs, c\u2019est la ville de <strong>Limoges<\/strong> qui arrive en t\u00eate, suivie de <strong>Marseille<\/strong> et <strong>Reims<\/strong>.\u00a0<\/p>\n<p class=\" wall-content\">Pour trouver Bordeaux, il faut scroller un peu moment car la m\u00e9tropole bordelaise est\u2026 <strong>\u00e0 la derni\u00e8re place<\/strong>. Elle est devanc\u00e9e par Tours et Lyon.\u00a0<\/p>\n<p>Un nombre moyen d\u2019emplois faible<\/p>\n<p class=\" wall-content\">La ville de Bordeaux se retrouve dans le fond du <a href=\"https:\/\/www.adobe.com\/fr\/dc-shared\/assets\/pdf\/acrobat\/resources\/les-10-villes-ou-les-diplomes-ont-le-plus-de-chances-de-reussir.pdf\" rel=\"nofollow noopener\" target=\"_blank\">classement<\/a>, notamment \u00e0 cause du nombre moyen d\u2019emplois pour d\u00e9butants. Sur ce crit\u00e8re, elle est \u00e9galement \u00e0 la derni\u00e8re place.<\/p>\n<p class=\" wall-content\">Elle est \u00e9galement p\u00e9nalis\u00e9 par le <strong>co\u00fbt de vie<\/strong>. Elle se situe dans les villes les plus ch\u00e8res en terme de loyer pour un studio meubl\u00e9 (21\u00e8me sur 29) et aussi pour le prix moyen d\u2019un repas (28\u00e8me). Elle arrive quand m\u00eame dans le Top 5 des villes avec le salaire mensuel moyen le plus haut (4\u00e8me). Maigre lot de consolation.\u00a0<\/p>\n<p class=\" wall-content\">Personnalisez votre actualit\u00e9 en ajoutant vos villes et m\u00e9dias en favori avec <a href=\"https:\/\/moncompte.actu.fr\" title=\"D\u00e9couvez Mon Actu\" rel=\"nofollow noopener\" data-trk=\"{&quot;cta&quot;:{&quot;action&quot;:&quot;https:\\\/\\\/moncompte.actu.fr&quot;,&quot;category&quot;:&quot;mon compte&quot;,&quot;from&quot;:&quot;article footer&quot;,&quot;name&quot;:&quot;Mon actu&quot;,&quot;type&quot;:&quot;cta&quot;}}\" target=\"_blank\">Mon Actu<\/a>.<\/p>\n","protected":false},"excerpt":{"rendered":"Par R\u00e9daction Bordeaux Publi\u00e9 le 3 sept. 2025 \u00e0 16h38 Une place peu reluisante. L\u2019entreprise Adobe vient de&hellip;\n","protected":false},"author":2,"featured_media":288979,"comment_status":"","ping_status":"","sticky":false,"template":"","format":"standard","meta":{"footnotes":""},"categories":[2817],"tags":[1111,11,1997,1777,674,1011,27,12,2219,25,104],"class_list":{"0":"post-364611","1":"post","2":"type-post","3":"status-publish","4":"format-standard","5":"has-post-thumbnail","7":"category-bordeaux","8":"tag-actu","9":"tag-actualites","10":"tag-bordeaux","11":"tag-eu","12":"tag-europe","13":"tag-fr","14":"tag-france","15":"tag-news","16":"tag-nouvelle-aquitaine","17":"tag-republique-francaise","18":"tag-societe"},"share_on_mastodon":{"url":"https:\/\/pubeurope.com\/@fr\/115143558015364727","error":""},"_links":{"self":[{"href":"https:\/\/www.europesays.com\/fr\/wp-json\/wp\/v2\/posts\/364611","targetHints":{"allow":["GET"]}}],"collection":[{"href":"https:\/\/www.europesays.com\/fr\/wp-json\/wp\/v2\/posts"}],"about":[{"href":"https:\/\/www.europesays.com\/fr\/wp-json\/wp\/v2\/types\/post"}],"author":[{"embeddable":true,"href":"https:\/\/www.europesays.com\/fr\/wp-json\/wp\/v2\/users\/2"}],"replies":[{"embeddable":true,"href":"https:\/\/www.europesays.com\/fr\/wp-json\/wp\/v2\/comments?post=364611"}],"version-history":[{"count":0,"href":"https:\/\/www.europesays.com\/fr\/wp-json\/wp\/v2\/posts\/364611\/revisions"}],"wp:featuredmedia":[{"embeddable":true,"href":"https:\/\/www.europesays.com\/fr\/wp-json\/wp\/v2\/media\/288979"}],"wp:attachment":[{"href":"https:\/\/www.europesays.com\/fr\/wp-json\/wp\/v2\/media?parent=364611"}],"wp:term":[{"taxonomy":"category","embeddable":true,"href":"https:\/\/www.europesays.com\/fr\/wp-json\/wp\/v2\/categories?post=364611"},{"taxonomy":"post_tag","embeddable":true,"href":"https:\/\/www.europesays.com\/fr\/wp-json\/wp\/v2\/tags?post=364611"}],"curies":[{"name":"wp","href":"https:\/\/api.w.org\/{rel}","templated":true}]}}