{"id":364612,"date":"2025-09-04T02:00:23","date_gmt":"2025-09-04T02:00:23","guid":{"rendered":"https:\/\/www.europesays.com\/fr\/364612\/"},"modified":"2025-09-04T02:00:23","modified_gmt":"2025-09-04T02:00:23","slug":"on-va-tout-faire-pour-ramener-le-bouclier-a-bordeaux","status":"publish","type":"post","link":"https:\/\/www.europesays.com\/fr\/364612\/","title":{"rendered":"\u00ab\u00a0On va tout faire pour ramener le bouclier \u00e0 Bordeaux\u00a0\u00bb"},"content":{"rendered":"<p class=\"interview-question\">Lorsqu\u2019on prononce le mot Brennus devant vous, qu\u2019est-ce que \u00e7a vous \u00e9voque\u00a0?<\/p>\n<p class=\"interview-answer\">De l\u2019envie. L\u2019envie de le toucher. De croquer dedans, de profiter en faisant la f\u00eate avec. Mais pour cela, il faut le gagner (sourire).<\/p>\n<p class=\"interview-question\">Quels sont vos premiers souvenirs en lien avec le Brennus\u00a0?<\/p>\n<p class=\"interview-answer\">Je ne sais pas pourquoi, mais le premier qui me vient, c\u2019est la finale \u00e0 Barcelone (en 2016, remport\u00e9e par le Racing contre Toulon). C\u2019est bien celle-ci o\u00f9 il y a eu un carton rouge (NDLR, \u00e0 l\u2019encontre de Machenaud d\u00e8s la 18e minute)\u00a0? C\u2019est \u00e7a que je retiens. Le Racing s\u2019\u00e9tait \u00ab\u00a0surd\u00e9velopp\u00e9\u00a0\u00bb sur ce match\u00a0: il avait tout donn\u00e9 pour gagner. Quand j\u2019y repense aujourd\u2019hui, \u00e7a d\u00e9montre que si tu d\u00e9cides de gagner, si tu mets tous les ingr\u00e9dients pour, tu peux retourner des montagnes et atteindre ce bouclier.<\/p>\n<p class=\"interview-question\">\u00catre pass\u00e9 \u00e0 deux reprises \u00e0 c\u00f4t\u00e9 du Brennus sans pouvoir le soulever, est-ce une blessure\u00a0?<\/p>\n<p class=\"interview-answer\">Quand on passe \u00e0 c\u00f4t\u00e9 en entrant sur le terrain, on esp\u00e8re \u00e9videmment pouvoir le soulever dans les tribunes 80 minutes plus tard. Donc oui, c\u2019est une blessure. Mais on apprend \u00e9norm\u00e9ment \u00e0 chaque fois. On avait appris beaucoup lors de la premi\u00e8re (59-3, en 2024 \u00e0 Marseille). \u00c7a s\u2019est vu lors de la seconde puisqu\u2019on a r\u00e9ussi \u00e0 pousser jusqu\u2019en prolongation (39-33, en 2025 au Stade de France). En esp\u00e9rant d\u00e9sormais que la troisi\u00e8me ann\u00e9e soit la bonne.<\/p>\n<blockquote><p>\u201cCe que je retiens, c\u2019est que jouer face aux All Blacks, c\u2019est dur en fait (rires)\u201d<\/p><\/blockquote>\n<p class=\"interview-question\">La deuxi\u00e8me finale a-t-elle \u00e9t\u00e9 plus difficile \u00e0 \u00e9vacuer\u00a0?<\/p>\n<p class=\"interview-answer\">Oui. La premi\u00e8re, on n\u2019a pas r\u00e9pondu pr\u00e9sent. Mais lors de la deuxi\u00e8me, on a \u00e9t\u00e9 \u00e0 une brindille d\u2019herbe de toucher le Brennus. C\u2019est tr\u00e8s frustrant.<\/p>\n<p class=\"interview-question\">Dans ce contexte, avoir rejoint le XV de France en Nouvelle-Z\u00e9lande juste apr\u00e8s la finale vous a-t-il aid\u00e9 ou non \u00e0 la dig\u00e9rer\u00a0?<\/p>\n<p class=\"interview-answer\">\u00c7a m\u2019a aid\u00e9 \u00e0 passer \u00e0 autre chose. C\u2019\u00e9tait une autre histoire, avec d\u2019autres objectifs. Les petits p\u00e9pins que j\u2019avais pu avoir en fin de saison, je les ai mis de c\u00f4t\u00e9 pour me donner \u00e0 fond pour ce maillot. J\u2019ai v\u00e9cu une superbe exp\u00e9rience, m\u00eame si le r\u00e9sultat n\u2019a pas \u00e9t\u00e9 celui qu\u2019on esp\u00e9rait. Je pense m\u2019\u00eatre \u00ab\u00a0enrichi\u00a0\u00bb l\u00e0-bas.<\/p>\n<blockquote><p>\u201cOn va essayer de se rapprocher le plus possible de ce bouclier pour le ramener \u00e0 Bordeaux\u201d<\/p><\/blockquote>\n<p class=\"interview-question\">En quoi\u00a0?<\/p>\n<p class=\"interview-answer\">Jouer les Blacks, en Nouvelle-Z\u00e9lande, c\u2019est quelque chose qui n\u2019arrive pas souvent. Si on prend tous les joueurs de rugby, peu ont eu cette chance de faire une tourn\u00e9e l\u00e0-bas et de jouer trois fois contre eux. C\u2019est quelque chose de fou. Ce que je retiens, c\u2019est que jouer face aux Blacks, ce n\u2019est pas facile en fait (rires). J\u2019ai eu aussi la chance d\u2019affronter Jordie Barrett, un joueur que j\u2019idol\u00e2tre. J\u2019ai pu lui parler apr\u00e8s le match\u00a0: en tant que jeune joueur, c\u2019est beau de pouvoir vivre \u00e7a.<\/p>\n<p class=\"interview-question\">Que vous a-t-il dit\u00a0?<\/p>\n<p class=\"interview-answer\">D\u2019apr\u00e8s ce que j\u2019ai compris &#8211; je ne parle pas tr\u00e8s bien anglais (sourire) &#8211; il m\u2019a dit de continuer comme \u00e7a. Je pense qu\u2019il a vu en moi du potentiel. Il m\u2019a dit plein de choses gentilles, c\u2019\u00e9tait sympa comme conversation.<\/p>\n<p class=\"interview-question\">\u00c0 l\u2019aube de cette nouvelle saison de Top\u00a014, quels objectifs vous \u00eates-vous fix\u00e9s\u00a0?<\/p>\n<p class=\"interview-answer\">On doit confirmer la saison qu\u2019on vient de r\u00e9aliser. \u00c7a demandera de la rigueur, du travail, mais surtout de ne jamais baisser d\u2019intensit\u00e9. Se contenter de notre troph\u00e9e de champion d\u2019Europe, \u00e7a peut \u00eatre le pi\u00e8ge. Mais au contraire, on est tr\u00e8s motiv\u00e9 \u00e0 l\u2019id\u00e9e de gagner d\u2019autres titres.<\/p>\n<p class=\"interview-question\">Le Brennus n\u2019est-il pas d\u00e9sormais une obsession pour l\u2019UBB\u00a0?<\/p>\n<p class=\"interview-answer\">Comme pour tout club de Top\u00a014\u00a0! On en a \u00e9t\u00e9 tout proche, on sait \u00e0 quel point c\u2019est difficile d\u2019y arriver. On va essayer de faire en sorte de se rapprocher le plus possible de ce bouclier pour pouvoir le toucher et le ramener \u00e0 Bordeaux un jour.<\/p>\n<p class=\"interview-question\">Avant m\u00eame le d\u00e9but de la saison, vous faites figure de favori pour le bouclier au m\u00eame titre que le Stade Toulousain. Qu\u2019est-ce que \u00e7a vous inspire\u00a0?<\/p>\n<p class=\"interview-answer\">Depuis deux ans, oui, ce sont Toulouse et Bordeaux qui se disputent le titre. Mais on constate que le Top\u00a014 est toujours plus serr\u00e9. Il faut toujours attendre la derni\u00e8re journ\u00e9e pour savoir qui sera en barrages ou en demi-finales. Tous les clubs sont d\u00e9termin\u00e9s pour le remporter. Ce sera de pire en pire dans les saisons \u00e0 venir.<\/p>\n<p class=\"interview-question\">Votre discours est prudent, mais au vu de vos derniers parcours en championnat, il serait l\u00e9gitime de clamer une ambition de mani\u00e8re plus directe\u00a0?<\/p>\n<p class=\"interview-answer\">Ce serait bien pour le club. C\u2019est dans la t\u00eate de tous les Bordelais, de tous les joueurs et de tout le staff. On va tout faire pour essayer de d\u00e9crocher ce bouclier.<\/p>\n<p>    Blessures<br \/>\n<strong>Effectif.<\/strong> L\u2019UBB a jou\u00e9 de malchance ces derni\u00e8res semaines. Les blessures de Maxime Lucu (tendon du pouce), Yoram Moefana (\u00e9paule), Romain Buros (mollet) et Arthur Reti\u00e8re (syndrome des loges) vont entamer le potentiel de la ligne d\u2019attaque bordelaise. \u00ab\u00a0C\u2019est s\u00fbr que \u00e7a nous met une petite \u00e9pine dans le pied\u00a0\u00bb, observe Nicolas Depoortere. \u00ab\u00a0Mais depuis quelques ann\u00e9es, le staff a fait en sorte de cr\u00e9er de la profondeur dans le groupe. M\u00eame si on a des bless\u00e9s, on a un effectif suffisamment fort pour combler \u00e7a.\u00a0\u00bb<\/p>\n","protected":false},"excerpt":{"rendered":"Lorsqu\u2019on prononce le mot Brennus devant vous, qu\u2019est-ce que \u00e7a vous \u00e9voque\u00a0? De l\u2019envie. L\u2019envie de le toucher.&hellip;\n","protected":false},"author":2,"featured_media":364613,"comment_status":"","ping_status":"","sticky":false,"template":"","format":"standard","meta":{"footnotes":""},"categories":[2817],"tags":[1111,11,1997,1777,674,1011,27,12,2219,25],"class_list":{"0":"post-364612","1":"post","2":"type-post","3":"status-publish","4":"format-standard","5":"has-post-thumbnail","7":"category-bordeaux","8":"tag-actu","9":"tag-actualites","10":"tag-bordeaux","11":"tag-eu","12":"tag-europe","13":"tag-fr","14":"tag-france","15":"tag-news","16":"tag-nouvelle-aquitaine","17":"tag-republique-francaise"},"share_on_mastodon":{"url":"https:\/\/pubeurope.com\/@fr\/115143561912779394","error":""},"_links":{"self":[{"href":"https:\/\/www.europesays.com\/fr\/wp-json\/wp\/v2\/posts\/364612","targetHints":{"allow":["GET"]}}],"collection":[{"href":"https:\/\/www.europesays.com\/fr\/wp-json\/wp\/v2\/posts"}],"about":[{"href":"https:\/\/www.europesays.com\/fr\/wp-json\/wp\/v2\/types\/post"}],"author":[{"embeddable":true,"href":"https:\/\/www.europesays.com\/fr\/wp-json\/wp\/v2\/users\/2"}],"replies":[{"embeddable":true,"href":"https:\/\/www.europesays.com\/fr\/wp-json\/wp\/v2\/comments?post=364612"}],"version-history":[{"count":0,"href":"https:\/\/www.europesays.com\/fr\/wp-json\/wp\/v2\/posts\/364612\/revisions"}],"wp:featuredmedia":[{"embeddable":true,"href":"https:\/\/www.europesays.com\/fr\/wp-json\/wp\/v2\/media\/364613"}],"wp:attachment":[{"href":"https:\/\/www.europesays.com\/fr\/wp-json\/wp\/v2\/media?parent=364612"}],"wp:term":[{"taxonomy":"category","embeddable":true,"href":"https:\/\/www.europesays.com\/fr\/wp-json\/wp\/v2\/categories?post=364612"},{"taxonomy":"post_tag","embeddable":true,"href":"https:\/\/www.europesays.com\/fr\/wp-json\/wp\/v2\/tags?post=364612"}],"curies":[{"name":"wp","href":"https:\/\/api.w.org\/{rel}","templated":true}]}}