{"id":364614,"date":"2025-09-04T02:02:10","date_gmt":"2025-09-04T02:02:10","guid":{"rendered":"https:\/\/www.europesays.com\/fr\/364614\/"},"modified":"2025-09-04T02:02:10","modified_gmt":"2025-09-04T02:02:10","slug":"info-actu-toulouse-fin-de-la-production-du-cachou-lajaunie-friandise-emblematique-de-la-ville-rose","status":"publish","type":"post","link":"https:\/\/www.europesays.com\/fr\/364614\/","title":{"rendered":"INFO ACTU TOULOUSE. Fin de la production du Cachou Lajaunie, friandise embl\u00e9matique de la Ville rose"},"content":{"rendered":"<p>            Par<br \/>\n        <strong><br \/>\n            <a href=\"https:\/\/actu.fr\/auteur\/enzo-legros\" title=\"Consulter tous les articles de Enzo Legros\" target=\"_blank\" rel=\"noopener\">Enzo Legros<\/a><br \/>\n        <\/strong><\/p>\n<p>        Publi\u00e9 le<\/p>\n<p>            3 sept. 2025 \u00e0 16h56        <\/p>\n<p>Ils se pr\u00e9sentaient sous la forme de petites boites rondes jaunes, ornant fi\u00e8rement le nom de <a href=\"https:\/\/actu.fr\/toulouse\/\" target=\"_blank\" rel=\"noopener\">la ville de Toulouse<\/a>. Les <strong>Cachou Lajaunie<\/strong>, des pastilles de r\u00e9glisse et de Cachou, un produit obtenu \u00e0 partir de l\u2019acacia, faisaient partie des <a href=\"https:\/\/actu.fr\/occitanie\/toulouse_31555\/patrimoine-l-histoire-de-la-cachou-lajaunie-la-celebre-friandise-made-in-toulouse_39898495.html\" target=\"_blank\" rel=\"noopener\"><strong>\u00e9l\u00e9ments embl\u00e9matiques du patrimoine toulousain<\/strong><\/a> depuis 1880, date o\u00f9 le pharmacien<strong> L\u00e9on Lajaunie<\/strong> les inventa dans son officine. Mais depuis plusieurs mois, les plus fid\u00e8les adeptes du Cachou s\u2019inqui\u00e8tent\u2009: leur petit plaisir, c\u00e9l\u00e8bre partout en France, <strong>est introuvable<\/strong>. La raison est simple,<strong> la production a pris fin<\/strong> il y a maintenant plusieurs mois. Voici ce que l\u2019on sait de la disparition des Cachou Lajaunie.<\/p>\n<p>Depuis un an, le Cachou n\u2019est plus<\/p>\n<p class=\" wall-content\">Pour beaucoup de personnes, la friandise toulousaine \u00e9tait <strong>l\u2019incarnation de la nostalgie<\/strong>. Alors depuis qu\u2019elle est aux abonn\u00e9s absents des rayons gourmandises, la tristesse r\u00e8gne. \u00ab\u2009Aujourd\u2019hui, <strong>ce tr\u00e9sor est en p\u00e9ril\u2009\u00bb<\/strong>, en vient \u00e0 constater un internaute, auteur <a href=\"https:\/\/www.change.org\/p\/sauvons-les-cachous-lajaunie-tr%C3%A9sor-de-notre-patrimoine-toulousain\" target=\"_blank\" rel=\"noopener\">d\u2019une p\u00e9tition intitul\u00e9e \u00ab\u2009Sauvons les Cachous Lajaunie, tr\u00e9sor de notre patrimoine toulousain\u2009\u00bb<\/a> lanc\u00e9e d\u00e9but septembre.<\/p>\n<p class=\" wall-content\">Selon, lui la date officielle de <strong>la disparition du regrett\u00e9 remonte \u00e0 l\u2019automne 2024<\/strong>. Contact\u00e9e par Actu Toulouse, la pharmacie Lajaunie, celle o\u00f9 la friandise a \u00e9t\u00e9 invent\u00e9e par son cr\u00e9ateur il y a plus d\u2019un si\u00e8cle, confirme l\u2019information. \u00ab\u2009Cela fait un an qu\u2019on n\u2019arrive pas \u00e0 s\u2019en procurer\u2009\u00bb, confie-t-on au lieu de naissance du Cachou Lajaunie.<\/p>\n<p>\u00ab\u2009Rupture de stock\u2009\u00bb partout<\/p>\n<p class=\" wall-content\">Auchan, Carrefour, U, Amazon\u2026 Les noms des grandes surfaces et plateformes qui n\u2019ont plus les moyens de r\u00e9pondre aux envies des amoureux des Cachou Lajaunie sont nombreux. \u00ab\u2009Rupture de stock\u2009\u00bb, \u00ab\u2009ce produit revient bient\u00f4t\u2009\u00bb, \u00ab\u2009indisponible\u2009\u00bb, la d\u00e9ception est d\u2019actualit\u00e9 sur tous les sites de vente.<\/p>\n<p>Vid\u00e9os : en ce moment sur Actu<\/p>\n<p class=\" wall-content\">\u00ab\u2009On a \u00e9norm\u00e9ment d\u2019appels pour nous demander si on en a\u2009\u00bb, t\u00e9moigne la <a href=\"https:\/\/actu.fr\/occitanie\/blagnac_31069\/video-la-plus-grande-pharmacie-de-l-agglo-de-toulouse-a-ouvert-dans-ce-centre-commercial_63021889.html\" target=\"_blank\" rel=\"noopener\">pharmacie<\/a> Lajaunie. La r\u00e9alit\u00e9 est que le Cachou Lajaunie est devenu une pi\u00e8ce rare. Sur les plateformes de revente d\u2019occasion, certaines personnes proposent m\u00eame les fameuses bo\u00eetes rondes pour quelques euros.<\/p>\n<p>L\u2019affaire revendue, avant d\u2019\u00eatre arr\u00eat\u00e9e<\/p>\n<p class=\" wall-content\">En 2023, la marque fran\u00e7aise, propri\u00e9t\u00e9 de Mondelez international, a \u00e9t\u00e9 vendue au groupe Perfetti Van Melle, qui d\u00e9tient notamment les chewing-gums Hollywood. Selon nos informations, la d\u00e9cision de stopper la production et la distribution de la marque a \u00e9t\u00e9 prise apr\u00e8s une \u00e9valuation du produit men\u00e9e par le repreneur. <strong>La page internet d\u00e9di\u00e9e \u00e0 la marque a \u00e9t\u00e9 supprim\u00e9e<\/strong> dans la foul\u00e9e, il ne reste plus qu\u2019une derni\u00e8re mention <a href=\"https:\/\/www.perfettivanmelle.fr\/#%C3%A0-propos-de-nous\" target=\"_blank\" rel=\"noopener\">dans la liste des produits propos\u00e9s par l\u2019entreprise<\/a>.<\/p>\n<p>Votre r\u00e9gion, votre actu !<\/p>\n<p>Recevez chaque jour les infos qui comptent pour vous.<\/p>\n<p>\t<a href=\"https:\/\/actu.fr\/newsletter\" class=\"ac-btn ac-btn--corner ac-btn--medium ac-btn--blue800\" target=\"_blank\" rel=\"noopener\">S&rsquo;incrire<\/a><\/p>\n<p class=\" wall-content\">Il est donc inutile de continuer de les chercher, les Cachou Lajaunie ne sont plus. Interrog\u00e9e par Actu Toulouse, Perfetti Van Melle n\u2019a pas souhait\u00e9 donner plus de contexte \u00e0 sa d\u00e9cision, ni rassurer par un \u00e9ventuel caract\u00e8re temporaire de son choix.<\/p>\n<p class=\" wall-content\">Le cr\u00e9ateur de la p\u00e9tition ne veut lui pas perdre espoir, et demande le retour des Cachou, ou a minima la reprise par un acteur local. \u00ab\u2009Le Cachou Lajaunie n\u2019est pas une simple confiserie\u2009: <strong>c\u2019est un embl\u00e8me<\/strong>. Ne laissons pas une multinationale \u00e9trang\u00e8re rayer d\u2019un trait <a href=\"https:\/\/actu.fr\/tag\/patrimoine\" target=\"_blank\" rel=\"noopener\">plus de 140\u00a0ans d\u2019histoire<\/a>\u2009\u00bb, conclut-il.<\/p>\n<p class=\" wall-content\">Personnalisez votre actualit\u00e9 en ajoutant vos villes et m\u00e9dias en favori avec <a href=\"https:\/\/moncompte.actu.fr\" title=\"D\u00e9couvez Mon Actu\" rel=\"nofollow noopener\" data-trk=\"{&quot;cta&quot;:{&quot;action&quot;:&quot;https:\\\/\\\/moncompte.actu.fr&quot;,&quot;category&quot;:&quot;mon compte&quot;,&quot;from&quot;:&quot;article footer&quot;,&quot;name&quot;:&quot;Mon actu&quot;,&quot;type&quot;:&quot;cta&quot;}}\" target=\"_blank\">Mon Actu<\/a>.<\/p>\n","protected":false},"excerpt":{"rendered":"Par Enzo Legros Publi\u00e9 le 3 sept. 2025 \u00e0 16h56 Ils se pr\u00e9sentaient sous la forme de petites&hellip;\n","protected":false},"author":2,"featured_media":364615,"comment_status":"","ping_status":"","sticky":false,"template":"","format":"standard","meta":{"footnotes":""},"categories":[2816],"tags":[1111,11,258,33,1777,674,1011,27,12,2680,2551,25,2312],"class_list":{"0":"post-364614","1":"post","2":"type-post","3":"status-publish","4":"format-standard","5":"has-post-thumbnail","7":"category-toulouse","8":"tag-actu","9":"tag-actualites","10":"tag-alimentation","11":"tag-economie","12":"tag-eu","13":"tag-europe","14":"tag-fr","15":"tag-france","16":"tag-news","17":"tag-occitanie","18":"tag-patrimoine","19":"tag-republique-francaise","20":"tag-toulouse"},"share_on_mastodon":{"url":"https:\/\/pubeurope.com\/@fr\/115143569839977402","error":""},"_links":{"self":[{"href":"https:\/\/www.europesays.com\/fr\/wp-json\/wp\/v2\/posts\/364614","targetHints":{"allow":["GET"]}}],"collection":[{"href":"https:\/\/www.europesays.com\/fr\/wp-json\/wp\/v2\/posts"}],"about":[{"href":"https:\/\/www.europesays.com\/fr\/wp-json\/wp\/v2\/types\/post"}],"author":[{"embeddable":true,"href":"https:\/\/www.europesays.com\/fr\/wp-json\/wp\/v2\/users\/2"}],"replies":[{"embeddable":true,"href":"https:\/\/www.europesays.com\/fr\/wp-json\/wp\/v2\/comments?post=364614"}],"version-history":[{"count":0,"href":"https:\/\/www.europesays.com\/fr\/wp-json\/wp\/v2\/posts\/364614\/revisions"}],"wp:featuredmedia":[{"embeddable":true,"href":"https:\/\/www.europesays.com\/fr\/wp-json\/wp\/v2\/media\/364615"}],"wp:attachment":[{"href":"https:\/\/www.europesays.com\/fr\/wp-json\/wp\/v2\/media?parent=364614"}],"wp:term":[{"taxonomy":"category","embeddable":true,"href":"https:\/\/www.europesays.com\/fr\/wp-json\/wp\/v2\/categories?post=364614"},{"taxonomy":"post_tag","embeddable":true,"href":"https:\/\/www.europesays.com\/fr\/wp-json\/wp\/v2\/tags?post=364614"}],"curies":[{"name":"wp","href":"https:\/\/api.w.org\/{rel}","templated":true}]}}