{"id":364616,"date":"2025-09-04T02:03:12","date_gmt":"2025-09-04T02:03:12","guid":{"rendered":"https:\/\/www.europesays.com\/fr\/364616\/"},"modified":"2025-09-04T02:03:12","modified_gmt":"2025-09-04T02:03:12","slug":"toulouse-pierre-en-rit-encore","status":"publish","type":"post","link":"https:\/\/www.europesays.com\/fr\/364616\/","title":{"rendered":"Toulouse : Pierre en Rit\u2026 encore !"},"content":{"rendered":"<p>\t\t\t\t\t\tAyant r\u00e9cemment d\u00e9bloqu\u00e9 son compteur sur l\u2019hippodrome de Gramat, Pierre En Rit (Pour Moi) r\u00e9alise un petit exploit en dominant les Lageneste\/Macaire ce soir \u00e0 Toulouse sur les balais du Prix de Gaillac. Mont\u00e9 classique et bien qu\u2019un peu allant, le poulain d\u2019Augustin de Boisbrunet domine \u00e0 la lutte Lubie d\u2019Estruval (Beaumec de Houelle), avec tout de m\u00eame 5kg de plus sur le dos. Le repr\u00e9sentant Robinot progresse au fil de ses sorties, lui qui est issu d\u2019une famille \u00e0 l\u2019aise en steeple sur les gros parcours. <\/p>\n<p><img decoding=\"async\" src=\"https:\/\/www.europesays.com\/fr\/wp-content\/uploads\/2025\/09\/20250903092052_68b89601b97e5.jpg\" \/><\/p>\n","protected":false},"excerpt":{"rendered":"Ayant r\u00e9cemment d\u00e9bloqu\u00e9 son compteur sur l\u2019hippodrome de Gramat, Pierre En Rit (Pour Moi) r\u00e9alise un petit exploit&hellip;\n","protected":false},"author":2,"featured_media":364617,"comment_status":"","ping_status":"","sticky":false,"template":"","format":"standard","meta":{"footnotes":""},"categories":[2816],"tags":[1111,11,1777,674,1011,27,1577,12,2680,25,2312],"class_list":{"0":"post-364616","1":"post","2":"type-post","3":"status-publish","4":"format-standard","5":"has-post-thumbnail","7":"category-toulouse","8":"tag-actu","9":"tag-actualites","10":"tag-eu","11":"tag-europe","12":"tag-fr","13":"tag-france","14":"tag-l","15":"tag-news","16":"tag-occitanie","17":"tag-republique-francaise","18":"tag-toulouse"},"share_on_mastodon":{"url":"https:\/\/pubeurope.com\/@fr\/115143573975203552","error":""},"_links":{"self":[{"href":"https:\/\/www.europesays.com\/fr\/wp-json\/wp\/v2\/posts\/364616","targetHints":{"allow":["GET"]}}],"collection":[{"href":"https:\/\/www.europesays.com\/fr\/wp-json\/wp\/v2\/posts"}],"about":[{"href":"https:\/\/www.europesays.com\/fr\/wp-json\/wp\/v2\/types\/post"}],"author":[{"embeddable":true,"href":"https:\/\/www.europesays.com\/fr\/wp-json\/wp\/v2\/users\/2"}],"replies":[{"embeddable":true,"href":"https:\/\/www.europesays.com\/fr\/wp-json\/wp\/v2\/comments?post=364616"}],"version-history":[{"count":0,"href":"https:\/\/www.europesays.com\/fr\/wp-json\/wp\/v2\/posts\/364616\/revisions"}],"wp:featuredmedia":[{"embeddable":true,"href":"https:\/\/www.europesays.com\/fr\/wp-json\/wp\/v2\/media\/364617"}],"wp:attachment":[{"href":"https:\/\/www.europesays.com\/fr\/wp-json\/wp\/v2\/media?parent=364616"}],"wp:term":[{"taxonomy":"category","embeddable":true,"href":"https:\/\/www.europesays.com\/fr\/wp-json\/wp\/v2\/categories?post=364616"},{"taxonomy":"post_tag","embeddable":true,"href":"https:\/\/www.europesays.com\/fr\/wp-json\/wp\/v2\/tags?post=364616"}],"curies":[{"name":"wp","href":"https:\/\/api.w.org\/{rel}","templated":true}]}}