{"id":364618,"date":"2025-09-04T02:05:20","date_gmt":"2025-09-04T02:05:20","guid":{"rendered":"https:\/\/www.europesays.com\/fr\/364618\/"},"modified":"2025-09-04T02:05:20","modified_gmt":"2025-09-04T02:05:20","slug":"des-lieux-de-refuge-au-sein-des-stations-de-metro-pourront-accueillir-les-victimes-de-harcelement","status":"publish","type":"post","link":"https:\/\/www.europesays.com\/fr\/364618\/","title":{"rendered":"des lieux de refuge au sein des stations de m\u00e9tro pourront accueillir les victimes de harc\u00e8lement"},"content":{"rendered":"<p class=\"article__intro\">Pour la premi\u00e8re fois, trois espaces de refuge sont mis en place dans le m\u00e9tro pour les personnes en situation d&rsquo;ins\u00e9curit\u00e9 et de harc\u00e8lement, \u00e0 l&rsquo;occasion de la braderie de Lille. Des stands seront tenus par des agents Il\u00e9via, form\u00e9s \u00e0 la prise en charge des victimes.<\/p>\n<p>\n      L\u2019actu des r\u00e9gions\n    <\/p>\n<p>\n      Chaque jour, un tour d\u2019horizon des principales infos de toutes les r\u00e9gions.\n    <\/p>\n<p>    France T\u00e9l\u00e9visions utilise votre adresse e-mail afin de vous envoyer la newsletter \u00ab\u00a0L\u2019actu des r\u00e9gions\u00a0\u00bb. Vous pouvez vous d\u00e9sinscrire \u00e0 tout moment via le lien en bas de cette newsletter. <a target=\"_blank\" href=\"https:\/\/www.francetelevisions.fr\/groupe\/confidentialite\/politique-de-confidentialite\/politique-de-confidentialite-de-france-televisions-6503\" rel=\"nofollow noopener\">Notre politique de confidentialit\u00e9<\/a><\/p>\n<p>C&rsquo;est une premi\u00e8re pour <a href=\"https:\/\/france3-regions.franceinfo.fr\/hauts-de-france\/nord-0\/lille\/braderie-2025-les-hotels-font-le-plein-plus-une-chambre-a-100-kilometres-a-la-ronde-3209735.html\" target=\"_blank\" data-tooltip-url=\"https:\/\/france3-regions.franceinfo.fr\/hauts-de-france\/nord-0\/lille\/braderie-2025-les-hotels-font-le-plein-plus-une-chambre-a-100-kilometres-a-la-ronde-3209735.html\" rel=\"noopener nofollow\">la braderie de Lille.<\/a> Des safe places (lieux s\u00fbrs) vont \u00eatre mises en place sur le r\u00e9seau Il\u00e9via dans le cadre de la lutte contre les violences sexistes et sexuelles. Ces espaces prendront la forme de \u00ab stands install\u00e9s avant les portillons d\u2019acc\u00e8s \u00bb de trois stations de m\u00e9tro : Gare Lille Flandre, Rihour et R\u00e9publique Beaux-Arts.<\/p>\n<\/p>\n<p>Les stands, ouverts \u00ab sans interruption \u00bb du samedi 7h au dimanche 18h, seront tenus par un agent Il\u00e9via \u00ab form\u00e9 sp\u00e9cifiquement \u00e0 l\u2019accueil et \u00e0 la prise en charge des victimes de harc\u00e8lement sexiste et sexuel \u00bb.<\/p>\n<p>L&rsquo;initiative se fait en partenariat avec l&rsquo;application Umay qui r\u00e9pertorie des lieux s\u00e9curis\u00e9s vers lesquels les victimes de violences sexistes et sexuelles peuvent se r\u00e9fugier. Un agent Umay sera \u00e9galement pr\u00e9sent sur les trois sites pour \u00ab renforcer l\u2019accompagnement \u00bb.<\/p>\n<p>Cette initiative s&rsquo;inscrit dans une volont\u00e9 plus large d&rsquo;Il\u00e9via de lutter contre l&rsquo;ins\u00e9curit\u00e9 et les violences sexistes et sexuelles. En 2022, le r\u00e9seau avait mis en place la descente \u00e0 la demande dans les bus apr\u00e8s 22h. L&rsquo;ann\u00e9e d&rsquo;apr\u00e8s, le dispositif Angela faisait ses d\u00e9buts. Le nom de code \u00ab O\u00f9 est Angela ? \u00bb adress\u00e9s aux personnels des agences permet de d\u00e9clencher une aide envers les victimes.<\/p>\n<p>Reste \u00e0 savoir si le dispositif sera p\u00e9rennis\u00e9 apr\u00e8s la fin de la braderie.<\/p>\n<p><a data-article-figure=\"\" href=\"https:\/\/france3-regions.franceinfo.fr\/image\/qXsqHkZ3yBGrNY8fdwwQfk-OoBQ\/1920x1080\/regions\/2025\/09\/01\/bandeau2-1-68b56651d75e6054954168.png\" data-pswp-width=\"1920\" data-pswp-height=\"1080\" target=\"_blank\" rel=\"nofollow noopener\"><\/p>\n<p>          <img width=\"600\" height=\"400\" class=\"article-image lazy\" data-src=\"https:\/\/www.europesays.com\/fr\/wp-content\/uploads\/2025\/09\/bandeau2-1-68b56651d75e6054954168.png\" alt=\"Vivez la Braderie de Lille avec nous !\" fetchpriority=\"high\" as=\"image\"\/><\/p>\n<p>\n            Vivez la Braderie de Lille avec nous !<br \/>\n                           \u2022<br \/>\n                                      \u00a9 France T\u00e9l\u00e9visions\n                      <\/p>\n<p><\/a><\/p>\n<p>                    Braderie de Lille 2025<\/p>\n<p>                        Du 6 septembre<br \/>\n                        au 7 septembre 2025<\/p>\n<p>Un \u00e9v\u00e9nement organis\u00e9 le week-end du 6 et 7 septembre 2025 dans la capitale des Flandres, \u00e0 Lille et totalisant pr\u00e8s de 80 km d&rsquo;\u00e9tals, c&rsquo;est tout simplement la plus grande braderie d&rsquo;Europe. Chineurs, brocanteurs et visiteurs du Nord, de Belgique et d&rsquo;ailleurs seront \u00e0 l&rsquo;affut de bonnes affaires dans ce bric-\u00e0-brac grandeur XXL, \u00e0 la rencontre des brocanteurs, sans oublier l&rsquo;immanquable moules frites toujours au rendez-vous. Photo : Sebastien Courdji \/ Xinhua News Agency\/Newscom\/MaxPPP<\/p>\n<p>                voir plus<\/p>\n<p>\n                Lieu de l\u2019\u00e9v\u00e9nement:<br \/>\n                Lille\n            <\/p>\n<p>\t\t\t\t\t\t\t\t\t\t\t\t\t\t\t\t\t\t\t\t\t\t\t\t\t<a class=\"btn btn--primary btn--large event_redirect btn--on-white\" href=\"https:\/\/france3-regions.franceinfo.fr\/sorties-loisirs\/evenements\/fetes-locales\/braderie-lille\" aria-label=\"Braderie de Lille 2025. Voir la page de l\u2019\u00e9v\u00e9nement\" rel=\"nofollow noopener\" target=\"_blank\"><\/p>\n<p>              Voir la page de l\u2019\u00e9v\u00e9nement<\/p>\n<p>\t<\/a><\/p>\n","protected":false},"excerpt":{"rendered":"Pour la premi\u00e8re fois, trois espaces de refuge sont mis en place dans le m\u00e9tro pour les personnes&hellip;\n","protected":false},"author":2,"featured_media":364619,"comment_status":"","ping_status":"","sticky":false,"template":"","format":"standard","meta":{"footnotes":""},"categories":[2815],"tags":[1111,11,1777,674,1011,27,811,1307,12,25],"class_list":{"0":"post-364618","1":"post","2":"type-post","3":"status-publish","4":"format-standard","5":"has-post-thumbnail","7":"category-lille","8":"tag-actu","9":"tag-actualites","10":"tag-eu","11":"tag-europe","12":"tag-fr","13":"tag-france","14":"tag-hauts-de-france","15":"tag-lille","16":"tag-news","17":"tag-republique-francaise"},"share_on_mastodon":{"url":"https:\/\/pubeurope.com\/@fr\/115143581591716939","error":""},"_links":{"self":[{"href":"https:\/\/www.europesays.com\/fr\/wp-json\/wp\/v2\/posts\/364618","targetHints":{"allow":["GET"]}}],"collection":[{"href":"https:\/\/www.europesays.com\/fr\/wp-json\/wp\/v2\/posts"}],"about":[{"href":"https:\/\/www.europesays.com\/fr\/wp-json\/wp\/v2\/types\/post"}],"author":[{"embeddable":true,"href":"https:\/\/www.europesays.com\/fr\/wp-json\/wp\/v2\/users\/2"}],"replies":[{"embeddable":true,"href":"https:\/\/www.europesays.com\/fr\/wp-json\/wp\/v2\/comments?post=364618"}],"version-history":[{"count":0,"href":"https:\/\/www.europesays.com\/fr\/wp-json\/wp\/v2\/posts\/364618\/revisions"}],"wp:featuredmedia":[{"embeddable":true,"href":"https:\/\/www.europesays.com\/fr\/wp-json\/wp\/v2\/media\/364619"}],"wp:attachment":[{"href":"https:\/\/www.europesays.com\/fr\/wp-json\/wp\/v2\/media?parent=364618"}],"wp:term":[{"taxonomy":"category","embeddable":true,"href":"https:\/\/www.europesays.com\/fr\/wp-json\/wp\/v2\/categories?post=364618"},{"taxonomy":"post_tag","embeddable":true,"href":"https:\/\/www.europesays.com\/fr\/wp-json\/wp\/v2\/tags?post=364618"}],"curies":[{"name":"wp","href":"https:\/\/api.w.org\/{rel}","templated":true}]}}