{"id":364620,"date":"2025-09-04T02:06:25","date_gmt":"2025-09-04T02:06:25","guid":{"rendered":"https:\/\/www.europesays.com\/fr\/364620\/"},"modified":"2025-09-04T02:06:25","modified_gmt":"2025-09-04T02:06:25","slug":"le-maregraphe-sera-ouvert-pour-les-journees-du-patrimoine-sur-reservation-des-le-5-septembre-du-20-09-2025-au-21-09-2025-marseille","status":"publish","type":"post","link":"https:\/\/www.europesays.com\/fr\/364620\/","title":{"rendered":"Le mar\u00e9graphe sera ouvert pour les Journ\u00e9es du Patrimoine sur r\u00e9servation d\u00e8s le 5 septembre &#8211; Du 20\/09\/2025 au 21\/09\/2025 &#8211; Marseille"},"content":{"rendered":"<p>Le mar\u00e9graphe sera ouvert au public pour les Journ\u00e9es europ\u00e9ennes du Patrimoine (JEP), les 20 et 21 septembre.<\/p>\n<p>&#13;<br \/>\nLe Mar\u00e9graphe c&rsquo;est quoi ?&#13;<\/p>\n<p>Le mar\u00e9graphe de Marseille est \u00e0 la fois<strong> un monument historique et un observatoire moderne,<\/strong> dont le principal int\u00e9r\u00eat scientifique est<strong> le suivi des changements climatiques.<\/strong> Il est g\u00e9r\u00e9 par l&rsquo;Institut national de l&rsquo;information g\u00e9ographique et foresti\u00e8re (IGN). Les visites sont organis\u00e9es par l&rsquo;IGN et l&rsquo;association \u00ab\u00a0Les amis du mar\u00e9graphe de Marseille\u00a0\u00bb.<\/p>\n<p>&#13;<\/p>\n<p><strong>Le mar\u00e9graphe a \u00e9t\u00e9 construit en 1883-84 pour d\u00e9terminer l\u2019origine des altitudes en France continentale<\/strong> (l\u2019altitude 0)<strong>.<br \/><\/strong><br \/>Il abrite le rep\u00e8re fondamental du r\u00e9seau de nivellement fran\u00e7ais continental (un rivet en bronze recouvert d\u2019un alliage de platine et d\u2019iridium).\u00a0<\/p>\n<p>&#13;<\/p>\n<p><strong>Depuis 1885<\/strong>,<strong> cet observatoire est \u00e9quip\u00e9 d\u2019un mar\u00e9graphe m\u00e9canique<\/strong>, qualifi\u00e9 de totalisateur parce qu\u2019il fait en permanence des sommes de niveaux d\u2019eau et permet ainsi le calcul facile et rapide du niveau moyen de la mer<strong>. <\/strong>Cet appareil<strong> unique au monde <\/strong>est toujours en \u00e9tat de marche<strong>. <\/strong>Il est essentiel au bon fonctionnement de l\u2019observatoire.<br \/>Le volume et la qualit\u00e9 architecturale des b\u00e2timents sont \u00e9galement remarquables pour un observatoire de ce type. L\u2019arr\u00eat\u00e9 du 28 octobre 2002 a d\u2019ailleurs class\u00e9 le mar\u00e9graphe de Marseille (l\u2019appareil historique et les b\u00e2timents) parmi les <strong>monuments historiques.<\/strong><\/p>\n<p>&#13;<br \/>\nLes 20 et 21 septembre, le mar\u00e9graphe sera ouvert au public sur r\u00e9servation pour les Journ\u00e9es europ\u00e9ennes du patrimoine\u00a0 !&#13;<\/p>\n<p>Chaque ann\u00e9e les Amis du Mar\u00e9graphe proposent des visites comment\u00e9es et gratuites \u00e0 l&rsquo;occasion des Journ\u00e9es du Patrimoine. Victime de son succ\u00e8s, les places partent vite !<\/p>\n<p>&#13;<\/p>\n<p>R\u00e9servation obligatoire \u00e0 partir du vendredi 5 septembre \u00e0 19h<\/p>\n<p> Le nombre de places offertes, limit\u00e9 par l&rsquo;exigu\u00eft\u00e9 des locaux, ne permettra pas de satisfaire tous les candidats \u00e0 la visite lors de cette ouverture. <\/p>\n<p>\u00a0<strong>Votre r\u00e9servation ne sera d\u00e9finitive qu&rsquo;\u00e0 la cr\u00e9ation et la r\u00e9ception de votre billet dans votre messagerie. (Le billet sera \u00e9galement t\u00e9l\u00e9charg\u00e9 automatiquement dans votre navigateur). <\/strong> <\/p>\n<p>Pour tous renseignements: <a href=\"https:\/\/www.frequence-sud.fr\/m\/mailto:amis.maregraphe@gmail.com\" rel=\"nofollow noopener\" target=\"_blank\">amis.maregraphe@gmail.com<\/a>\u00a0<\/p>\n<p>&#13;<\/p>\n<p>\u00a0<\/p>\n<p>&#13;<\/p>\n<p><a href=\"https:\/\/amis-maregraphe-marseille.fr\/\" target=\"_blank\" rel=\"nofollow noopener\">Pour r\u00e9server, rendez-vous ici<\/a><\/p>\n<p>&#13;<\/p>\n<p>\u00a0<\/p>\n<p>&#13;<\/p>\n","protected":false},"excerpt":{"rendered":"Le mar\u00e9graphe sera ouvert au public pour les Journ\u00e9es europ\u00e9ennes du Patrimoine (JEP), les 20 et 21 septembre.&hellip;\n","protected":false},"author":2,"featured_media":364621,"comment_status":"","ping_status":"","sticky":false,"template":"","format":"standard","meta":{"footnotes":""},"categories":[2814],"tags":[1111,11,1777,674,1011,27,884,12,882,25],"class_list":{"0":"post-364620","1":"post","2":"type-post","3":"status-publish","4":"format-standard","5":"has-post-thumbnail","7":"category-marseille","8":"tag-actu","9":"tag-actualites","10":"tag-eu","11":"tag-europe","12":"tag-fr","13":"tag-france","14":"tag-marseille","15":"tag-news","16":"tag-provence-alpes-cote-dazur","17":"tag-republique-francaise"},"share_on_mastodon":{"url":"https:\/\/pubeurope.com\/@fr\/115143585704458291","error":""},"_links":{"self":[{"href":"https:\/\/www.europesays.com\/fr\/wp-json\/wp\/v2\/posts\/364620","targetHints":{"allow":["GET"]}}],"collection":[{"href":"https:\/\/www.europesays.com\/fr\/wp-json\/wp\/v2\/posts"}],"about":[{"href":"https:\/\/www.europesays.com\/fr\/wp-json\/wp\/v2\/types\/post"}],"author":[{"embeddable":true,"href":"https:\/\/www.europesays.com\/fr\/wp-json\/wp\/v2\/users\/2"}],"replies":[{"embeddable":true,"href":"https:\/\/www.europesays.com\/fr\/wp-json\/wp\/v2\/comments?post=364620"}],"version-history":[{"count":0,"href":"https:\/\/www.europesays.com\/fr\/wp-json\/wp\/v2\/posts\/364620\/revisions"}],"wp:featuredmedia":[{"embeddable":true,"href":"https:\/\/www.europesays.com\/fr\/wp-json\/wp\/v2\/media\/364621"}],"wp:attachment":[{"href":"https:\/\/www.europesays.com\/fr\/wp-json\/wp\/v2\/media?parent=364620"}],"wp:term":[{"taxonomy":"category","embeddable":true,"href":"https:\/\/www.europesays.com\/fr\/wp-json\/wp\/v2\/categories?post=364620"},{"taxonomy":"post_tag","embeddable":true,"href":"https:\/\/www.europesays.com\/fr\/wp-json\/wp\/v2\/tags?post=364620"}],"curies":[{"name":"wp","href":"https:\/\/api.w.org\/{rel}","templated":true}]}}