{"id":364624,"date":"2025-09-04T02:08:10","date_gmt":"2025-09-04T02:08:10","guid":{"rendered":"https:\/\/www.europesays.com\/fr\/364624\/"},"modified":"2025-09-04T02:08:10","modified_gmt":"2025-09-04T02:08:10","slug":"cest-inedit-le-bocuse-dor-europe-se-deroulera-en-france-en-2026","status":"publish","type":"post","link":"https:\/\/www.europesays.com\/fr\/364624\/","title":{"rendered":"C&rsquo;est in\u00e9dit, le Bocuse d&rsquo;Or Europe se d\u00e9roulera en France en 2026"},"content":{"rendered":"<p class=\"content\" style=\"font-size:1.2em;font-weight:700\">La ville de Marseille a \u00e9t\u00e9 d\u00e9sign\u00e9e pour accueillir le Bocuse d&rsquo;Or Europe, les 15 et 16 mars 2026, lors du Sirha M\u00e9diterran\u00e9e. <\/p>\n<p>Avant de d\u00e9barquer \u00e0 Lyon, comme tous les deux ans, la finale mondiale du Bocuse d&rsquo;Or,<a href=\"https:\/\/www.lyoncapitale.fr\/a-table\/les-enjeux-touristiques-du-bocuse-d-or\" target=\"_blank\" rel=\"noreferrer noopener nofollow\"> plus grand concours de gastronomie au monde<\/a>,\u00a0est pr\u00e9c\u00e9d\u00e9e par des phases de qualifications nationale et continentale. Pour la toute premi\u00e8re fois, la comp\u00e9tition europ\u00e9enne se d\u00e9roulera en France et plus pr\u00e9cis\u00e9ment \u00e0 Marseille, les 15 et 16 mars 2026 au Parc Chanot, lors du Sirha M\u00e9diterran\u00e9e.<\/p>\n<p><strong>Lire aussi : <\/strong><a href=\"https:\/\/www.lyoncapitale.fr\/a-table\/les-enjeux-touristiques-du-bocuse-d-or\" target=\"_blank\" rel=\"noreferrer noopener nofollow\">Les enjeux g\u00e9o-touristiques du Bocuse d&rsquo;Or<\/a><\/p>\n<p>Grande finale en janvier 2027 <\/p>\n<p>Vingt \u00e9quipes repr\u00e9sentant autant de pays europ\u00e9ens s&rsquo;affronteront donc dans la cit\u00e9 phoc\u00e9enne pour tenter de d\u00e9crocher l&rsquo;une des dix places qualificatives pour la grande finale, pr\u00e9vue en janvier 2027. \u00ab\u00a0Capitale europ\u00e9enne de la gastronomie en 2023, le choix de Marseille pour accueillir la prochaine \u00e9dition du Bocuse d\u2019Or Europe sonne comme une \u00e9vidence\u00a0\u00bb, estime l&rsquo;organisation. <\/p>\n<p>Rappelons que le Lyonnais et chef \u00e9toil\u00e9 <a href=\"https:\/\/www.lyoncapitale.fr\/actualite\/un-chef-etoile-lyonnais-est-candidat-au-bocuse-d-or-france\" target=\"_blank\" rel=\"noreferrer noopener nofollow\">Ga\u00ebtan Gentil a annonc\u00e9 sa candidature, en juin dernier, pour la s\u00e9lection du Bocuse d&rsquo;Or France<\/a>. L&rsquo;\u00e9preuve se tiendra le 21 octobre prochain, \u00e0 Paris. Il sera entour\u00e9 de Mathis Blain, son commis officiel, et de Maxime Laurenson, son coach. <\/p>\n<p><strong>Lire aussi :<\/strong> <a href=\"https:\/\/www.lyoncapitale.fr\/actualite\/le-chef-lyonnais-gaetan-gentil-s-attaque-au-bocuse-d-or\" target=\"_blank\" rel=\"noreferrer noopener nofollow\">\u00ab\u00a0Le Bocuse d&rsquo;Or, c&rsquo;est un r\u00eave\u00a0\u00bb se r\u00e9jouit le chef \u00e9toil\u00e9 lyonnais Ga\u00ebtan Gentil<\/a><\/p>\n","protected":false},"excerpt":{"rendered":"La ville de Marseille a \u00e9t\u00e9 d\u00e9sign\u00e9e pour accueillir le Bocuse d&rsquo;Or Europe, les 15 et 16 mars&hellip;\n","protected":false},"author":2,"featured_media":364625,"comment_status":"","ping_status":"","sticky":false,"template":"","format":"standard","meta":{"footnotes":""},"categories":[1889],"tags":[1111,11,2430,1777,674,1011,27,2428,12,25],"class_list":{"0":"post-364624","1":"post","2":"type-post","3":"status-publish","4":"format-standard","5":"has-post-thumbnail","7":"category-lyon","8":"tag-actu","9":"tag-actualites","10":"tag-auvergne-rhone-alpes","11":"tag-eu","12":"tag-europe","13":"tag-fr","14":"tag-france","15":"tag-lyon","16":"tag-news","17":"tag-republique-francaise"},"share_on_mastodon":{"url":"https:\/\/pubeurope.com\/@fr\/115143593403251057","error":""},"_links":{"self":[{"href":"https:\/\/www.europesays.com\/fr\/wp-json\/wp\/v2\/posts\/364624","targetHints":{"allow":["GET"]}}],"collection":[{"href":"https:\/\/www.europesays.com\/fr\/wp-json\/wp\/v2\/posts"}],"about":[{"href":"https:\/\/www.europesays.com\/fr\/wp-json\/wp\/v2\/types\/post"}],"author":[{"embeddable":true,"href":"https:\/\/www.europesays.com\/fr\/wp-json\/wp\/v2\/users\/2"}],"replies":[{"embeddable":true,"href":"https:\/\/www.europesays.com\/fr\/wp-json\/wp\/v2\/comments?post=364624"}],"version-history":[{"count":0,"href":"https:\/\/www.europesays.com\/fr\/wp-json\/wp\/v2\/posts\/364624\/revisions"}],"wp:featuredmedia":[{"embeddable":true,"href":"https:\/\/www.europesays.com\/fr\/wp-json\/wp\/v2\/media\/364625"}],"wp:attachment":[{"href":"https:\/\/www.europesays.com\/fr\/wp-json\/wp\/v2\/media?parent=364624"}],"wp:term":[{"taxonomy":"category","embeddable":true,"href":"https:\/\/www.europesays.com\/fr\/wp-json\/wp\/v2\/categories?post=364624"},{"taxonomy":"post_tag","embeddable":true,"href":"https:\/\/www.europesays.com\/fr\/wp-json\/wp\/v2\/tags?post=364624"}],"curies":[{"name":"wp","href":"https:\/\/api.w.org\/{rel}","templated":true}]}}