{"id":364626,"date":"2025-09-04T02:09:17","date_gmt":"2025-09-04T02:09:17","guid":{"rendered":"https:\/\/www.europesays.com\/fr\/364626\/"},"modified":"2025-09-04T02:09:17","modified_gmt":"2025-09-04T02:09:17","slug":"la-grele-annoncee-dans-ces-secteurs","status":"publish","type":"post","link":"https:\/\/www.europesays.com\/fr\/364626\/","title":{"rendered":"la gr\u00eale annonc\u00e9e dans ces secteurs"},"content":{"rendered":"<p>            Par<br \/>\n        <strong><br \/>\n            <a href=\"https:\/\/actu.fr\/auteur\/anthony-soudani\" title=\"Consulter tous les articles de Anthony Soudani\" target=\"_blank\" rel=\"noopener\">Anthony Soudani<\/a><br \/>\n        <\/strong><\/p>\n<p>        Publi\u00e9 le<\/p>\n<p>            3 sept. 2025 \u00e0 16h18        <\/p>\n<p>Une grande partie de <a href=\"https:\/\/actu.fr\/meteo\/vigilance-orange-orages-violents-de-retour-en-france-ce-jeudi-voici-ou-ils-sont-attendus_63109338.html\" target=\"_blank\" rel=\"noopener\">la France est plac\u00e9e en vigilance jaune aux orages<\/a> jeudi 4 septembre 2025. Une perturbation orageuse va s\u2019abattre sur le pays. Le Rh\u00f4ne, la Loire, l\u2019Ain ou encore l\u2019Is\u00e8re sont concern\u00e9s. Des <strong>chutes de gr\u00eale<\/strong> sont m\u00eame possibles dans le d\u00e9partement rhodanien et dans la m\u00e9tropole de <a href=\"https:\/\/actu.fr\/lyon\/\" target=\"_blank\" rel=\"noopener\">Lyon<\/a>.\u00a0<\/p>\n<p class=\" wall-content\">Voici les derni\u00e8res pr\u00e9visions de M\u00e9t\u00e9o-France.<\/p>\n<p>De la gr\u00eale annonc\u00e9e \u00e0 Lyon et autour<\/p>\n<p class=\" wall-content\">Des averses orageuses pourraient se produire d\u00e8s la nuit sur une grande partie du d\u00e9partement (sauf Lyon), puis dans la matin\u00e9e sur l\u2019ensemble du Rh\u00f4ne. Ces orages pourraient ensuite se poursuivre l\u2019apr\u00e8s-midi et m\u00eame devenir plus violents selon les secteurs.\u00a0<\/p>\n<p class=\" wall-content\">Les orages les plus forts pourraient secouer notamment le centre et le sud du d\u00e9partement comme Neuville-sur-Sa\u00f4ne ou L\u2019Arbresle.<\/p>\n<p class=\" wall-content\"><strong>Des orages avec de la gr\u00eale et des rafales \u00e0 50 km\/h sont annonc\u00e9s \u00e0 Lyon<\/strong> par <a href=\"https:\/\/meteofrance.com\/previsions-meteo-france\/rhone\/69\" target=\"_blank\" rel=\"noopener\">M\u00e9t\u00e9o-France<\/a>. Ces derniers pourraient \u00e9galement toucher Pusignan, Meximieux (Ain) et Vienne, dans le Nord-Is\u00e8re qui risque aussi d\u2019\u00eatre concern\u00e9 par la gr\u00eale.<\/p>\n<p>Le Rh\u00f4ne au milieu \u00ab\u00a0d\u2019une activit\u00e9 orageuse forte\u00a0\u00bb<\/p>\n<p class=\" wall-content\">\u00ab\u00a0Une activit\u00e9 orageuse localement forte pourra se d\u00e9clencher l\u2019apr\u00e8s-midi<strong> entre le sud du Massif Central et le nord des Alpes<\/strong> principalement\u00a0\u00bb, indique Keraunos, Observatoire fran\u00e7ais des tornades et orages violents. Le Rh\u00f4ne, l\u2019Ain ou encore l\u2019Is\u00e8re se trouvent pile dans cette zone o\u00f9 les orages pourraient \u00eatre violents.\u00a0<\/p>\n<p class=\" wall-content\">La perturbation orageuse devrait ensuite s\u2019estomper dans la soir\u00e9e. Le soleil devrait faire son retour sur l\u2019ensemble du d\u00e9partement d\u00e8s le vendredi 5 septembre.<\/p>\n<p class=\" wall-content\">Personnalisez votre actualit\u00e9 en ajoutant vos villes et m\u00e9dias en favori avec <a href=\"https:\/\/moncompte.actu.fr\" title=\"D\u00e9couvez Mon Actu\" rel=\"nofollow noopener\" data-trk=\"{&quot;cta&quot;:{&quot;action&quot;:&quot;https:\\\/\\\/moncompte.actu.fr&quot;,&quot;category&quot;:&quot;mon compte&quot;,&quot;from&quot;:&quot;article footer&quot;,&quot;name&quot;:&quot;Mon actu&quot;,&quot;type&quot;:&quot;cta&quot;}}\" target=\"_blank\">Mon Actu<\/a>.<\/p>\n","protected":false},"excerpt":{"rendered":"Par Anthony Soudani Publi\u00e9 le 3 sept. 2025 \u00e0 16h18 Une grande partie de la France est plac\u00e9e&hellip;\n","protected":false},"author":2,"featured_media":364627,"comment_status":"","ping_status":"","sticky":false,"template":"","format":"standard","meta":{"footnotes":""},"categories":[1889],"tags":[1111,11,2430,1777,674,1011,27,2428,2487,2357,12,4594,25],"class_list":{"0":"post-364626","1":"post","2":"type-post","3":"status-publish","4":"format-standard","5":"has-post-thumbnail","7":"category-lyon","8":"tag-actu","9":"tag-actualites","10":"tag-auvergne-rhone-alpes","11":"tag-eu","12":"tag-europe","13":"tag-fr","14":"tag-france","15":"tag-lyon","16":"tag-meteo","17":"tag-meteo-france","18":"tag-news","19":"tag-orages","20":"tag-republique-francaise"},"share_on_mastodon":{"url":"https:\/\/pubeurope.com\/@fr\/115143597283760506","error":""},"_links":{"self":[{"href":"https:\/\/www.europesays.com\/fr\/wp-json\/wp\/v2\/posts\/364626","targetHints":{"allow":["GET"]}}],"collection":[{"href":"https:\/\/www.europesays.com\/fr\/wp-json\/wp\/v2\/posts"}],"about":[{"href":"https:\/\/www.europesays.com\/fr\/wp-json\/wp\/v2\/types\/post"}],"author":[{"embeddable":true,"href":"https:\/\/www.europesays.com\/fr\/wp-json\/wp\/v2\/users\/2"}],"replies":[{"embeddable":true,"href":"https:\/\/www.europesays.com\/fr\/wp-json\/wp\/v2\/comments?post=364626"}],"version-history":[{"count":0,"href":"https:\/\/www.europesays.com\/fr\/wp-json\/wp\/v2\/posts\/364626\/revisions"}],"wp:featuredmedia":[{"embeddable":true,"href":"https:\/\/www.europesays.com\/fr\/wp-json\/wp\/v2\/media\/364627"}],"wp:attachment":[{"href":"https:\/\/www.europesays.com\/fr\/wp-json\/wp\/v2\/media?parent=364626"}],"wp:term":[{"taxonomy":"category","embeddable":true,"href":"https:\/\/www.europesays.com\/fr\/wp-json\/wp\/v2\/categories?post=364626"},{"taxonomy":"post_tag","embeddable":true,"href":"https:\/\/www.europesays.com\/fr\/wp-json\/wp\/v2\/tags?post=364626"}],"curies":[{"name":"wp","href":"https:\/\/api.w.org\/{rel}","templated":true}]}}