{"id":364628,"date":"2025-09-04T02:11:28","date_gmt":"2025-09-04T02:11:28","guid":{"rendered":"https:\/\/www.europesays.com\/fr\/364628\/"},"modified":"2025-09-04T02:11:28","modified_gmt":"2025-09-04T02:11:28","slug":"un-risque-de-tornades-de-la-normandie-aux-hauts-de-france-en-passant-par-lile-de-france","status":"publish","type":"post","link":"https:\/\/www.europesays.com\/fr\/364628\/","title":{"rendered":"Un risque de tornades de la Normandie aux Hauts-de-France en passant par l\u2019\u00cele-de-France"},"content":{"rendered":"<p class=\"paragraph text_align_left lp-f-body-02\">Prudence ce mercredi dans le nord de la France. La situation m\u00e9t\u00e9o est tr\u00e8s perturb\u00e9e et pr\u00e9sente un risque inhabituellement \u00e9lev\u00e9 de formation de <a href=\"https:\/\/www.leparisien.fr\/meteo\/quest-ce-quune-tornade-31-01-2024-AXI7EOAOSRDJZDQ7AGXZXUMNTA.php\" target=\"_blank\" rel=\"noreferrer noopener\">tornades<\/a>.<\/p>\n<p class=\"paragraph text_align_left lp-f-body-02\">Ce danger provient d\u2019une instabilit\u00e9 prononc\u00e9e dans l\u2019atmosph\u00e8re. Elle se manifeste, entre autres, par un vent fort, voire tr\u00e8s fort. Des rafales \u00e0 pr\u00e8s d\u2019une centaine de km\/h sont attendues pr\u00e8s des c\u00f4tes bretonnes et de la Manche. Dans les terres, sur un vaste quart nord-ouest du pays, elles atteindront r\u00e9guli\u00e8rement de 70 km\/h \u00e0 80 km\/h. <a href=\"https:\/\/meteofrance.com\/\" target=\"_blank\" rel=\"noreferrer noopener\">M\u00e9t\u00e9o France<\/a> place d\u2019ailleurs une petite trentaine de d\u00e9partements en vigilance jaune (niveau 2 sur 4) pour ce motif.<\/p>\n<p><img decoding=\"async\" class=\"image \" loading=\"lazy\" src=\"https:\/\/www.europesays.com\/fr\/wp-content\/uploads\/2025\/09\/3GM4JOCP7VHFNMIOSBD3MNVJKA.JPG\" alt=\"\/M\u00e9t\u00e9o France\" align=\"\" data-rubrique-principale=\"\" data-article-type=\"\" fetchpriority=\"auto\"\/>\/M\u00e9t\u00e9o France<\/p>\n<p class=\"paragraph text_align_left lp-f-body-02\">Une trentaine de d\u00e9partements sont aussi en vigilance jaune en raison des orages. Mais la carte vise des zones plus \u00e0 l\u2019Est et moins au Sud.<\/p>\n<p><img decoding=\"async\" class=\"image \" loading=\"lazy\" src=\"https:\/\/www.europesays.com\/fr\/wp-content\/uploads\/2025\/09\/RUFNGYM2JFBGLN55JBDVAGXL5U.JPG\" alt=\"\/M\u00e9t\u00e9o France\" align=\"\" data-rubrique-principale=\"\" data-article-type=\"\" fetchpriority=\"auto\"\/>\/M\u00e9t\u00e9o France<\/p>\n<p class=\"paragraph text_align_left lp-f-body-02\">La superposition de ces deux cartes de vigilance couvre la zone menac\u00e9e par la formation de tornades. <a href=\"https:\/\/www.keraunos.org\/previsions\/prevision-orage-tornade-france-convective-outlook.html\" target=\"_blank\" rel=\"noreferrer noopener\">Keraunos<\/a>, l\u2019observatoire fran\u00e7ais des tornades et orages violents, l\u2019\u00e9tend m\u00eame aux fronti\u00e8res de l\u2019Alsace et jusqu\u2019au nord de la Bourgogne. Dans l\u2019ensemble, la probabilit\u00e9 est de 5 % \u00e0 15 %, ce qui est assez commun. Mais de l\u2019Ille-et-Vilaine et du nord des Pays de la Loire jusqu\u2019\u00e0 la fronti\u00e8re belge, la probabilit\u00e9 augmente. Elle devient m\u00eame assez marqu\u00e9e et atteint 30 % \u00e0 45 % de la Normandie aux Hauts-de-France en passant par le nord-ouest de l\u2019\u00cele-de-France dans le Val-d\u2019Oise et les Yvelines. Un tel pourcentage de risque est rare sur une telle \u00e9tendue.<\/p>\n<p>\u00ab Une \u00e0 deux fortes tornades \u00bb possibles<\/p>\n<p class=\"paragraph text_align_left lp-f-body-02\">\u00ab Le risque d\u2019orage s\u2019accentue surtout \u00e0 partir de la mi-journ\u00e9e pour culminer durant l\u2019apr\u00e8s-midi et jusqu\u2019en d\u00e9but de soir\u00e9e. Ils pourront \u00eatre localement virulents avec production de gr\u00eale, de pluies g\u00e9n\u00e9ralement peu durables mais intenses, et de bourrasques isol\u00e9ment \u00e0 plus de 100 km\/h \u00bb d\u00e9taille Keraunos. \u00ab Un risque de tornade sera pr\u00e9sent de la Bretagne jusqu\u2019aux fronti\u00e8res belges avec une probabilit\u00e9 d\u2019occurrence qui s\u2019annonce plus marqu\u00e9e de la Normandie jusqu\u2019aux fronti\u00e8res belges. \u00bb<\/p>\n<p class=\"title-embed-dailymotion lp-color-text lp-f-subtitle-04\">Vid\u00e9oDeux tornades film\u00e9es dans le Centre-Val de Loire<\/p>\n<p class=\"paragraph text_align_left lp-f-body-02\">Carte \u00e0 l\u2019appui, le site sp\u00e9cialis\u00e9 <a href=\"https:\/\/extrememeteo.com\/\" target=\"_blank\" rel=\"noreferrer noopener\">Extr\u00eame m\u00e9t\u00e9o<\/a> insiste bien sur le fait qu\u2019il ne s\u2019agit que d\u2019un \u00ab risque \u00bb. \u00ab \u00c7a ne veut certainement pas dire que des tornades vont rayer de la carte tout le secteur. Le risque restera localis\u00e9 mais des supercellules pourraient supporter une \u00e0 deux fortes tornades. \u00bb<\/p>\n<blockquote class=\"twitter-tweet\">\n<p lang=\"fr\" dir=\"ltr\">Forte r\u00e9action de l&rsquo;indice STP (potentiel tornadique) sur le mod\u00e8le Nowcast SWISS, risque se d\u00e9calant de l&rsquo;est Bretagne \u00e0 la Belgique en passant par la Normandie, les Hauts de France, nord Pays de la Loire, nord R\u00e9gion Centre et nord et ouest Ile de France potentiellement expos\u00e9s\u2026 <a href=\"https:\/\/t.co\/zYl8TsJHw6\">pic.twitter.com\/zYl8TsJHw6<\/a><\/p>\n<p>\u2014 Extr\u00eame M\u00e9t\u00e9o (@ExtremeMeteo) <a href=\"https:\/\/twitter.com\/ExtremeMeteo\/status\/1963121501172797633?ref_src=twsrc%5Etfw\" target=\"_blank\" rel=\"noopener\">September 3, 2025<\/a><\/p><\/blockquote>\n<p class=\"paragraph text_align_left lp-f-body-02\">Fran\u00e7ois Jobard, pr\u00e9visionniste chez M\u00e9t\u00e9o France, insiste sur le \u00ab cisaillement \u00bb des vents ce mercredi. Cela signifie que sur une tr\u00e8s courte distance, il peut changer brusquement de direction et\/ou de vitesse. C\u2019est une situation favorable \u00e0 l\u2019\u00e9mergence de tornades. \u00ab Dans un contexte fortement cisaill\u00e9 en vitesse et direction dans les basses couches (NDLR : de l\u2019atmosph\u00e8re), des rafales convectives sont possibles et des tornades pas exclues \u00bb, analyse-t-il sur le r\u00e9seau social <a href=\"https:\/\/bsky.app\/profile\/francoisjobard.bsky.social\" target=\"_blank\" rel=\"noreferrer noopener\">Bluesky<\/a>.<\/p>\n<p class=\"paragraph text_align_left lp-f-body-02\">Mardi, une probable tornade a fait <a href=\"https:\/\/www.leparisien.fr\/meteo\/gros-degats-dans-le-morbihan-a-cause-du-vent-possible-tornade-pres-de-lorient-et-ploermel-02-09-2025-3NIDEWDS6FBEZOQG72RVPGKIFI.php\" target=\"_blank\" rel=\"noreferrer noopener\">d\u2019importants d\u00e9g\u00e2ts dans le Morbihan<\/a>, notamment au hameau de Kerchevet, \u00e0 Gu\u00e9henno. Une enqu\u00eate de terrain doit encore confirmer qu\u2019il s\u2019agit bien de ce type de ph\u00e9nom\u00e8ne. Mais les premi\u00e8res constatations laissent peu de doutes. Vendredi dernier, <a href=\"https:\/\/www.leparisien.fr\/meteo\/meteo-deux-tornades-ont-fait-des-degats-pres-de-chartres-et-de-montargis-30-08-2025-KYJFTP7G3BGPVHJABI46EZNAUY.php\" target=\"_blank\" rel=\"noreferrer noopener\">deux autres tornades<\/a> avaient caus\u00e9 des dommages pr\u00e8s de Chartres (Eure-et-Loir) et dans les environs de Montargis (Loiret).<\/p>\n<p><script async src=\"https:\/\/platform.twitter.com\/widgets.js\" charset=\"utf-8\"><\/script><\/p>\n","protected":false},"excerpt":{"rendered":"Prudence ce mercredi dans le nord de la France. La situation m\u00e9t\u00e9o est tr\u00e8s perturb\u00e9e et pr\u00e9sente un&hellip;\n","protected":false},"author":2,"featured_media":364629,"comment_status":"","ping_status":"","sticky":false,"template":"","format":"standard","meta":{"footnotes":""},"categories":[1592],"tags":[1111,11,1777,674,1011,27,662,2487,12,626,25],"class_list":{"0":"post-364628","1":"post","2":"type-post","3":"status-publish","4":"format-standard","5":"has-post-thumbnail","7":"category-ile-de-france","8":"tag-actu","9":"tag-actualites","10":"tag-eu","11":"tag-europe","12":"tag-fr","13":"tag-france","14":"tag-ile-de-france","15":"tag-meteo","16":"tag-news","17":"tag-paris","18":"tag-republique-francaise"},"share_on_mastodon":{"url":"https:\/\/pubeurope.com\/@fr\/115143605565852642","error":""},"_links":{"self":[{"href":"https:\/\/www.europesays.com\/fr\/wp-json\/wp\/v2\/posts\/364628","targetHints":{"allow":["GET"]}}],"collection":[{"href":"https:\/\/www.europesays.com\/fr\/wp-json\/wp\/v2\/posts"}],"about":[{"href":"https:\/\/www.europesays.com\/fr\/wp-json\/wp\/v2\/types\/post"}],"author":[{"embeddable":true,"href":"https:\/\/www.europesays.com\/fr\/wp-json\/wp\/v2\/users\/2"}],"replies":[{"embeddable":true,"href":"https:\/\/www.europesays.com\/fr\/wp-json\/wp\/v2\/comments?post=364628"}],"version-history":[{"count":0,"href":"https:\/\/www.europesays.com\/fr\/wp-json\/wp\/v2\/posts\/364628\/revisions"}],"wp:featuredmedia":[{"embeddable":true,"href":"https:\/\/www.europesays.com\/fr\/wp-json\/wp\/v2\/media\/364629"}],"wp:attachment":[{"href":"https:\/\/www.europesays.com\/fr\/wp-json\/wp\/v2\/media?parent=364628"}],"wp:term":[{"taxonomy":"category","embeddable":true,"href":"https:\/\/www.europesays.com\/fr\/wp-json\/wp\/v2\/categories?post=364628"},{"taxonomy":"post_tag","embeddable":true,"href":"https:\/\/www.europesays.com\/fr\/wp-json\/wp\/v2\/tags?post=364628"}],"curies":[{"name":"wp","href":"https:\/\/api.w.org\/{rel}","templated":true}]}}