{"id":364632,"date":"2025-09-04T02:13:16","date_gmt":"2025-09-04T02:13:16","guid":{"rendered":"https:\/\/www.europesays.com\/fr\/364632\/"},"modified":"2025-09-04T02:13:16","modified_gmt":"2025-09-04T02:13:16","slug":"grace-geyoro-sur-le-point-de-quitter-le-psg","status":"publish","type":"post","link":"https:\/\/www.europesays.com\/fr\/364632\/","title":{"rendered":"Grace Geyoro sur le point de quitter le PSG"},"content":{"rendered":"<p>La milieu de terrain Grace Geyoro devrait quitter le Paris Saint-Germain pour s\u2019envoler de l\u2019autre c\u00f4t\u00e9 de la Manche.<\/p>\n<p class=\"fig-paragraph\">La fin d\u2019un chapitre. Form\u00e9 au Paris Saint-Germain, o\u00f9 elle \u00e9volue depuis 2012,\u00a0<a href=\"http:\/\/www.lefigaro.fr\/sports\/football\/foot-grace-geyoro-a-vecu-difficilement-la-perte-du-brassard-de-capitaine-au-psg-20241023\" target=\"_blank\" data-fig-type=\"NewsFlash\" rel=\"noopener\" data-gtm-custom-categorie=\"navigation\" data-gtm-custom-action=\"crossclick\" data-gtm-custom-label=\"Contextuel\" data-gtm-event=\"customEventSPE\" data-fig-domain=\"LEFIGARO\">Grace Geyoro<\/a>\u00a0serait sur le point de quitter la capitale, selon nos confr\u00e8res de l\u2019\u00c9quipe.<\/p>\n<p class=\"fig-paragraph\">Pour la tricolore aux 100 s\u00e9lections, la fin de son histoire d\u2019amour, qui a tourn\u00e9 au vinaigre depuis la saison derni\u00e8re en raison de sa relation compliqu\u00e9e avec son entra\u00eeneur\u00a0<a href=\"http:\/\/www.lefigaro.fr\/sports\/football\/ligue-1\/foot-apres-la-defaite-en-coupe-de-france-le-psg-ecarte-l-entraineur-de-l-equipe-feminine-abriel-20250505\" data-fig-type=\"NewsFlash\" data-gtm-custom-categorie=\"navigation\" data-gtm-custom-action=\"crossclick\" data-gtm-custom-label=\"Contextuel\" data-gtm-event=\"customEventSPE\" data-fig-domain=\"LEFIGARO\" target=\"_blank\" rel=\"noopener\">Fabrice Abriel<\/a>, est sur le point de se terminer. Toujours selon nos confr\u00e8res, Geyoro devrait s\u2019envoler pour l\u2019Angleterre, et les London City Lionesses, avec qui elle a d\u00e9j\u00e0 trouv\u00e9 un accord. Le transfert pourrait \u00eatre un record dans l\u2019histoire du football f\u00e9minin.<\/p>\n<p>                                    <a class=\"fig-a11y-skip a11y-hidden\" href=\"#fig-a11y-skip-main-inarticle\"><br \/>\n        Passer la publicit\u00e9<br \/>\n    <\/a><\/p>\n<p class=\"fig-paragraph\">Avec 200 matchs disput\u00e9s en professionnel depuis 2014, la milieu de terrain de 28 ans aura inscrit 52 buts avec son club de toujours. Alors que le Paris Saint-Germain se d\u00e9place \u00e0 Lens samedi (21h) dans le cadre de la premi\u00e8re journ\u00e9e d\u2019Arkema Premi\u00e8re Ligue, Grace Geyoro ne fera vraisemblablement pas parti du groupe, elle qui n\u2019a pas point\u00e9 le bout de son nez au camp d\u2019entra\u00eenement depuis la reprise.<\/p>\n","protected":false},"excerpt":{"rendered":"La milieu de terrain Grace Geyoro devrait quitter le Paris Saint-Germain pour s\u2019envoler de l\u2019autre c\u00f4t\u00e9 de la&hellip;\n","protected":false},"author":2,"featured_media":364633,"comment_status":"","ping_status":"","sticky":false,"template":"","format":"standard","meta":{"footnotes":""},"categories":[1888],"tags":[1111,1928,11,1927,1777,38852,674,1011,27,12,1926,626,1925,93,25],"class_list":{"0":"post-364632","1":"post","2":"type-post","3":"status-publish","4":"format-standard","5":"has-post-thumbnail","7":"category-paris","8":"tag-actu","9":"tag-actu-paris","10":"tag-actualites","11":"tag-actualites-paris","12":"tag-eu","13":"tag-euro-de-football-feminin","14":"tag-europe","15":"tag-fr","16":"tag-france","17":"tag-news","18":"tag-news-paris","19":"tag-paris","20":"tag-paris-news","21":"tag-psg","22":"tag-republique-francaise"},"share_on_mastodon":{"url":"https:\/\/pubeurope.com\/@fr\/115143613078191410","error":""},"_links":{"self":[{"href":"https:\/\/www.europesays.com\/fr\/wp-json\/wp\/v2\/posts\/364632","targetHints":{"allow":["GET"]}}],"collection":[{"href":"https:\/\/www.europesays.com\/fr\/wp-json\/wp\/v2\/posts"}],"about":[{"href":"https:\/\/www.europesays.com\/fr\/wp-json\/wp\/v2\/types\/post"}],"author":[{"embeddable":true,"href":"https:\/\/www.europesays.com\/fr\/wp-json\/wp\/v2\/users\/2"}],"replies":[{"embeddable":true,"href":"https:\/\/www.europesays.com\/fr\/wp-json\/wp\/v2\/comments?post=364632"}],"version-history":[{"count":0,"href":"https:\/\/www.europesays.com\/fr\/wp-json\/wp\/v2\/posts\/364632\/revisions"}],"wp:featuredmedia":[{"embeddable":true,"href":"https:\/\/www.europesays.com\/fr\/wp-json\/wp\/v2\/media\/364633"}],"wp:attachment":[{"href":"https:\/\/www.europesays.com\/fr\/wp-json\/wp\/v2\/media?parent=364632"}],"wp:term":[{"taxonomy":"category","embeddable":true,"href":"https:\/\/www.europesays.com\/fr\/wp-json\/wp\/v2\/categories?post=364632"},{"taxonomy":"post_tag","embeddable":true,"href":"https:\/\/www.europesays.com\/fr\/wp-json\/wp\/v2\/tags?post=364632"}],"curies":[{"name":"wp","href":"https:\/\/api.w.org\/{rel}","templated":true}]}}