{"id":364637,"date":"2025-09-04T02:16:13","date_gmt":"2025-09-04T02:16:13","guid":{"rendered":"https:\/\/www.europesays.com\/fr\/364637\/"},"modified":"2025-09-04T02:16:13","modified_gmt":"2025-09-04T02:16:13","slug":"une-alliance-au-beau-fixe-dw-03-09-2025","status":"publish","type":"post","link":"https:\/\/www.europesays.com\/fr\/364637\/","title":{"rendered":"une alliance au beau fixe \u2013 DW \u2013 03\/09\/2025"},"content":{"rendered":"<p>C&rsquo;est une d\u00e9monstration de force pour la <a class=\"internal-link\" href=\"https:\/\/www.dw.com\/fr\/chine\/t-19319282\" rel=\"nofollow noopener\" target=\"_blank\">Chine<\/a> de <a class=\"internal-link\" href=\"https:\/\/www.dw.com\/fr\/xi-jinping\/t-71329973\" rel=\"nofollow noopener\" target=\"_blank\">Xi Jinping<\/a>, tant sur le plan militaire que diplomatique.<\/p>\n<p>Lors du d\u00e9fil\u00e9 organis\u00e9 pour comm\u00e9morer les 80 ans de la fin de la Seconde Guerre mondiale \u00e0 P\u00e9kin, la Chine n&rsquo;a pas l\u00e9sin\u00e9 sur les moyens, d\u00e9voilant notamment de nouvelles armes, dont un missile balistique intercontinental, capable de transporter plusieurs <a class=\"internal-link\" href=\"https:\/\/www.dw.com\/fr\/energie-nucleaire-civile-militaire\/t-73039553\" rel=\"nofollow noopener\" target=\"_blank\">ogives nucl\u00e9aires<\/a>.<\/p>\n<p>Mais c&rsquo;est surtout l&rsquo;image du leader chinois en compagnie de ses homologues russe et nord-cor\u00e9en, <a class=\"internal-link\" href=\"https:\/\/www.dw.com\/fr\/vladimir-poutine\/t-61002271\" rel=\"nofollow noopener\" target=\"_blank\">Vladimir Poutine<\/a> et King Jong Un, qui risque de marquer les esprits. Les trois hommes ont pos\u00e9 pour plusieurs clich\u00e9s, avant de rejoindre les autres dirigeants invit\u00e9s.\u00a0<\/p>\n<p><a class=\"internal-link\" href=\"https:\/\/www.dw.com\/fr\/chine-russie-unite\/a-73840049\" rel=\"nofollow noopener\" target=\"_blank\">Si la pr\u00e9sence de Vladimir Poutine est un symbole important<\/a>, celle de Kim Jong Un l&rsquo;est d&rsquo;autant puisque c&rsquo;est la premi\u00e8re fois, depuis 1959, qu&rsquo;un dirigeant nord-cor\u00e9en assiste \u00e0 un d\u00e9fil\u00e9 militaire chinois, depuis la venue, il y a 66 ans, de Kim Il Sung, le grand-p\u00e8re de l&rsquo;actuel dirigeant nord-cor\u00e9en.<\/p>\n<p><img data-format=\"MASTER_LANDSCAPE\" data-id=\"73859248\" data-url=\"https:\/\/static.dw.com\/image\/73859248_${formatId}.jpg\" data-aspect-ratio=\"16\/9\" alt=\"Xi Jinping, Vladimir Poutine, Kim Jong Un et plusieurs dirigeants posent lors de la parade militaire comm\u00e9morant la fin de la seconde guerre mondiale\" style=\"padding-bottom: 56.25%; height: 0; max-height: 0;\"\/>Seuls deux leaders europ\u00e9ens, le pr\u00e9sident serbe Aleksandar Vu\u010di\u0107 et le Premier ministre slovaque Robert Fico, avaient fait le d\u00e9placement \u00e0 P\u00e9kin.  Image : Sergei Bobylev\/TASS\/picture alliance<\/p>\n<p>Une rencontre Poutine &#8211; Kim, particuli\u00e8rement chaleureuse<\/p>\n<p>En marge du d\u00e9fil\u00e9, Vladimir Poutine en a profit\u00e9 pour remercier chaleureusement Kim Jong Un pour son aide sur le front ukrainien.<\/p>\n<p>Le ma\u00eetre du Kremlin a soulign\u00e9 les efforts faits par les soldats nord-cor\u00e9ens envoy\u00e9s sur le terrain et a mis en avant la coop\u00e9ration fructueuse entre les deux pays.\u00a0<\/p>\n<p>\u00ab\u00a0<a class=\"internal-link\" href=\"https:\/\/www.dw.com\/fr\/vladimir-poutine-en-visite-en-coree-du-nord\/a-69400446\" rel=\"nofollow noopener\" target=\"_blank\">Ces derniers temps, les relations entre nos pays sont devenues particuli\u00e8rement amicales<\/a>, bas\u00e9es sur la confiance entre alli\u00e9s\u00a0\u00bb, a d\u00e9clar\u00e9 le pr\u00e9sident russe. Kim Jong Un a, lui, assur\u00e9 que la Cor\u00e9e du Nord\u00a0 \u00ab\u00a0ferait tout pour aider la Russie\u00a0\u00bb et a \u00e9voqu\u00e9 \u00ab\u00a0un devoir fraternel\u00a0\u00bb.<\/p>\n<p>En s&rsquo;affichant ensemble aux c\u00f4t\u00e9s du pr\u00e9sident chinois Xi Jinping, Vladimir Poutine et Kim Jong Un veulent montrer que l&rsquo;alliance entre les trois pays est plus solide que jamais.<\/p>\n<p>De quoi inqui\u00e9ter les pays occidentaux, souvent vis\u00e9s par le trio. La cheffe de la diplomatie de l&rsquo;Union europ\u00e9enne, Kaja Kallas, a rappel\u00e9 que \u00ab\u00a0<a class=\"internal-link\" href=\"https:\/\/www.dw.com\/fr\/guerre-en-ukraine\/t-61096880\" rel=\"nofollow noopener\" target=\"_blank\">la guerre de la Russie en Ukraine<\/a> \u00e9tait soutenue indirectement par la Chine\u00a0\u00bb. \u00ab\u00a0Ce sont des r\u00e9alit\u00e9s auxquelles l&rsquo;Europe doit faire face\u00a0\u00bb, a-t-elle ajout\u00e9.<\/p>\n<p>De son c\u00f4t\u00e9, <a class=\"internal-link\" href=\"https:\/\/www.dw.com\/fr\/donald-trump\/t-71293755\" rel=\"nofollow noopener\" target=\"_blank\">Donald Trump<\/a> a attaqu\u00e9 Xi Jinping sur Truth Social. \u00ab\u00a0Veuillez transmettre mes salutations les plus chaleureuses \u00e0 Vladimir Poutine et Kim Jong Un, alors que vous conspirez contre les \u00c9tats-Unis d&rsquo;Am\u00e9rique\u00a0\u00bb, a-t-il \u00e9crit.<\/p>\n","protected":false},"excerpt":{"rendered":"C&rsquo;est une d\u00e9monstration de force pour la Chine de Xi Jinping, tant sur le plan militaire que diplomatique.&hellip;\n","protected":false},"author":2,"featured_media":364638,"comment_status":"","ping_status":"","sticky":false,"template":"","format":"standard","meta":{"footnotes":""},"categories":[1591],"tags":[11,1887,12,1885,1886,132],"class_list":{"0":"post-364637","1":"post","2":"type-post","3":"status-publish","4":"format-standard","5":"has-post-thumbnail","7":"category-russie","8":"tag-actualites","9":"tag-federation-de-russie","10":"tag-news","11":"tag-russia","12":"tag-russian-federation","13":"tag-russie"},"share_on_mastodon":{"url":"https:\/\/pubeurope.com\/@fr\/115143624972954616","error":""},"_links":{"self":[{"href":"https:\/\/www.europesays.com\/fr\/wp-json\/wp\/v2\/posts\/364637","targetHints":{"allow":["GET"]}}],"collection":[{"href":"https:\/\/www.europesays.com\/fr\/wp-json\/wp\/v2\/posts"}],"about":[{"href":"https:\/\/www.europesays.com\/fr\/wp-json\/wp\/v2\/types\/post"}],"author":[{"embeddable":true,"href":"https:\/\/www.europesays.com\/fr\/wp-json\/wp\/v2\/users\/2"}],"replies":[{"embeddable":true,"href":"https:\/\/www.europesays.com\/fr\/wp-json\/wp\/v2\/comments?post=364637"}],"version-history":[{"count":0,"href":"https:\/\/www.europesays.com\/fr\/wp-json\/wp\/v2\/posts\/364637\/revisions"}],"wp:featuredmedia":[{"embeddable":true,"href":"https:\/\/www.europesays.com\/fr\/wp-json\/wp\/v2\/media\/364638"}],"wp:attachment":[{"href":"https:\/\/www.europesays.com\/fr\/wp-json\/wp\/v2\/media?parent=364637"}],"wp:term":[{"taxonomy":"category","embeddable":true,"href":"https:\/\/www.europesays.com\/fr\/wp-json\/wp\/v2\/categories?post=364637"},{"taxonomy":"post_tag","embeddable":true,"href":"https:\/\/www.europesays.com\/fr\/wp-json\/wp\/v2\/tags?post=364637"}],"curies":[{"name":"wp","href":"https:\/\/api.w.org\/{rel}","templated":true}]}}