{"id":364639,"date":"2025-09-04T02:17:10","date_gmt":"2025-09-04T02:17:10","guid":{"rendered":"https:\/\/www.europesays.com\/fr\/364639\/"},"modified":"2025-09-04T02:17:10","modified_gmt":"2025-09-04T02:17:10","slug":"avant-de-parler-a-zelensky-trump-menace-poutine","status":"publish","type":"post","link":"https:\/\/www.europesays.com\/fr\/364639\/","title":{"rendered":"Avant de parler \u00e0 Zelensky, Trump menace Poutine"},"content":{"rendered":"<p>La bromance entre la Maison-Blanche et le Kremlin est au point mort. Frustr\u00e9 de ne pas voir la paix arriver entre Kiev et Moscou, <a href=\"https:\/\/www.20minutes.fr\/dossier\/donald_trump\" target=\"_blank\" class=\"c-link c-link--is-underlined\" rel=\"noopener\">Donald Trump<\/a> a fait savoir mercredi qu\u2019il \u00ab\u00a0se passerait quelque chose\u00a0\u00bb si <a href=\"https:\/\/www.20minutes.fr\/monde\/vladimir_poutine\/\" target=\"_blank\" class=\"c-link c-link--is-underlined\" rel=\"noopener\">Vladimir Poutine<\/a> ne r\u00e9pondait pas \u00e0 ses attentes sur l\u2019<a href=\"https:\/\/www.20minutes.fr\/monde\/ukraine\/\" target=\"_blank\" class=\"c-link c-link--is-underlined\" rel=\"noopener\">Ukraine<\/a>.<\/p>\n<p>\u00ab\u00a0Il sait quelle est ma position. [\u2026] Selon la d\u00e9cision qu\u2019il prendra, je serai soit content soit m\u00e9content et si nous ne sommes pas contents, il se passera quelque chose\u00a0\u00bb, a menac\u00e9 le pr\u00e9sident am\u00e9ricain, qui s\u2019entretiendra ce jeudi avec le pr\u00e9sident ukrainien <a href=\"https:\/\/www.20minutes.fr\/monde\/volodymyr-zelensky\/\" target=\"_blank\" class=\"c-link c-link--is-underlined\" rel=\"noopener\">Volodymyr Zelensky<\/a>.<\/p>\n<p>Poutine pr\u00eat \u00e0 atteindre \u00ab\u00a0militairement\u00a0\u00bb ses objectifs<\/p>\n<p>Le locataire de la Maison-Blanche s\u2019est aussi d\u00e9fendu mercredi de ne pas exercer suffisamment de pression sur Moscou, rappelant qu\u2019il avait sanctionn\u00e9 l\u2019Inde pour ses achats de p\u00e9trole russe. \u00ab\u00a0Et je ne suis pas encore pass\u00e9 \u00e0 la phase 2 et \u00e0 la phase 3\u00a0\u00bb, a-t-il ajout\u00e9, semblant indiquer que ce dispositif de sanctions \u00ab\u00a0secondaires\u00a0\u00bb pourrait \u00eatre durci.<\/p>\n<\/p>\n<p>Le pr\u00e9sident russe a pour sa part assur\u00e9 mercredi \u00eatre pr\u00eat \u00e0 atteindre \u00ab\u00a0militairement\u00a0\u00bb ses objectifs en Ukraine en cas d\u2019\u00e9chec des n\u00e9gociations de paix.<\/p>\n<p>Un sommet ce jeudi \u00e0 Paris<\/p>\n<p>Vladimir Poutine a surtout une nouvelle fois mis en cause la l\u00e9gitimit\u00e9 de son homologue ukrainien, tout en assurant \u00eatre pr\u00eat \u00e0 le rencontrer \u00e0 condition que ce soit dans la capitale russe. \u00ab\u00a0Si Zelensky est pr\u00eat, qu\u2019il vienne \u00e0 Moscou\u00a0\u00bb, a-t-il lanc\u00e9. L\u2019id\u00e9e d\u2019une rencontre entre les deux hommes est venue de Donald Trump, qui a d\u00e9ploy\u00e9 une forte activit\u00e9 diplomatique \u2013 sans succ\u00e8s jusqu\u2019ici \u2013 pour tenter de mettre fin \u00e0 la guerre d\u00e9clench\u00e9e en f\u00e9vrier\u00a02022 par l\u2019invasion russe de l\u2019Ukraine.<\/p>\n<p><a href=\"https:\/\/www.20minutes.fr\/monde\/ukraine\/\" target=\"_blank\" class=\"c-link c-btn c-btn--primary\" rel=\"noopener\">Notre dossier sur la Guerre en Ukraine<\/a><\/p>\n<p>\u00ab\u00a0Je vais lui parler tr\u00e8s rapidement et je saurai plus ou moins ce que nous allons faire\u00a0\u00bb, a affirm\u00e9 le pr\u00e9sident am\u00e9ricain mercredi \u00e0 propos de Volodymyr Zelensky. L\u2019entretien se d\u00e9roulera ce jeudi \u00e0 l\u2019issue d\u2019un sommet de la \u00ab\u00a0coalition des volontaires\u00a0\u00bb, a annonc\u00e9 de son c\u00f4t\u00e9 la pr\u00e9sidence fran\u00e7aise. Le sommet est pr\u00e9vu \u00e0 10h30 \u00e0 Paris, avec plusieurs dirigeants dont le pr\u00e9sident ukrainien, les pr\u00e9sidents des institutions europ\u00e9ennes Ursula von\u00a0der\u00a0Leyen et Ant\u00f3nio Costa, Emmanuel Macron, le Finlandais Alexander Stubb, la Danoise Mette Frederiksen ou encore le Polonais Donald Tusk, tandis que d\u2019autres participeront par visioconf\u00e9rence. Il doit \u00eatre suivi \u00e0 14 heures d\u2019un entretien t\u00e9l\u00e9phonique avec le pr\u00e9sident des \u00c9tats-Unis.<\/p>\n","protected":false},"excerpt":{"rendered":"La bromance entre la Maison-Blanche et le Kremlin est au point mort. Frustr\u00e9 de ne pas voir la&hellip;\n","protected":false},"author":2,"featured_media":364640,"comment_status":"","ping_status":"","sticky":false,"template":"","format":"standard","meta":{"footnotes":""},"categories":[1590],"tags":[47,11,312,75,1073,73,1777,674,131,74,12,132,220,2544,133,135,134],"class_list":{"0":"post-364639","1":"post","2":"type-post","3":"status-publish","4":"format-standard","5":"has-post-thumbnail","7":"category-ukraine","8":"tag-actualite","9":"tag-actualites","10":"tag-diplomatie","11":"tag-donald-trump","12":"tag-emmanuel-macron","13":"tag-etats-unis","14":"tag-eu","15":"tag-europe","16":"tag-guerre-en-ukraine","17":"tag-monde","18":"tag-news","19":"tag-russie","20":"tag-ukraine","21":"tag-ursula-von-der-leyen","22":"tag-video","23":"tag-vladimir-poutine","24":"tag-volodymyr-zelensky"},"share_on_mastodon":{"url":"https:\/\/pubeurope.com\/@fr\/115143628787986032","error":""},"_links":{"self":[{"href":"https:\/\/www.europesays.com\/fr\/wp-json\/wp\/v2\/posts\/364639","targetHints":{"allow":["GET"]}}],"collection":[{"href":"https:\/\/www.europesays.com\/fr\/wp-json\/wp\/v2\/posts"}],"about":[{"href":"https:\/\/www.europesays.com\/fr\/wp-json\/wp\/v2\/types\/post"}],"author":[{"embeddable":true,"href":"https:\/\/www.europesays.com\/fr\/wp-json\/wp\/v2\/users\/2"}],"replies":[{"embeddable":true,"href":"https:\/\/www.europesays.com\/fr\/wp-json\/wp\/v2\/comments?post=364639"}],"version-history":[{"count":0,"href":"https:\/\/www.europesays.com\/fr\/wp-json\/wp\/v2\/posts\/364639\/revisions"}],"wp:featuredmedia":[{"embeddable":true,"href":"https:\/\/www.europesays.com\/fr\/wp-json\/wp\/v2\/media\/364640"}],"wp:attachment":[{"href":"https:\/\/www.europesays.com\/fr\/wp-json\/wp\/v2\/media?parent=364639"}],"wp:term":[{"taxonomy":"category","embeddable":true,"href":"https:\/\/www.europesays.com\/fr\/wp-json\/wp\/v2\/categories?post=364639"},{"taxonomy":"post_tag","embeddable":true,"href":"https:\/\/www.europesays.com\/fr\/wp-json\/wp\/v2\/tags?post=364639"}],"curies":[{"name":"wp","href":"https:\/\/api.w.org\/{rel}","templated":true}]}}