{"id":364641,"date":"2025-09-04T02:18:11","date_gmt":"2025-09-04T02:18:11","guid":{"rendered":"https:\/\/www.europesays.com\/fr\/364641\/"},"modified":"2025-09-04T02:18:11","modified_gmt":"2025-09-04T02:18:11","slug":"reunion-des-allies-de-lukraine-sur-les-garanties-securitaires-doutes-sur-lappui-des-usa-04-09-2025-a-0401","status":"publish","type":"post","link":"https:\/\/www.europesays.com\/fr\/364641\/","title":{"rendered":"R\u00e9union des alli\u00e9s de l&rsquo;Ukraine sur les garanties s\u00e9curitaires, doutes sur l&rsquo;appui des USA &#8211; 04\/09\/2025 \u00e0 04:01"},"content":{"rendered":"<p>\n par John Irish\n<\/p>\n<p>\n Une trentaine de<br \/>\ndirigeants participent jeudi \u00e0 des discussions avec le pr\u00e9sident<br \/>\nukrainien Volodimir Zelensky \u00e0 propos des garanties s\u00e9curitaires<br \/>\nqui seront apport\u00e9es \u00e0 Kyiv en cas de cessez-le-feu avec la<br \/>\nRussie, en esp\u00e9rant convaincre d\u00e9finitivement les Etats-Unis de<br \/>\nsoutenir ces d\u00e9marches.\n<\/p>\n<p>\n Cette r\u00e9union de la \u00ab\u00a0coalition des volontaires\u00a0\u00bb, qui se<br \/>\ntient \u00e0 la fois en visioconf\u00e9rence et en pr\u00e9sentiel \u00e0 Paris, va<br \/>\nrassembler nombre de dirigeants europ\u00e9ens mais aussi les<br \/>\ndirigeants turc, australien et canadien.\n<\/p>\n<p>\n La question des garanties s\u00e9curitaires fait l&rsquo;objet de<br \/>\ndiscussions depuis plusieurs mois, \u00e0 diff\u00e9rents niveaux de<br \/>\nd\u00e9cision, entre les alli\u00e9s de Kyiv, qui \u00e9tudient les<br \/>\ncontributions militaires \u00e0 apporter \u00e0 l&rsquo;Ukraine pour dissuader<br \/>\nla Russie de mener de quelconques attaques en cas de tr\u00eave.\n<\/p>\n<p>\n Mais ces d\u00e9marches pi\u00e9tinent, alors que les Europ\u00e9ens ont<br \/>\nfait le constat que tout r\u00f4le militaire sur le terrain<br \/>\nn\u00e9cessiterait que Washington les assure de son soutien. Le<br \/>\npr\u00e9sident am\u00e9ricain Donald Trump n&rsquo;a effectu\u00e9 aucun engagement<br \/>\nconcret en ce sens.\n<\/p>\n<p>\n S&rsquo;exprimant au c\u00f4t\u00e9 de Volodimir Zelensky mercredi \u00e0 Paris,<br \/>\nle pr\u00e9sident fran\u00e7ais Emmanuel Macron a d\u00e9clar\u00e9 que la coalition<br \/>\ndes volontaires approuverait jeudi des projets de garanties<br \/>\ns\u00e9curitaires mis sur pied par les chefs d&rsquo;\u00e9tat-major.\n<\/p>\n<p>\n Des plans \u00ab\u00a0techniques\u00a0\u00bb d\u00e9taill\u00e9s ont \u00e9t\u00e9 finalis\u00e9s, ont dit<br \/>\ndeux repr\u00e9sentants europ\u00e9ens, sans donner de pr\u00e9cisions sur ce<br \/>\nque cela signifiait.\n<\/p>\n<p>\n \u00ab\u00a0Nous sommes pr\u00eats, nous Europ\u00e9ens, \u00e0 fournir des garanties<br \/>\ns\u00e9curitaires \u00e0 l&rsquo;Ukraine. (Le travail de pr\u00e9paration) nous<br \/>\npermet de mani\u00e8re solide de dire que nous sommes pr\u00eats \u00e0 une<br \/>\npaix robuste, durable pour l&rsquo;Ukraine et pour les Europ\u00e9ens\u00a0\u00bb, a<br \/>\nd\u00e9clar\u00e9 Emmanuel Macron, ajoutant toutefois que \u00ab\u00a0la question,<br \/>\nmaintenant, c&rsquo;est de savoir la sinc\u00e9rit\u00e9 de la Russie\u00a0\u00bb.\n<\/p>\n<p>\n CLART\u00c9\n<\/p>\n<p>\n L&rsquo;objectif est d&rsquo;envoyer jeudi un signal politique \u00e0 Donald<br \/>\nTrump, ont fait savoir les deux repr\u00e9sentants europ\u00e9ens. Cela<br \/>\nmettrait en exergue l&rsquo;absence d&rsquo;avanc\u00e9e vers la tenue de<br \/>\nn\u00e9gociations directes entre Volodimir Zelensky et Vladimir<br \/>\nPoutine \u00e0 la suite du sommet bilat\u00e9ral organis\u00e9 le 15 ao\u00fbt en<br \/>\nAlaska entre le pr\u00e9sident russe et Donald Trump, qui pourrait<br \/>\n\u00eatre incit\u00e9 \u00e0 accentuer d\u00e9sormais la pression sur Moscou.\n<\/p>\n<p>\n Une note de synth\u00e8se transmise aux participants \u00e0 la r\u00e9union<br \/>\nde jeudi, que Reuters a pu consulter, indique que les chefs<br \/>\nd&rsquo;\u00e9tat-major fran\u00e7ais et britannique vont effectuer un<br \/>\ncompte-rendu aupr\u00e8s des dirigeants \u00e0 la suite des discussions<br \/>\nd\u00e9taill\u00e9es qu&rsquo;ils ont men\u00e9es la semaine derni\u00e8re avec leurs<br \/>\nhomologues des pays membres de la coalition des volontaires.\n<\/p>\n<p>\n Le secr\u00e9taire g\u00e9n\u00e9ral de l&rsquo;Otan, Mark Rutte, a dit<br \/>\ns&rsquo;attendre sous peu \u00e0 de la clart\u00e9 \u00e0 propos de ce qui pourrait<br \/>\n\u00eatre mis en oeuvre. \u00ab\u00a0Cela signifiera que nous pourrons dialoguer<br \/>\nencore plus intens\u00e9ment, \u00e9galement avec le camp am\u00e9ricain, pour<br \/>\nvoir ce qu&rsquo;ils entendent fournir, s&rsquo;agissant de leur<br \/>\nparticipation aux garanties s\u00e9curitaires\u00a0\u00bb, a-t-il dit mercredi<br \/>\nlors d&rsquo;une conf\u00e9rence de presse.\n<\/p>\n<p>\n Vladimir Poutine a d\u00e9clar\u00e9 mercredi qu&rsquo;il \u00e9tait possible de<br \/>\nmettre fin \u00e0 la guerre en Ukraine via des n\u00e9gociations \u00e0<br \/>\ncondition que \u00ab\u00a0le bon sens pr\u00e9vale\u00a0\u00bb, ajoutant pr\u00e9f\u00e9rer la voie<br \/>\ndiplomatique mais \u00eatre dispos\u00e9 \u00e0 terminer le conflit \u00ab\u00a0par la<br \/>\nforce\u00a0\u00bb.\n<\/p>\n<p>\n Les Occidentaux disent penser que l&rsquo;\u00e9l\u00e9ment le plus crucial,<br \/>\nen mati\u00e8re de garanties s\u00e9curitaires, est de continuer \u00e0<br \/>\napporter un soutien significatif \u00e0 l&rsquo;arm\u00e9e ukrainienne. Reste<br \/>\nqu&rsquo;ils envisagent \u00e9galement de d\u00e9ployer une \u00ab\u00a0force de<br \/>\nr\u00e9assurance\u00a0\u00bb internationale, pour \u00e9pauler Kyiv ainsi que<br \/>\nrassurer l&rsquo;Ukraine et les pays voisins.\n<\/p>\n<p>\n Un repr\u00e9sentant fran\u00e7ais a refus\u00e9, au cours d&rsquo;un point de<br \/>\npresse, de dire quels pays \u00e9taient dispos\u00e9s \u00e0 contribuer aux<br \/>\ngaranties s\u00e9curitaires et \u00e0 la force de r\u00e9assurance.\n<\/p>\n<p>\n \u00ab\u00a0PAIX ILLUSOIRE\u00a0\u00bb\n<\/p>\n<p>\n Aux yeux des Europ\u00e9ens, d\u00e9ployer des troupes en Ukraine<br \/>\nserait r\u00e9alisable uniquement avec le soutien de Washington, que<br \/>\nDonald Trump a promis &#8211; de mani\u00e8re plut\u00f4t vague &#8211; lors de<br \/>\ndiscussions \u00e0 la Maison blanche avec Volodimir Zelensky et<br \/>\nplusieurs dirigeants europ\u00e9ens dans la foul\u00e9e de son sommet en<br \/>\nAlaska avec Vladimir Poutine, conclu sans progr\u00e8s vers la paix.\n<\/p>\n<p>\n Il est pr\u00e9vu qu&rsquo;un appel t\u00e9l\u00e9phonique avec le pr\u00e9sident<br \/>\nam\u00e9ricain soit organis\u00e9 jeudi \u00e0 la suite du sommet de la<br \/>\ncoalition des volontaires, a fait savoir l&rsquo;Elys\u00e9e, pr\u00e9cisant que<br \/>\nVolodimir Zelensky et d&rsquo;autres dirigeants y prendraient part aux<br \/>\nc\u00f4t\u00e9s d&rsquo;Emmanuel Macron.\n<\/p>\n<p>\n Deux sources diplomatiques ont d\u00e9clar\u00e9 que l&rsquo;\u00e9missaire<br \/>\nsp\u00e9cial am\u00e9ricain Steve Witkoff \u00e9tait attendu jeudi \u00e0 Paris.\n<\/p>\n<p>\n John Foreman, ancien attach\u00e9 militaire britannique en<br \/>\nUkraine et en Russie, a soulign\u00e9 qu&rsquo;il \u00e9tait important pour les<br \/>\ndirigeants de comprendre exactement ce qui serait sur la table,<br \/>\nparticuli\u00e8rement pour Volodimir Zelensky, alors que le pr\u00e9sident<br \/>\nukrainien doit d\u00e9terminer sa ligne de conduite dans l&rsquo;hypoth\u00e8se<br \/>\nde n\u00e9gociations directes avec Moscou.\n<\/p>\n<p>\n \u00ab\u00a0Cela \u00e9tant dit, il appara\u00eet de plus en plus clairement que<br \/>\nla paix passera par une Ukraine et une arm\u00e9e ukrainienne<br \/>\nsolides, que le soutien des Europ\u00e9ens devra s&rsquo;inscrire sur le<br \/>\nlong-terme, et que l&rsquo;Ukraine ne pourra probablement pas compter<br \/>\nsur ses alli\u00e9s pour qu&rsquo;ils lui viennent en aide et punisse la<br \/>\nRussie si celle-ci venait \u00e0 attaquer \u00e0 nouveau\u00a0\u00bb, a-t-il dit.\n<\/p>\n<p>\n \u00ab\u00a0Tout cela est un travail pr\u00e9paratoire pour une paix qui<br \/>\ndemeure illusoire et \u00e9loign\u00e9e du fait de la diplomatie<br \/>\nincoh\u00e9rente de Donald Trump et de l&rsquo;absence de pourparlers de<br \/>\nfond\u00a0\u00bb.\n<\/p>\n<p>\n (John Irish, avec la contribution d&rsquo;Andrew Gray \u00e0 Bruxelles et<br \/>\nTom Balmforth \u00e0 Londres; version fran\u00e7aise Jean Terzian)<\/p>\n","protected":false},"excerpt":{"rendered":"par John Irish Une trentaine de dirigeants participent jeudi \u00e0 des discussions avec le pr\u00e9sident ukrainien Volodimir Zelensky&hellip;\n","protected":false},"author":2,"featured_media":2486,"comment_status":"","ping_status":"","sticky":false,"template":"","format":"standard","meta":{"footnotes":""},"categories":[1589],"tags":[400,11,398,408,405,73,1866,403,402,399,404,12,401,406,1864,1865,1863,308,407],"class_list":{"0":"post-364641","1":"post","2":"type-post","3":"status-publish","4":"format-standard","5":"has-post-thumbnail","7":"category-etats-unis","8":"tag-action-cac-40","9":"tag-actualites","10":"tag-bourse-de-paris","11":"tag-boursorama","12":"tag-cotations","13":"tag-etats-unis","14":"tag-etats-unis-damerique","15":"tag-indices-devises","16":"tag-investir","17":"tag-investissement","18":"tag-marche-boursier","19":"tag-news","20":"tag-sicav","21":"tag-trackers","22":"tag-united-states","23":"tag-united-states-of-america","24":"tag-us","25":"tag-usa","26":"tag-warrants"},"share_on_mastodon":{"url":"https:\/\/pubeurope.com\/@fr\/115143632744854567","error":""},"_links":{"self":[{"href":"https:\/\/www.europesays.com\/fr\/wp-json\/wp\/v2\/posts\/364641","targetHints":{"allow":["GET"]}}],"collection":[{"href":"https:\/\/www.europesays.com\/fr\/wp-json\/wp\/v2\/posts"}],"about":[{"href":"https:\/\/www.europesays.com\/fr\/wp-json\/wp\/v2\/types\/post"}],"author":[{"embeddable":true,"href":"https:\/\/www.europesays.com\/fr\/wp-json\/wp\/v2\/users\/2"}],"replies":[{"embeddable":true,"href":"https:\/\/www.europesays.com\/fr\/wp-json\/wp\/v2\/comments?post=364641"}],"version-history":[{"count":0,"href":"https:\/\/www.europesays.com\/fr\/wp-json\/wp\/v2\/posts\/364641\/revisions"}],"wp:featuredmedia":[{"embeddable":true,"href":"https:\/\/www.europesays.com\/fr\/wp-json\/wp\/v2\/media\/2486"}],"wp:attachment":[{"href":"https:\/\/www.europesays.com\/fr\/wp-json\/wp\/v2\/media?parent=364641"}],"wp:term":[{"taxonomy":"category","embeddable":true,"href":"https:\/\/www.europesays.com\/fr\/wp-json\/wp\/v2\/categories?post=364641"},{"taxonomy":"post_tag","embeddable":true,"href":"https:\/\/www.europesays.com\/fr\/wp-json\/wp\/v2\/tags?post=364641"}],"curies":[{"name":"wp","href":"https:\/\/api.w.org\/{rel}","templated":true}]}}