{"id":364644,"date":"2025-09-04T02:20:11","date_gmt":"2025-09-04T02:20:11","guid":{"rendered":"https:\/\/www.europesays.com\/fr\/364644\/"},"modified":"2025-09-04T02:20:11","modified_gmt":"2025-09-04T02:20:11","slug":"comment-la-france-pourrait-rattraper-lallemagne-au-classement-uefa-et-integrer-le-big-4-des-championnats","status":"publish","type":"post","link":"https:\/\/www.europesays.com\/fr\/364644\/","title":{"rendered":"Comment la France pourrait rattraper l&rsquo;Allemagne au classement UEFA et int\u00e9grer le Big 4 des championnats"},"content":{"rendered":"<p class=\"tagStyle_z4kqwb-o_O-style_1tcxgp3-o_O-style_1pinbx1-o_O-style_48hmcm\" data-mm-id=\"_t3eq0j7v7\"><strong>Depuis plusieurs ann\u00e9es, l&rsquo;UEFA calcule les indices de performances des pays europ\u00e9ens. Par rapport aux diff\u00e9rents r\u00e9sultats des clubs de diff\u00e9rents pays, un classement est fait pour permettre \u00e0 chaque nation d&rsquo;avoir son rang gr\u00e2ce \u00e0 son indice de performance. Et la France a la possibilit\u00e9 de d\u00e9passer l&rsquo;Allemagne dans les prochains mois, l&rsquo;\u00e9cart entre les deux n&rsquo;est plus tr\u00e8s grands.<\/strong><\/p>\n<p class=\"tagStyle_z4kqwb-o_O-style_1tcxgp3-o_O-style_1pinbx1-o_O-style_48hmcm\" data-mm-id=\"_09lflfxys\">Alors que l&rsquo;Angleterre est ind\u00e9tr\u00f4nable sur la premi\u00e8re place, l&rsquo;Italie et l&rsquo;Espagne ferment les marches du podium UEFA depuis plusieurs saisons. Dans ce classement r\u00e9alis\u00e9 par l&rsquo;UEFA en fonction des performances des clubs de diff\u00e9rents pays, l&rsquo;Allemagne et la France sont quatri\u00e8me et cinqui\u00e8mes depuis plusieurs ann\u00e9es. Et les r\u00e9sultats des clubs de Bundesliga et de <a class=\"tagStyle_z4kqwb-o_O-style_10eod42\" href=\"https:\/\/www.90min.com\/fr\/leagues\/ligue-1\" target=\"_blank\" rel=\"nofollow noopener\">Ligue 1<\/a> en Europe en sont les causes.<\/p>\n<p>Mais les clubs de la Ligue des Talents ont la possibilit\u00e9 de d\u00e9passer les Allemands dans les mois et les ann\u00e9es \u00e0 venir, puisque l&rsquo;\u00e9cart entre les deux pays n&rsquo;est plus tr\u00e8s grand. L&rsquo;Allemagne est \u00e0 74,688 points, pendant que la France est \u00e0 67,962 points en ce d\u00e9but de mois de septembre. Bien que cela semble difficile, voire impossible, \u00e0 faire en une seule saison, l&rsquo;Allemagne a de r\u00e9elles raisons de s&rsquo;inqui\u00e9ter pour le futur.<\/p>\n<p class=\"tagStyle_z4kqwb-o_O-style_1tcxgp3-o_O-style_1pinbx1-o_O-style_48hmcm\" data-mm-id=\"_7zbrtwzl5\">Pour pouvoir monter sur la quatri\u00e8me place au classement UEFA, les clubs de Ligue 1 qualifi\u00e9s pour les comp\u00e9titions europ\u00e9ennes se doivent de r\u00e9ussir chaque saison. Pas obligatoirement en gagnant, mais en atteignant des stades r\u00e9guliers dans chaque comp\u00e9tition.<\/p>\n<p>Pendant que le <a class=\"tagStyle_z4kqwb-o_O-style_10eod42\" href=\"https:\/\/www.90min.com\/fr\/teams\/psg\" target=\"_blank\" rel=\"nofollow noopener\">Paris Saint-Germain<\/a> se doit d&rsquo;aller dans le dernier carr\u00e9 de la Ligue des Champions chaque ann\u00e9e, l&rsquo;<a class=\"tagStyle_z4kqwb-o_O-style_10eod42\" href=\"https:\/\/www.90min.com\/fr\/teams\/marseille\" target=\"_blank\" rel=\"nofollow noopener\">Olympique de Marseille<\/a>, l&rsquo;<a class=\"tagStyle_z4kqwb-o_O-style_10eod42\" href=\"https:\/\/www.90min.com\/fr\/teams\/monaco\" target=\"_blank\" rel=\"nofollow noopener\">AS Monaco<\/a> ou encore le LOSC doivent viser s\u00e9rieusement au minimum les huiti\u00e8mes de finale de la coupe aux grandes oreilles lorsqu&rsquo;ils y participent. Et des \u00e9curies comme l&rsquo;OL, le Stade Rennais, l&rsquo;OGC Nice ou encore Strasbourg ne doivent pas faire de la figuration en Europe.<\/p>\n<p>RETROUVEZ LES DERNI\u00c8RES ACTUS LES PLUS CHAUDES, LES RUMEURS DE TRANSFERTS ET LES DERNI\u00c8RES NEWS<\/p>\n","protected":false},"excerpt":{"rendered":"Depuis plusieurs ann\u00e9es, l&rsquo;UEFA calcule les indices de performances des pays europ\u00e9ens. Par rapport aux diff\u00e9rents r\u00e9sultats des&hellip;\n","protected":false},"author":2,"featured_media":364645,"comment_status":"","ping_status":"","sticky":false,"template":"","format":"standard","meta":{"footnotes":""},"categories":[1587],"tags":[11,672,1804,1805,1803,1777,674,1801,12,1802],"class_list":{"0":"post-364644","1":"post","2":"type-post","3":"status-publish","4":"format-standard","5":"has-post-thumbnail","7":"category-allemagne","8":"tag-actualites","9":"tag-allemagne","10":"tag-bundesrepublik-deutschland","11":"tag-de","12":"tag-deutschland","13":"tag-eu","14":"tag-europe","15":"tag-germany","16":"tag-news","17":"tag-republique-federale-dallemagne"},"share_on_mastodon":{"url":"https:\/\/pubeurope.com\/@fr\/115143640703447124","error":""},"_links":{"self":[{"href":"https:\/\/www.europesays.com\/fr\/wp-json\/wp\/v2\/posts\/364644","targetHints":{"allow":["GET"]}}],"collection":[{"href":"https:\/\/www.europesays.com\/fr\/wp-json\/wp\/v2\/posts"}],"about":[{"href":"https:\/\/www.europesays.com\/fr\/wp-json\/wp\/v2\/types\/post"}],"author":[{"embeddable":true,"href":"https:\/\/www.europesays.com\/fr\/wp-json\/wp\/v2\/users\/2"}],"replies":[{"embeddable":true,"href":"https:\/\/www.europesays.com\/fr\/wp-json\/wp\/v2\/comments?post=364644"}],"version-history":[{"count":0,"href":"https:\/\/www.europesays.com\/fr\/wp-json\/wp\/v2\/posts\/364644\/revisions"}],"wp:featuredmedia":[{"embeddable":true,"href":"https:\/\/www.europesays.com\/fr\/wp-json\/wp\/v2\/media\/364645"}],"wp:attachment":[{"href":"https:\/\/www.europesays.com\/fr\/wp-json\/wp\/v2\/media?parent=364644"}],"wp:term":[{"taxonomy":"category","embeddable":true,"href":"https:\/\/www.europesays.com\/fr\/wp-json\/wp\/v2\/categories?post=364644"},{"taxonomy":"post_tag","embeddable":true,"href":"https:\/\/www.europesays.com\/fr\/wp-json\/wp\/v2\/tags?post=364644"}],"curies":[{"name":"wp","href":"https:\/\/api.w.org\/{rel}","templated":true}]}}