{"id":364646,"date":"2025-09-04T02:21:18","date_gmt":"2025-09-04T02:21:18","guid":{"rendered":"https:\/\/www.europesays.com\/fr\/364646\/"},"modified":"2025-09-04T02:21:18","modified_gmt":"2025-09-04T02:21:18","slug":"entre-stabilite-financiere-et-stagnation-economique-fibee","status":"publish","type":"post","link":"https:\/\/www.europesays.com\/fr\/364646\/","title":{"rendered":"entre stabilit\u00e9 financi\u00e8re et stagnation \u00e9conomique \u00bb Fibee"},"content":{"rendered":"<p>\t\t\t\t\tA propos de l&rsquo;auteur<br \/>\n\t\t\t\t\t<a href=\"https:\/\/www.fibee.fr\/author\/h2o\/\" class=\"cs-entry__author-name\" rel=\"nofollow noopener\" target=\"_blank\"><br \/>\n\t\t\t\t\t\tH2o AM\t\t\t\t\t<\/a><\/p>\n<p>\t\t\t\t\t8 publications<\/p>\n<p>Fond\u00e9e en 2010 et disposant de bureaux \u00e0 Paris, Monaco, Londres, Gen\u00e8ve et Singapour, H2O AM est une soci\u00e9t\u00e9 de gestion d&rsquo;actifs ind\u00e9pendante, principalement sp\u00e9cialis\u00e9e dans les strat\u00e9gies Global Macro.&#13;<br \/>\n&#13;<br \/>\nS&rsquo;appuyant sur un processus d&rsquo;investissement d\u00e9velopp\u00e9 depuis plus de trente ans et sur une solide ing\u00e9nierie quantitative, les \u00e9quipes mettent en \u0153uvre un processus d&rsquo;investissement discr\u00e9tionnaire bas\u00e9 sur une approche Top-Down et Value.&#13;<br \/>\n&#13;<br \/>\nA travers des strat\u00e9gies de valeur relative en obligations, devises et actions, H2O AM offre \u00e0 ses clients les b\u00e9n\u00e9fices d&rsquo;un alpha diversifi\u00e9 avec un risque assum\u00e9 et ma\u00eetris\u00e9 sur un horizon temporel d\u00e9fini.&#13;<br \/>\nH2O est une maison de gestion alternative d\u00e9mocratisant l\u2019acc\u00e8s \u00e0 la gestion Global Macro, nous b\u00e2tissons des strat\u00e9gies Value multi-classe d\u2019actifs au travers diff\u00e9rentes sources de rendement. H2O AM dynamise les allocations gr\u00e2ce un alpha diversifi\u00e9, assumant les risques inh\u00e9rents \u00e0 la recherche de cette performance.<\/p>\n<p>\t\t\t\t\t\t\t\t<a class=\"cs-entry__author-mail\" href=\"https:\/\/www.fibee.fr\/europe-entre-stabilite-financiere-et-stagnation-economique\/mailto:melodie.blondel@h2o-am.com\" rel=\"nofollow noopener\" target=\"_blank\">melodie.blondel@h2o-am.com<\/a><\/p>\n","protected":false},"excerpt":{"rendered":"A propos de l&rsquo;auteur H2o AM 8 publications Fond\u00e9e en 2010 et disposant de bureaux \u00e0 Paris, Monaco,&hellip;\n","protected":false},"author":2,"featured_media":364647,"comment_status":"","ping_status":"","sticky":false,"template":"","format":"standard","meta":{"footnotes":""},"categories":[1586],"tags":[11,73,1777,674,1011,27,12,25],"class_list":{"0":"post-364646","1":"post","2":"type-post","3":"status-publish","4":"format-standard","5":"has-post-thumbnail","7":"category-europe","8":"tag-actualites","9":"tag-etats-unis","10":"tag-eu","11":"tag-europe","12":"tag-fr","13":"tag-france","14":"tag-news","15":"tag-republique-francaise"},"share_on_mastodon":{"url":"https:\/\/pubeurope.com\/@fr\/115143644583299896","error":""},"_links":{"self":[{"href":"https:\/\/www.europesays.com\/fr\/wp-json\/wp\/v2\/posts\/364646","targetHints":{"allow":["GET"]}}],"collection":[{"href":"https:\/\/www.europesays.com\/fr\/wp-json\/wp\/v2\/posts"}],"about":[{"href":"https:\/\/www.europesays.com\/fr\/wp-json\/wp\/v2\/types\/post"}],"author":[{"embeddable":true,"href":"https:\/\/www.europesays.com\/fr\/wp-json\/wp\/v2\/users\/2"}],"replies":[{"embeddable":true,"href":"https:\/\/www.europesays.com\/fr\/wp-json\/wp\/v2\/comments?post=364646"}],"version-history":[{"count":0,"href":"https:\/\/www.europesays.com\/fr\/wp-json\/wp\/v2\/posts\/364646\/revisions"}],"wp:featuredmedia":[{"embeddable":true,"href":"https:\/\/www.europesays.com\/fr\/wp-json\/wp\/v2\/media\/364647"}],"wp:attachment":[{"href":"https:\/\/www.europesays.com\/fr\/wp-json\/wp\/v2\/media?parent=364646"}],"wp:term":[{"taxonomy":"category","embeddable":true,"href":"https:\/\/www.europesays.com\/fr\/wp-json\/wp\/v2\/categories?post=364646"},{"taxonomy":"post_tag","embeddable":true,"href":"https:\/\/www.europesays.com\/fr\/wp-json\/wp\/v2\/tags?post=364646"}],"curies":[{"name":"wp","href":"https:\/\/api.w.org\/{rel}","templated":true}]}}