{"id":364648,"date":"2025-09-04T02:22:11","date_gmt":"2025-09-04T02:22:11","guid":{"rendered":"https:\/\/www.europesays.com\/fr\/364648\/"},"modified":"2025-09-04T02:22:11","modified_gmt":"2025-09-04T02:22:11","slug":"aux-armes-citoyens-de-lunion-europeenne","status":"publish","type":"post","link":"https:\/\/www.europesays.com\/fr\/364648\/","title":{"rendered":"\u00abAux armes, citoyens de l\u2019Union europ\u00e9enne\u2026\u00bb"},"content":{"rendered":"<p><strong>CHRONIQUE &#8211;<\/strong> Dans un livre qui fait un malheur outre-Rhin, le politologue allemand Carlo Masala imagine qu\u2019en 2028 aura lieu la premi\u00e8re op\u00e9ration russe contre l\u2019Estonie, pays membre de l\u2019Otan. Ce dernier r\u00e8glement de comptes de Poutine avec l\u2019Europe m\u00e9rite d\u2019\u00eatre m\u00e9dit\u00e9.<\/p>\n<p class=\"fig-paragraph\">La Guerre d\u2019apr\u00e8s a largement trouv\u00e9 son public en Allemagne. Il en est \u00e0 sa onzi\u00e8me r\u00e9\u00e9dition et caracole avec plus de 90.000 exemplaires vendus. Traduit dans une dizaine de pays europ\u00e9ens, il a \u00e9t\u00e9 publi\u00e9 en France au d\u00e9but de l\u2019\u00e9t\u00e9, sans rencontrer le m\u00eame \u00e9cho. Son auteur, Carlo Masala, est professeur \u00e0 Munich et aupr\u00e8s de l\u2019arm\u00e9e f\u00e9d\u00e9rale, dont il dirige le Centre d\u2019information et d\u2019\u00e9tude sur les risques de guerre. Il est associ\u00e9 r\u00e9guli\u00e8rement aux\u00a0<a href=\"http:\/\/www.lefigaro.fr\/international\/les-pays-de-l-otan-s-engagent-a-investir-5-de-leur-pib-pour-leur-securite-en-2035-donald-trump-salue-un-sommet-fantastique-20250625\" target=\"_blank\" data-fig-type=\"NewsFlash\" rel=\"noopener\" data-gtm-custom-categorie=\"navigation\" data-gtm-custom-action=\"crossclick\" data-gtm-custom-label=\"Contextuel\" data-gtm-event=\"customEventSPE\" data-fig-domain=\"LEFIGARO\">sc\u00e9narisations de l\u2019Otan<\/a>\u00a0dans l\u2019\u00e9ventualit\u00e9\u00a0<a href=\"http:\/\/www.lefigaro.fr\/international\/le-chef-d-etat-major-des-armees-estime-que-d-ici-a-2030-la-russie-representera-une-reelle-menace-pour-l-europe-20250801\" target=\"_blank\" data-fig-type=\"NewsFlash\" rel=\"noopener\" data-gtm-custom-categorie=\"navigation\" data-gtm-custom-action=\"crossclick\" data-gtm-custom-label=\"Contextuel\" data-gtm-event=\"customEventSPE\" data-fig-domain=\"LEFIGARO\">d\u2019une nouvelle guerre avec la Russie<\/a>.<\/p>\n<p class=\"fig-paragraph\">L\u2019agressivit\u00e9 russe \u00e0 l\u2019\u00e9gard de l\u2019\u00ab\u00a0Occident collectif\u00a0\u00bb, selon l\u2019expression en vogue \u00e0 Moscou, ne peut pas \u00eatre sous-estim\u00e9e. Il ne s\u2019agit pas seulement des habituels couplets sur l\u2019Occident d\u00e9cadent, mais des offensives sournoises de\u00a0<a href=\"http:\/\/www.lefigaro.fr\/vox\/monde\/le-combat-hybride-a-deja-commence-a-nous-d-y-faire-face-20240725\" target=\"_blank\" data-fig-type=\"Article\" rel=\"noopener\" data-gtm-custom-categorie=\"navigation\" data-gtm-custom-action=\"crossclick\" data-gtm-custom-label=\"Contextuel\" data-gtm-event=\"customEventSPE\" data-fig-domain=\"LEFIGARO\">la guerre hybride<\/a>. Tous les pays europ\u00e9ens sont concern\u00e9s \u00e0 des degr\u00e9s divers, et la France en fait l\u2019exp\u00e9rience en Afrique depuis plusieurs ann\u00e9es. Mais cette agressivit\u00e9 peut-elle se transformer en une guerre frontale avec\u2026<\/p>\n<p class=\"fig-premium-paywall__infos\">\n        Cet article est r\u00e9serv\u00e9 aux abonn\u00e9s.        Il vous reste 87% \u00e0 d\u00e9couvrir.\n    <\/p>\n<p>                <img  data- alt=\"Le Figaro\" class=\"fig-img--complete fig-img\"\/><\/p>\n<p class=\"fig-premium-paywall__title\">Vente Flash<\/p>\n<p class=\"fig-premium-paywall__subtitle\">4,99\u20ac par mois pendant 12 mois. Sans engagement<\/p>\n<p class=\"fig-premium-paywall__connect\">\n                D\u00e9j\u00e0 abonn\u00e9\u00a0?                <a class=\"fig-premium-paywall__connect-link\" href=\"https:\/\/connect.lefigaro.fr\/login?client=horizon_web&amp;type=main&amp;redirect_uri=https%3A%2F%2Fwww.lefigaro.fr%2Fvox%2Fsociete%2Fcharles-jaigu-aux-armes-citoyens-de-l-union-europeenne-20250903\" data-js-gtm=\"{&quot;customCategorie&quot;: &quot;conversion&quot;, &quot;customAction&quot;: &quot;before_Landing_Connexion_paywall_auto&quot;, &quot;customLabel&quot;: &quot;bGVmaWdhcm8uZnJfXzFmMDg4YTgwLWU1YjMtNjBmYy1hMzU1LTEzNzUyZDFiZTk5NV9fQXJ0aWNsZQ==_Charles Jaigu\u00a0: \u00abAux armes, citoyens de l\u2019Union europ\u00e9enne\u2026\u00bb_462&quot;, &quot;customIDSPE&quot;: &quot;bGVmaWdhcm8uZnJfXzFmMDg4YTgwLWU1YjMtNjBmYy1hMzU1LTEzNzUyZDFiZTk5NV9fQXJ0aWNsZQ==&quot;, &quot;event&quot;: &quot;customEventSPE&quot;}\" target=\"_blank\" rel=\"noopener\"><br \/>\n                    Connectez-vous<br \/>\n                <\/a>\n            <\/p>\n","protected":false},"excerpt":{"rendered":"CHRONIQUE &#8211; Dans un livre qui fait un malheur outre-Rhin, le politologue allemand Carlo Masala imagine qu\u2019en 2028&hellip;\n","protected":false},"author":2,"featured_media":364649,"comment_status":"","ping_status":"","sticky":false,"template":"","format":"standard","meta":{"footnotes":""},"categories":[1586],"tags":[11,1777,674,1779,1011,27,12,136,25,132,1778,364,135],"class_list":{"0":"post-364648","1":"post","2":"type-post","3":"status-publish","4":"format-standard","5":"has-post-thumbnail","7":"category-europe","8":"tag-actualites","9":"tag-eu","10":"tag-europe","11":"tag-european-union","12":"tag-fr","13":"tag-france","14":"tag-news","15":"tag-otan","16":"tag-republique-francaise","17":"tag-russie","18":"tag-ue","19":"tag-union-europeenne","20":"tag-vladimir-poutine"},"share_on_mastodon":{"url":"https:\/\/pubeurope.com\/@fr\/115143648459993695","error":""},"_links":{"self":[{"href":"https:\/\/www.europesays.com\/fr\/wp-json\/wp\/v2\/posts\/364648","targetHints":{"allow":["GET"]}}],"collection":[{"href":"https:\/\/www.europesays.com\/fr\/wp-json\/wp\/v2\/posts"}],"about":[{"href":"https:\/\/www.europesays.com\/fr\/wp-json\/wp\/v2\/types\/post"}],"author":[{"embeddable":true,"href":"https:\/\/www.europesays.com\/fr\/wp-json\/wp\/v2\/users\/2"}],"replies":[{"embeddable":true,"href":"https:\/\/www.europesays.com\/fr\/wp-json\/wp\/v2\/comments?post=364648"}],"version-history":[{"count":0,"href":"https:\/\/www.europesays.com\/fr\/wp-json\/wp\/v2\/posts\/364648\/revisions"}],"wp:featuredmedia":[{"embeddable":true,"href":"https:\/\/www.europesays.com\/fr\/wp-json\/wp\/v2\/media\/364649"}],"wp:attachment":[{"href":"https:\/\/www.europesays.com\/fr\/wp-json\/wp\/v2\/media?parent=364648"}],"wp:term":[{"taxonomy":"category","embeddable":true,"href":"https:\/\/www.europesays.com\/fr\/wp-json\/wp\/v2\/categories?post=364648"},{"taxonomy":"post_tag","embeddable":true,"href":"https:\/\/www.europesays.com\/fr\/wp-json\/wp\/v2\/tags?post=364648"}],"curies":[{"name":"wp","href":"https:\/\/api.w.org\/{rel}","templated":true}]}}