{"id":364654,"date":"2025-09-04T02:25:11","date_gmt":"2025-09-04T02:25:11","guid":{"rendered":"https:\/\/www.europesays.com\/fr\/364654\/"},"modified":"2025-09-04T02:25:11","modified_gmt":"2025-09-04T02:25:11","slug":"google-et-shein-ecopent-damendes-colossales-en-france-pour-non-respect-de-la-legislation-sur-les-cookies","status":"publish","type":"post","link":"https:\/\/www.europesays.com\/fr\/364654\/","title":{"rendered":"Google et Shein \u00e9copent d\u2019amendes colossales en France pour non-respect de la l\u00e9gislation sur les cookies"},"content":{"rendered":"<p>L\u2019autorit\u00e9 fran\u00e7aise de protection de la vie priv\u00e9e en ligne a frapp\u00e9 mercredi les groupes am\u00e9ricain Google et asiatique Shein de deux amendes colossales, dont une record, pour non-respect de la l\u00e9gislation sur les cookies. Ces traceurs, essentiels au secteur de la publicit\u00e9 en ligne et int\u00e9gr\u00e9s au mod\u00e8le \u00e9conomique de nombreuses plateformes, font l\u2019objet depuis plusieurs ann\u00e9es d\u2019un contr\u00f4le renforc\u00e9 men\u00e9 par l\u2019autorit\u00e9 fran\u00e7aise.<\/p>\n<p>Les deux groupes, dont les services sont utilis\u00e9s par plusieurs dizaines de millions de Fran\u00e7ais, ont \u00e9cop\u00e9 des deux sanctions les plus importantes jamais prononc\u00e9es par la Commission nationale de l\u2019informatique et des libert\u00e9s (Cnil) \u2013 \u00e0 l\u2019exception d\u2019une amende de 150\u00a0millions visant Google en 2022, d\u00e9j\u00e0 au sujet des cookies.<\/p>\n<p>Google, \u00e9galement sanctionn\u00e9 pour des manquements en mati\u00e8re de publicit\u00e9, s\u2019est vu infliger une amende de 325\u00a0millions d\u2019euros. Le groupe Shein devra s\u2019acquitter d\u2019un paiement de 150\u00a0millions d\u2019euros.<\/p>\n<p>Lire aussi: <a href=\"https:\/\/www.letemps.ch\/articles\/google-condamne-pour-monopole-echappe-a-l-obligation-de-vendre-chrome\" rel=\"nofollow noopener\" target=\"_blank\">Google, condamn\u00e9 pour monopole, doit partager ses donn\u00e9es mais \u00e9chappe \u00e0 l&rsquo;obligation de vendre Chrome<\/a>  <\/p>\n<p>Shein va faire recours<\/p>\n<p>Le g\u00e9ant asiatique du pr\u00eat-\u00e0-porter discount a annonc\u00e9 \u00e0 l\u2019AFP qu\u2019il allait former un recours devant le Conseil d&rsquo;Etat et la Cour de justice de l\u2019Union europ\u00e9enne, jugeant l\u2019amende \u00abtotalement disproportionn\u00e9e compte tenu de la nature des griefs all\u00e9gu\u00e9s\u00bb et de sa \u00abconformit\u00e9 actuelle\u00bb \u00e0 la l\u00e9gislation, une s\u00e9v\u00e9rit\u00e9 qu\u2019il impute \u00e0 \u00abdes consid\u00e9rations politiques\u00bb.<\/p>\n<p>Les deux entreprises ont manqu\u00e9 \u00e0 leurs obligations de recueillir le consentement libre et \u00e9clair\u00e9 des internautes avant de collecter les cookies publicitaires. Car ces dispositifs, qui suivent l\u2019activit\u00e9 en ligne des internautes pour effectuer du ciblage publicitaire, sont strictement encadr\u00e9s par la loi.<\/p>\n<p>Les deux amendes annonc\u00e9es mercredi s\u2019inscrivent \u00abdans la strat\u00e9gie globale de mise en conformit\u00e9 initi\u00e9e par la Cnil depuis plus de 5\u00a0ans en mati\u00e8re de traceurs, qui vise notamment les acteurs des sites et services \u00e0 forte fr\u00e9quentation\u00bb, a soulign\u00e9 la Cnil.<\/p>\n<p>Dans le cas de Shein, l\u2019autorit\u00e9 pointe le \u00abcaract\u00e8re massif\u00bb des donn\u00e9es concern\u00e9es, avec 12\u00a0millions d\u2019utilisateurs mensuels du site en France. La Cnil reproche \u00e0 l\u2019entreprise l\u2019absence de consentement des utilisateurs s\u2019agissant de certains cookies, mais \u00e9galement un manque d\u2019information des internautes, ainsi qu\u2019un m\u00e9canisme de retrait du consentement d\u00e9faillant. Shein s\u2019est n\u00e9anmoins mis en conformit\u00e9 avec les exigences de la Cnil depuis les contr\u00f4les.<\/p>\n<p>Google sanctionn\u00e9 pour la troisi\u00e8me fois<\/p>\n<p>Google est quant \u00e0 lui vis\u00e9 pour la troisi\u00e8me fois par une sanction de la Cnil en mati\u00e8re de cookies. Dans l\u2019un de ses communiqu\u00e9s publi\u00e9s mercredi, l\u2019autorit\u00e9 souligne la \u00abn\u00e9gligence\u00bb du groupe, frapp\u00e9 en 2020 par une amende de 100\u00a0millions d\u2019euros, puis en 2021 par une nouvelle contravention de 150\u00a0millions d\u2019euros.<\/p>\n<p>Mais le montant de la nouvelle sanction d\u00e9cid\u00e9e contre le mastodonte am\u00e9ricain \u2013 toutefois inf\u00e9rieur \u00e0 l\u2019amende de 525\u00a0millions d\u2019euros requise \u2013 est aussi justifi\u00e9 par le nombre d\u2019utilisateurs concern\u00e9s, et la pluralit\u00e9 des manquements.<\/p>\n<p>Lire \u00e9galement: <a href=\"https:\/\/www.letemps.ch\/articles\/cookies-google-plie-maniere-eclatante-face-leurope\" rel=\"nofollow noopener\" target=\"_blank\">Cookies: Google plie de mani\u00e8re \u00e9clatante face \u00e0 l\u2019Europe<\/a>  <\/p>\n<p>L\u2019autorit\u00e9 s\u2019est ainsi pench\u00e9e sur la mise en place par l\u2019entreprise d\u2019un \u00abmur de traceurs\u00bb (\u00abcookie wall\u00bb) lors de la cr\u00e9ation d\u2019un compte Google. Cette pratique, qui conditionne l\u2019acc\u00e8s des internautes \u00e0 l\u2019acceptation des cookies, n\u2019est pas ill\u00e9gale dans le cas de l\u2019entreprise, a jug\u00e9 la Cnil, mais elle est soumise au consentement \u00e9clair\u00e9 des utilisateurs. Une condition non remplie en raison de l\u2019absence d\u2019information des internautes.<\/p>\n<p>En parall\u00e8le, Google est aussi vis\u00e9 pour avoir ins\u00e9r\u00e9 des banni\u00e8res publicitaires entre les courriers de sa messagerie Gmail pour certains utilisateurs qui ont opt\u00e9 pour les \u00abfonctionnalit\u00e9s intelligentes\u00bb. La pratique a touch\u00e9 53\u00a0millions de Fran\u00e7ais, pr\u00e9cise la Cnil. Ces publicit\u00e9s, qui \u00abconstituent de la prospection directe\u00bb selon une jurisprudence europ\u00e9enne, auraient d\u00fb faire l\u2019objet d\u2019un consentement pr\u00e9alable des utilisateurs, ce qui n\u2019a pas \u00e9t\u00e9 le cas.<\/p>\n<p>Amende aux Etats-Unis<\/p>\n<p>L\u2019amende inflig\u00e9e a \u00e9t\u00e9 associ\u00e9e \u00e0 une injonction de faire cesser les manquements dans un d\u00e9lai de six mois. Au-del\u00e0, Google et sa filiale irlandaise devront chacune s\u2019acquitter de p\u00e9nalit\u00e9s de 100\u00a0000\u00a0euros par jour.<\/p>\n<p>Shein et Google disposent d\u2019un d\u00e9lai de quatre mois pour faire appel de la d\u00e9cision de sanction devant la justice administrative.<\/p>\n<p>Les ennuis judiciaires s&rsquo;accumulent pour Google puisqu&rsquo;aux Etats-Unis, l&rsquo;entreprise \u00e9t\u00e9 condamn\u00e9e mercredi \u00e0 verser 425,7 millions de dollars de dommages \u00e0 pr\u00e8s de 100 millions d&rsquo;utilisateurs. Il a \u00e9t\u00e9 reconnu coupable d&rsquo;atteinte \u00e0 la vie priv\u00e9e selon la loi californienne, pour avoir continu\u00e9 \u00e0 collecter les donn\u00e9es priv\u00e9es de ces utilisateurs alors m\u00eame qu&rsquo;ils avaient d\u00e9sactiv\u00e9 ce param\u00e8tre, a conclu le jury d&rsquo;une cour f\u00e9d\u00e9rale de San Francisco au terme d&rsquo;un proc\u00e8s entam\u00e9 \u00e0 la mi-ao\u00fbt. L&rsquo;affaire d\u00e9coule d&rsquo;un recours collectif d\u00e9pos\u00e9 en juillet 2020. Le g\u00e9ant d&rsquo;Internet a annonc\u00e9 vouloir faire appel.<\/p>\n<p>Lire aussi: <a href=\"https:\/\/www.letemps.ch\/articles\/shein-phenomene-mode-seduit-autant-quil-derange\" rel=\"nofollow noopener\" target=\"_blank\">Shein, le ph\u00e9nom\u00e8ne de mode qui s\u00e9duit autant qu\u2019il d\u00e9range<\/a>  <\/p>\n","protected":false},"excerpt":{"rendered":"L\u2019autorit\u00e9 fran\u00e7aise de protection de la vie priv\u00e9e en ligne a frapp\u00e9 mercredi les groupes am\u00e9ricain Google et&hellip;\n","protected":false},"author":2,"featured_media":364655,"comment_status":"","ping_status":"","sticky":false,"template":"","format":"standard","meta":{"footnotes":""},"categories":[4],"tags":[11,1011,27,4438,323,12,25],"class_list":{"0":"post-364654","1":"post","2":"type-post","3":"status-publish","4":"format-standard","5":"has-post-thumbnail","7":"category-france","8":"tag-actualites","9":"tag-fr","10":"tag-france","11":"tag-free","12":"tag-google","13":"tag-news","14":"tag-republique-francaise"},"share_on_mastodon":{"url":"https:\/\/pubeurope.com\/@fr\/115143660206499051","error":""},"_links":{"self":[{"href":"https:\/\/www.europesays.com\/fr\/wp-json\/wp\/v2\/posts\/364654","targetHints":{"allow":["GET"]}}],"collection":[{"href":"https:\/\/www.europesays.com\/fr\/wp-json\/wp\/v2\/posts"}],"about":[{"href":"https:\/\/www.europesays.com\/fr\/wp-json\/wp\/v2\/types\/post"}],"author":[{"embeddable":true,"href":"https:\/\/www.europesays.com\/fr\/wp-json\/wp\/v2\/users\/2"}],"replies":[{"embeddable":true,"href":"https:\/\/www.europesays.com\/fr\/wp-json\/wp\/v2\/comments?post=364654"}],"version-history":[{"count":0,"href":"https:\/\/www.europesays.com\/fr\/wp-json\/wp\/v2\/posts\/364654\/revisions"}],"wp:featuredmedia":[{"embeddable":true,"href":"https:\/\/www.europesays.com\/fr\/wp-json\/wp\/v2\/media\/364655"}],"wp:attachment":[{"href":"https:\/\/www.europesays.com\/fr\/wp-json\/wp\/v2\/media?parent=364654"}],"wp:term":[{"taxonomy":"category","embeddable":true,"href":"https:\/\/www.europesays.com\/fr\/wp-json\/wp\/v2\/categories?post=364654"},{"taxonomy":"post_tag","embeddable":true,"href":"https:\/\/www.europesays.com\/fr\/wp-json\/wp\/v2\/tags?post=364654"}],"curies":[{"name":"wp","href":"https:\/\/api.w.org\/{rel}","templated":true}]}}