{"id":364658,"date":"2025-09-04T02:29:14","date_gmt":"2025-09-04T02:29:14","guid":{"rendered":"https:\/\/www.europesays.com\/fr\/364658\/"},"modified":"2025-09-04T02:29:14","modified_gmt":"2025-09-04T02:29:14","slug":"je-ne-pouvais-pas-gagner-en-servant-comme-ca-iga-swiatek-eliminee-par-amanda-anisimova-en-quarts-de-finale-de-lus-open-lequipe","status":"publish","type":"post","link":"https:\/\/www.europesays.com\/fr\/364658\/","title":{"rendered":"\u00ab Je ne pouvais pas gagner en servant comme \u00e7a \u00bb : Iga Swiatek, \u00e9limin\u00e9e par Amanda Anisimova en quarts de finale de l&#039;US Open &#8211; L&#039;\u00c9quipe"},"content":{"rendered":"<ol>\n<li><a href=\"https:\/\/news.google.com\/rss\/articles\/CBMi_gFBVV95cUxPY3pqckxlRHVpOHN1d0VHa0VJV0hUaUt0SzVwSEJmUUZkeFdZS0RQZ19ac2RUQmNaZXFwbEloS0Q3akx4SzhHbXZHcGc1Rnk2S3V5aVNJYVM4ckg3eXdrT3g5SnZwTW80NTAwT0FVWnVkamV3RDhndEgwS3FKUzFfakZCM1A5RWlqOTcza2FqRmpueWF1X2EtLWRsTWZ2dUw3TzVsU1lHQ0I4S1FqZWN3ZjcydFFEUFFvS0N1OHUtV1Q3YVdiQUpFcVg1bHRxT21RajJoSmhEN3pBbzJVR1lIa0szbTcxTjc1WWRTTm5CQXFRZUw1VWEyaFdZZ1YzUQ?oc=5\" target=\"_blank\" rel=\"nofollow noopener\">\u00ab Je ne pouvais pas gagner en servant comme \u00e7a \u00bb : Iga Swiatek, \u00e9limin\u00e9e par Amanda Anisimova en quarts de finale de l&rsquo;US Open<\/a>&nbsp;&nbsp;L&rsquo;\u00c9quipe<\/li>\n<li><a href=\"https:\/\/news.google.com\/rss\/articles\/CBMi6wFBVV95cUxPalpLMmNfd3VQeGRqQUduYktlYU9HN0xFOTc2eS05LWp5bVctQ3IwaU55eW53M1ExLV90OUtWWnRMYjVpVWI5OHNZNVlzaFAybXhjV0J3Uy1hZWdxSEhodnRCdWtzN05kNFpwVnROODRzTE42TkYweFQtRDhJUmRjOTN3SGRZUVpIYlhNZ3pIbW9mQ2VPNUExb1ZzdG92bzlnX3dMdlRXQ2lSbFBuZVVSQWh0WkVXRTFUZ3RVWXFQSmJrQngxR1hBbkZMSG5QRUljdDZLRmxEVi1iWXdQcnNlVzQxRFR5MjloeTY4?oc=5\" target=\"_blank\" rel=\"nofollow noopener\">US Open 2025 &#8211; La victoire d&rsquo;Amanda Anisimova sur Iga Swiatek : C&rsquo;est donc \u00e7a une r\u00e9demption<\/a>&nbsp;&nbsp;Eurosport<\/li>\n<li><a href=\"https:\/\/news.google.com\/rss\/articles\/CBMi1gFBVV95cUxQbXNVZGZRdGw2WTFUTU9TLVZwYU9aV0NSdlh3NE5QVzJiUTBRY1FJYzVGUGZtRFBzLXNQZ1B0VldNMnh1NHRiam9Hek4yRFJPUmNBSDBxM3RFSGRaQ0JnOWJVYWszQ1RtZVI0eUJQMHk3NnkyemphUXpJRmpzb2R0eXViaTRna2toLUFKNE5kMmpLMlZGUWdVN3lXOHFzbUVEVEJXR3Y5aDNHbm1Eck41Z3llUWduTks4dXNxSkZOeE9lNFpRcVNaTlh3a284bndZSVNxMzhR?oc=5\" target=\"_blank\" rel=\"nofollow noopener\">Anisimova revancharde pour les retrouvailles avec Swiatek apr\u00e8s la d\u00e9culott\u00e9e de Wimbledon<\/a>&nbsp;&nbsp;L&rsquo;\u00c9quipe<\/li>\n<li><a href=\"https:\/\/news.google.com\/rss\/articles\/CBMi1gFBVV95cUxOa3JOaERzNmpscjhDZ3kwRm5BTDhpNEE1Nm5iNV9saXBpUDdENjRoTUpKZFp0dm5UeVZKa1Y0cVd6QTVNRlFJRnlXazM1ZlpSbUtiUWgtZF9qWUxzR0xtMW14SHJ3dWtTYlBMOXhaemt6c3pTTmxScnJKSXUwd0EyeDFGQWtwUnU5STdremstZUo0OG9JcVoxSzQ3M3U1WUxIV0FndW02dk5FeHp4bmI4Znd4SC1uRk9WMjNqMlhRN19NWlh6VEl3Z1o4WE5LUVQ1LXdSR0FB?oc=5\" target=\"_blank\" rel=\"nofollow noopener\">Tennis. US Open : un mois apr\u00e8s un \u201cdouble donut\u201d, Amanda Anisimova veut prendre sa revanche sur Iga Swiatek<\/a>&nbsp;&nbsp;Le Dauphin\u00e9 Lib\u00e9r\u00e9<\/li>\n<li><a href=\"https:\/\/news.google.com\/rss\/articles\/CBMizgFBVV95cUxOcmFXLUZzM0RQRjR5d0JRVTc2bzl1bllmcHZLTFh3eDZucVEyaHVrcFdkNWw4QWNjd09qYkR3a1NzYlhSNUFsNU9fRXhqckJzU1Juc09XMm5mX0M5SGhkalAwOS1EMG9MZk03dzFsZEZBXzN0YmZnZkd5NGNSUU04LWd3a3JJTk5KczRua3VnTkF4UG1OWHV1dHJxQ1BlQXY4ejdtSHByZ0JNU3lfYzBuNzVZS2FGVWpPcVRUekwtMDhURDMwamhNQ0picmRNQQ?oc=5\" target=\"_blank\" rel=\"nofollow noopener\">Internationaux des \u00c9tats-Unis : Amanda Anisimova prend rendez-vous avec Naomi Osaka en demi-finale<\/a>&nbsp;&nbsp;RDS<\/li>\n<\/ol>\n","protected":false},"excerpt":{"rendered":"\u00ab Je ne pouvais pas gagner en servant comme \u00e7a \u00bb : Iga Swiatek, \u00e9limin\u00e9e par Amanda Anisimova&hellip;\n","protected":false},"author":2,"featured_media":1445,"comment_status":"","ping_status":"","sticky":false,"template":"","format":"standard","meta":{"footnotes":""},"categories":[1415],"tags":[1011,27,60,1467],"class_list":{"0":"post-364658","1":"post","2":"type-post","3":"status-publish","4":"format-standard","5":"has-post-thumbnail","7":"category-tennis","8":"tag-fr","9":"tag-france","10":"tag-sports","11":"tag-tennis"},"share_on_mastodon":{"url":"https:\/\/pubeurope.com\/@fr\/115143675911890162","error":""},"_links":{"self":[{"href":"https:\/\/www.europesays.com\/fr\/wp-json\/wp\/v2\/posts\/364658","targetHints":{"allow":["GET"]}}],"collection":[{"href":"https:\/\/www.europesays.com\/fr\/wp-json\/wp\/v2\/posts"}],"about":[{"href":"https:\/\/www.europesays.com\/fr\/wp-json\/wp\/v2\/types\/post"}],"author":[{"embeddable":true,"href":"https:\/\/www.europesays.com\/fr\/wp-json\/wp\/v2\/users\/2"}],"replies":[{"embeddable":true,"href":"https:\/\/www.europesays.com\/fr\/wp-json\/wp\/v2\/comments?post=364658"}],"version-history":[{"count":0,"href":"https:\/\/www.europesays.com\/fr\/wp-json\/wp\/v2\/posts\/364658\/revisions"}],"wp:featuredmedia":[{"embeddable":true,"href":"https:\/\/www.europesays.com\/fr\/wp-json\/wp\/v2\/media\/1445"}],"wp:attachment":[{"href":"https:\/\/www.europesays.com\/fr\/wp-json\/wp\/v2\/media?parent=364658"}],"wp:term":[{"taxonomy":"category","embeddable":true,"href":"https:\/\/www.europesays.com\/fr\/wp-json\/wp\/v2\/categories?post=364658"},{"taxonomy":"post_tag","embeddable":true,"href":"https:\/\/www.europesays.com\/fr\/wp-json\/wp\/v2\/tags?post=364658"}],"curies":[{"name":"wp","href":"https:\/\/api.w.org\/{rel}","templated":true}]}}