{"id":364659,"date":"2025-09-04T02:31:17","date_gmt":"2025-09-04T02:31:17","guid":{"rendered":"https:\/\/www.europesays.com\/fr\/364659\/"},"modified":"2025-09-04T02:31:17","modified_gmt":"2025-09-04T02:31:17","slug":"gp-de-hongrie-marquez-intouchable","status":"publish","type":"post","link":"https:\/\/www.europesays.com\/fr\/364659\/","title":{"rendered":"GP de Hongrie: Marquez intouchable"},"content":{"rendered":"\n<p>Auteur de sa 74e pole position quelques heures plus t\u00f4t, Marc Marquez a survol\u00e9 comme souvent les d\u00e9bats. Intouchable depuis d\u00e9but juin, le leader du championnat du monde a devanc\u00e9 de 2\u00a0\u00bb095 son dauphin italien Fabio Di Giannantonio \u00e0 l&rsquo;issue du 13e tour sur le trac\u00e9 flambant neuf du Balaton Park situ\u00e9 pr\u00e8s du Lac Balaton.<\/p>\n<p>Le sextuple champion du monde de la cat\u00e9gorie-reine a ainsi f\u00eat\u00e9 sa 13e victoire en 14 sprints disput\u00e9s depuis le d\u00e9but de la saison, la 7e de suite. Son seul \u00e9chec dans la sp\u00e9cialit\u00e9 a \u00e9t\u00e9 enregistr\u00e9 \u00e0 la fin mai en Grande-Bretagne, o\u00f9 il avait termin\u00e9 2e derri\u00e8re son fr\u00e8re cadet Alex Marquez.<\/p>\n<p>Marc Marquez creuse donc un peu plus l&rsquo;\u00e9cart au championnat du monde. Sa marge sur son plus proche poursuivant, son fr\u00e8re Alex, seulement 8e samedi, est d\u00e9sormais de 162 unit\u00e9s. Troisi\u00e8me du classement des pilotes, Francesco Bagnaia n&rsquo;a pas marqu\u00e9 de point et pointe \u00e0 219 longueurs de Marc Marquez.<\/p>\n","protected":false},"excerpt":{"rendered":"Auteur de sa 74e pole position quelques heures plus t\u00f4t, Marc Marquez a survol\u00e9 comme souvent les d\u00e9bats.&hellip;\n","protected":false},"author":2,"featured_media":364660,"comment_status":"","ping_status":"","sticky":false,"template":"","format":"standard","meta":{"footnotes":""},"categories":[1413],"tags":[1011,27,1457,1456,60],"class_list":{"0":"post-364659","1":"post","2":"type-post","3":"status-publish","4":"format-standard","5":"has-post-thumbnail","7":"category-moto","8":"tag-fr","9":"tag-france","10":"tag-moto","11":"tag-motocycle","12":"tag-sports"},"share_on_mastodon":{"url":"https:\/\/pubeurope.com\/@fr\/115143683884823739","error":""},"_links":{"self":[{"href":"https:\/\/www.europesays.com\/fr\/wp-json\/wp\/v2\/posts\/364659","targetHints":{"allow":["GET"]}}],"collection":[{"href":"https:\/\/www.europesays.com\/fr\/wp-json\/wp\/v2\/posts"}],"about":[{"href":"https:\/\/www.europesays.com\/fr\/wp-json\/wp\/v2\/types\/post"}],"author":[{"embeddable":true,"href":"https:\/\/www.europesays.com\/fr\/wp-json\/wp\/v2\/users\/2"}],"replies":[{"embeddable":true,"href":"https:\/\/www.europesays.com\/fr\/wp-json\/wp\/v2\/comments?post=364659"}],"version-history":[{"count":0,"href":"https:\/\/www.europesays.com\/fr\/wp-json\/wp\/v2\/posts\/364659\/revisions"}],"wp:featuredmedia":[{"embeddable":true,"href":"https:\/\/www.europesays.com\/fr\/wp-json\/wp\/v2\/media\/364660"}],"wp:attachment":[{"href":"https:\/\/www.europesays.com\/fr\/wp-json\/wp\/v2\/media?parent=364659"}],"wp:term":[{"taxonomy":"category","embeddable":true,"href":"https:\/\/www.europesays.com\/fr\/wp-json\/wp\/v2\/categories?post=364659"},{"taxonomy":"post_tag","embeddable":true,"href":"https:\/\/www.europesays.com\/fr\/wp-json\/wp\/v2\/tags?post=364659"}],"curies":[{"name":"wp","href":"https:\/\/api.w.org\/{rel}","templated":true}]}}