{"id":364661,"date":"2025-09-04T02:32:12","date_gmt":"2025-09-04T02:32:12","guid":{"rendered":"https:\/\/www.europesays.com\/fr\/364661\/"},"modified":"2025-09-04T02:32:12","modified_gmt":"2025-09-04T02:32:12","slug":"benoit-saint-denis-avant-daffronter-mauricio-ruffy-a-lufc-paris-on-va-reiterer-france-bresil-1998-lequipe","status":"publish","type":"post","link":"https:\/\/www.europesays.com\/fr\/364661\/","title":{"rendered":"Benoit Saint Denis avant d&#039;affronter Mauricio Ruffy \u00e0 l&#039;UFC Paris : \u00abOn va r\u00e9it\u00e9rer France-Br\u00e9sil 1998\u00bb &#8211; L&#039;\u00c9quipe"},"content":{"rendered":"<ol>\n<li><a href=\"https:\/\/news.google.com\/rss\/articles\/CBMi6wFBVV95cUxQc2xWTVZMMk9oQ21TMlA0RkROeVVuZldSZUktbktMOUM5T2tnMHNNUUR6a3gyWnU0ZWRmVHhyakwwc0IzdzZhQXBsWjhHOUQyVnlqVjZKVVp5VkR3MUgxTnI1Q21jeXRnVjJ3UTFxcHBKVm5hMkhpVGRHME5qMDBsWDhXVlpUdHdDTWhwc3lJZ3p2ckpneUdSd0lZV0xtcGFreVlxcWNsZWUyc0x6by1uVXlZc29uRS1jNXd2czl0S1hTNGJqalNwRk1hSzExY0NsWjVhaWZtM2dDMWxRRENMRGtfRXNvMEYwckJZ?oc=5\" target=\"_blank\" rel=\"nofollow noopener\">Benoit Saint Denis avant d&rsquo;affronter Mauricio Ruffy \u00e0 l&rsquo;UFC Paris : \u00abOn va r\u00e9it\u00e9rer France-Br\u00e9sil 1998\u00bb<\/a>&nbsp;&nbsp;L&rsquo;\u00c9quipe<\/li>\n<li><a href=\"https:\/\/news.google.com\/rss\/articles\/CBMi8AFBVV95cUxPUFFrX1c2ZlY4RDE1a2ZUY0JWd2hFYVVHVU0zS01scHlGdFBWM2xFSzM1Ymo0dHp0WjJYb2xhVzRoNVNPT3E5WGtfakUtX3hEdVF4QVNZVkxSaVNwSDhUU2pGdElOVzYtckVYWDc0VnNvQVNROGl1VllTcWJxS08tVElFalNjWEo3WkRmVXhud21oVDBqdXNZVDBGazRGb2NXWHdDQUF2LWJjNnVORjV3UEUzN2Y2MUtWMzdXOE0tMjYxQm5Ic3NwRnN2RFVJckdJX2NfeElaVTVVXzNTcmNpMVFUeHVLaUxsakV5NFlTRUY?oc=5\" target=\"_blank\" rel=\"nofollow noopener\">UFC Paris &#8211; Ruffy veut choquer Bercy et \u00ab\u00a0\u00e9teindre la lumi\u00e8re\u00a0\u00bb face \u00e0 Saint Denis<\/a>&nbsp;&nbsp;Orange Actualit\u00e9s | Sports<\/li>\n<li><a href=\"https:\/\/news.google.com\/rss\/articles\/CBMi-wFBVV95cUxOeUVGTlBqZzZRQ0NMQURFeUtTakplYkhSZi14YUl2V0ZYQXhhWEx5b3hvNV91QU9idnVaQXVBbV83N0ZZYmRickVDblNfRVZJNHNGR3lyV3JUNWxFZm1aN3RHZ3doTFoxS2dVazJwY1lsN0pTZDBiZkRtZ3FNV3NnOE5rd1FUVm10Z0kxRXZWYVFKM0g0c1RNQmhHM19GOHFJQ1ltZkZaYzdEeWU4MHgwaGQ3MWxBUmR3dUk1RmI1MHIwU1Uyd2J2SU85cDBrUDloMW5EYzR6V0gzRklHU1M0Y0VzSjAxQ19kZGhLQ2ZBWXRMWWdFZVdIejduSQ?oc=5\" target=\"_blank\" rel=\"nofollow noopener\">UFC PARIS\/ITW : \u00ab\u00a0Mettre a Saint Denis le plus beau KO de l&rsquo;histoire\u00a0\u00bb, Ruffy pr\u00e9dit son combat !<\/a>&nbsp;&nbsp;RMC Sport<\/li>\n<li><a href=\"https:\/\/news.google.com\/rss\/articles\/CBMisgFBVV95cUxNQWV3anZTN2x1MHl6VmR0SkhnYVlPWXYxalRqVjRQLVJBVVNOd0dNMTUtV2RadERadjJkZlJSeWI5dlU4TmFUUl95QVdVZmRpQXZwYnc2Zm1MVHVwQV9HdDBrYzVOSVFQM3JjbVpBdzJ4eWlETlAxbVRYOGZTVEhuWlBqWThpVjd4M2pIZmZ1X1lrZTQ4NjdENmRRUjdpZ2N5ZlJQaHNrY3dnN2c1cHU3Mlp3?oc=5\" target=\"_blank\" rel=\"nofollow noopener\">L\u2019adversaire de Benoit Saint-Denis annonce un KO exceptionnel \u00e0 l\u2019UFC Paris 4<\/a>&nbsp;&nbsp;Boxemag<\/li>\n<li><a href=\"https:\/\/news.google.com\/rss\/articles\/CBMizgFBVV95cUxNM3J1UXlnVVdmdDhmd3lYQnYxMWpqWEVRMTdMajRrS3g1N0V0dzdTQk00QnJzbXRtbC0teWIwMXQyS1B0cjdXM1NlRV9jVFZUbE9sYmxDX191elZ6bVhRMUs3cnBiRXRJaTFUV1RJOVI5SnRUa3VZdUFpT0hzZzNRdzNPel9BelNaZ2QzZ1JGUnUzbW90LTM5MTcxOEpMS3JKWlZXcnZZZzQzWkhCc2Z1cGRZXzBkamthdmJURzBsN24wb2VFUzFZbk83dnV5dw?oc=5\" target=\"_blank\" rel=\"nofollow noopener\">Benoit Saint-Denis revient sur son combat contre Dustin Poirier : \u00ab faut pas prendre tous les risques pour\u2026 \u00bb<\/a>&nbsp;&nbsp;Gentsu<\/li>\n<\/ol>\n","protected":false},"excerpt":{"rendered":"Benoit Saint Denis avant d&rsquo;affronter Mauricio Ruffy \u00e0 l&rsquo;UFC Paris : \u00abOn va r\u00e9it\u00e9rer France-Br\u00e9sil 1998\u00bb&nbsp;&nbsp;L&rsquo;\u00c9quipe UFC Paris&hellip;\n","protected":false},"author":2,"featured_media":364662,"comment_status":"","ping_status":"","sticky":false,"template":"","format":"standard","meta":{"footnotes":""},"categories":[1412],"tags":[1451,1452,1453,1454,1455,1011,27,60],"class_list":{"0":"post-364661","1":"post","2":"type-post","3":"status-publish","4":"format-standard","5":"has-post-thumbnail","7":"category-f1","8":"tag-f1","9":"tag-formula-1","10":"tag-formula1","11":"tag-formule-1","12":"tag-formule1","13":"tag-fr","14":"tag-france","15":"tag-sports"},"share_on_mastodon":{"url":"https:\/\/pubeurope.com\/@fr\/115143687820904047","error":""},"_links":{"self":[{"href":"https:\/\/www.europesays.com\/fr\/wp-json\/wp\/v2\/posts\/364661","targetHints":{"allow":["GET"]}}],"collection":[{"href":"https:\/\/www.europesays.com\/fr\/wp-json\/wp\/v2\/posts"}],"about":[{"href":"https:\/\/www.europesays.com\/fr\/wp-json\/wp\/v2\/types\/post"}],"author":[{"embeddable":true,"href":"https:\/\/www.europesays.com\/fr\/wp-json\/wp\/v2\/users\/2"}],"replies":[{"embeddable":true,"href":"https:\/\/www.europesays.com\/fr\/wp-json\/wp\/v2\/comments?post=364661"}],"version-history":[{"count":0,"href":"https:\/\/www.europesays.com\/fr\/wp-json\/wp\/v2\/posts\/364661\/revisions"}],"wp:featuredmedia":[{"embeddable":true,"href":"https:\/\/www.europesays.com\/fr\/wp-json\/wp\/v2\/media\/364662"}],"wp:attachment":[{"href":"https:\/\/www.europesays.com\/fr\/wp-json\/wp\/v2\/media?parent=364661"}],"wp:term":[{"taxonomy":"category","embeddable":true,"href":"https:\/\/www.europesays.com\/fr\/wp-json\/wp\/v2\/categories?post=364661"},{"taxonomy":"post_tag","embeddable":true,"href":"https:\/\/www.europesays.com\/fr\/wp-json\/wp\/v2\/tags?post=364661"}],"curies":[{"name":"wp","href":"https:\/\/api.w.org\/{rel}","templated":true}]}}