{"id":364664,"date":"2025-09-04T02:34:14","date_gmt":"2025-09-04T02:34:14","guid":{"rendered":"https:\/\/www.europesays.com\/fr\/364664\/"},"modified":"2025-09-04T02:34:14","modified_gmt":"2025-09-04T02:34:14","slug":"damien-comolli-a-deja-revolutionne-la-juventus-en-un-mercato","status":"publish","type":"post","link":"https:\/\/www.europesays.com\/fr\/364664\/","title":{"rendered":"Damien Comolli a d\u00e9j\u00e0 r\u00e9volutionn\u00e9 la Juventus en un mercato !"},"content":{"rendered":"<p>L\u2019arriv\u00e9e de Damien Comolli \u00e0 la <a href=\"https:\/\/www.footmercato.net\/club\/juventus\/\" rel=\"nofollow noopener\" target=\"_blank\">Juventus<\/a> a marqu\u00e9 une rupture profonde avec la politique de transferts men\u00e9e jusque-l\u00e0 par le club turinois. Contrairement \u00e0 son pr\u00e9d\u00e9cesseur Cristiano Giuntoli, qui s\u2019\u00e9tait appuy\u00e9 sur le march\u00e9 int\u00e9rieur en r\u00e9alisant plusieurs transactions avec des clubs de <a href=\"https:\/\/www.footmercato.net\/italie\/serie-a\/\" rel=\"nofollow noopener\" target=\"_blank\">Serie A<\/a>, le dirigeant fran\u00e7ais a choisi de tourner compl\u00e8tement le dos aux affaires italiennes. Aucun joueur n\u2019a \u00e9t\u00e9 recrut\u00e9 ni vendu \u00e0 des \u00e9quipes du championnat national, une premi\u00e8re depuis de nombreuses ann\u00e9es pour la Juve. Ce choix illustre une volont\u00e9 claire de red\u00e9finir l\u2019identit\u00e9 sportive et \u00e9conomique du club, en s\u2019\u00e9mancipant des circuits traditionnels du mercato italien.<\/p>\n<p>            La suite apr\u00e8s cette publicit\u00e9<\/p>\n<p>Cette nouvelle strat\u00e9gie s\u2019est traduite par une ouverture totale vers l\u2019\u00e9tranger, rappelle Tuttosport. Les arriv\u00e9es de Francisco Concei\u00e7\u00e3o et Jo\u00e3o M\u00e1rio depuis Porto, d\u2019Edon Zhegrova en provenance de Lille ou encore de Jonathan David libre apr\u00e8s son passage en Ligue 1, montrent une pr\u00e9f\u00e9rence marqu\u00e9e pour des profils \u00e9voluant dans des championnats diff\u00e9rents et r\u00e9put\u00e9s comp\u00e9titifs. Le m\u00eame principe a guid\u00e9 les d\u00e9parts, avec Douglas Luiz et Savona transf\u00e9r\u00e9s \u00e0 Nottingham Forest, Nico Gonz\u00e1lez \u00e0 l\u2019Atl\u00e9tico Madrid, Timothy Weah \u00e0 l\u2019Olympique de Marseille ou encore Arthur rapatri\u00e9 au Br\u00e9sil par Gr\u00eamio. M\u00eame les jeunes comme Facundo Gonz\u00e1lez et Samuel Mbangula ont \u00e9t\u00e9 pr\u00eat\u00e9s ou vendus hors d\u2019Italie, confirmant cette volont\u00e9 de couper tout lien avec le march\u00e9 int\u00e9rieur. <\/p>\n<p>            La suite apr\u00e8s cette publicit\u00e9<\/p>\n<p>        Redorer le blason de l\u2019institution<\/p>\n<p>Compar\u00e9e \u00e0 la saison pr\u00e9c\u00e9dente, la transformation est spectaculaire. Sous Giuntoli, la Juventus avait inject\u00e9 plus de 150 millions d\u2019euros dans les caisses des clubs italiens, entre l\u2019achat de Koopmeiners \u00e0 l\u2019Atalanta, de Nico Gonz\u00e1lez \u00e0 la Fiorentina, de Kalulu \u00e0 Milan, de Di Gregorio \u00e0 Monza ou encore de Cabal \u00e0 V\u00e9rone. En l\u2019espace d\u2019un mercato, Comolli a renvers\u00e9 cette dynamique en refusant toute op\u00e9ration nationale et en construisant un effectif via des n\u00e9gociations exclusivement internationales. Ce basculement radical traduit non seulement une vision diff\u00e9rente du march\u00e9, mais aussi une volont\u00e9 de repositionner la Juventus comme un acteur global, moins d\u00e9pendant des \u00e9quilibres internes de la Serie A et plus tourn\u00e9 vers la comp\u00e9titivit\u00e9 europ\u00e9enne. En r\u00e9affirmant la Juventus comme une force ind\u00e9pendante sur le march\u00e9 des transferts, Damien Comolli a non seulement modifi\u00e9 la dynamique sportive mais aussi les \u00e9quilibres \u00e9conomiques du football italien, souligne Tuttomercatoweb. <\/p>\n<p>L\u00e0 o\u00f9 ses pr\u00e9d\u00e9cesseurs avaient aliment\u00e9 la Serie A en investissant massivement dans les clubs rivaux, offrant \u00e0 ces derniers une bouff\u00e9e d\u2019oxyg\u00e8ne financi\u00e8re tout en s\u2019exposant aux critiques de s\u2019\u00eatre fait \u00ab d\u00e9pouiller \u00bb, Comolli a mis fin \u00e0 ce cercle vicieux, analyse La Gazzetta dello Sport. Son refus d\u2019acheter en Italie oblige d\u00e9sormais les concurrents \u00e0 chercher d\u2019autres sources de financement et prive le championnat d\u2019une manne pr\u00e9cieuse. Cette d\u00e9cision, per\u00e7ue comme une forme de protectionnisme au service exclusif de la Juve, a redonn\u00e9 au club une aura perdue dans les n\u00e9gociations, puisqu\u2019il traite d\u2019\u00e9gal \u00e0 \u00e9gal avec des institutions europ\u00e9ennes de renom. Certains y verront une strat\u00e9gie \u00e9go\u00efste, presque impitoyable, mais pour les tifosi bianconeri, souvent isol\u00e9s face aux critiques et aux rancunes historiques, ce repositionnement incarne le retour d\u2019une Juventus fi\u00e8re, pragmatique et fid\u00e8le \u00e0 son ambition : se concentrer sur sa propre grandeur, sans plus servir de tremplin \u00e9conomique \u00e0 ses adversaires.<\/p>\n<p>\n    Pub. le 03\/09\/2025 22:05<br \/>\n            &#8211; MAJ le 04\/09\/2025 03:26\n    <\/p>\n","protected":false},"excerpt":{"rendered":"L\u2019arriv\u00e9e de Damien Comolli \u00e0 la Juventus a marqu\u00e9 une rupture profonde avec la politique de transferts men\u00e9e&hellip;\n","protected":false},"author":2,"featured_media":364665,"comment_status":"","ping_status":"","sticky":false,"template":"","format":"standard","meta":{"footnotes":""},"categories":[1410],"tags":[63,1011,27,60],"class_list":{"0":"post-364664","1":"post","2":"type-post","3":"status-publish","4":"format-standard","5":"has-post-thumbnail","7":"category-football","8":"tag-football","9":"tag-fr","10":"tag-france","11":"tag-sports"},"share_on_mastodon":{"url":"https:\/\/pubeurope.com\/@fr\/115143695721296678","error":""},"_links":{"self":[{"href":"https:\/\/www.europesays.com\/fr\/wp-json\/wp\/v2\/posts\/364664","targetHints":{"allow":["GET"]}}],"collection":[{"href":"https:\/\/www.europesays.com\/fr\/wp-json\/wp\/v2\/posts"}],"about":[{"href":"https:\/\/www.europesays.com\/fr\/wp-json\/wp\/v2\/types\/post"}],"author":[{"embeddable":true,"href":"https:\/\/www.europesays.com\/fr\/wp-json\/wp\/v2\/users\/2"}],"replies":[{"embeddable":true,"href":"https:\/\/www.europesays.com\/fr\/wp-json\/wp\/v2\/comments?post=364664"}],"version-history":[{"count":0,"href":"https:\/\/www.europesays.com\/fr\/wp-json\/wp\/v2\/posts\/364664\/revisions"}],"wp:featuredmedia":[{"embeddable":true,"href":"https:\/\/www.europesays.com\/fr\/wp-json\/wp\/v2\/media\/364665"}],"wp:attachment":[{"href":"https:\/\/www.europesays.com\/fr\/wp-json\/wp\/v2\/media?parent=364664"}],"wp:term":[{"taxonomy":"category","embeddable":true,"href":"https:\/\/www.europesays.com\/fr\/wp-json\/wp\/v2\/categories?post=364664"},{"taxonomy":"post_tag","embeddable":true,"href":"https:\/\/www.europesays.com\/fr\/wp-json\/wp\/v2\/tags?post=364664"}],"curies":[{"name":"wp","href":"https:\/\/api.w.org\/{rel}","templated":true}]}}