{"id":364666,"date":"2025-09-04T02:35:10","date_gmt":"2025-09-04T02:35:10","guid":{"rendered":"https:\/\/www.europesays.com\/fr\/364666\/"},"modified":"2025-09-04T02:35:10","modified_gmt":"2025-09-04T02:35:10","slug":"joeystarr-cambriole-en-presence-de-sa-compagne-lenorme-montant-du-butin-devoile","status":"publish","type":"post","link":"https:\/\/www.europesays.com\/fr\/364666\/","title":{"rendered":"JoeyStarr cambriol\u00e9 en pr\u00e9sence de sa compagne : l&rsquo;\u00e9norme montant du butin d\u00e9voil\u00e9"},"content":{"rendered":"<p>      R\u00e9sum\u00e9<\/p>\n<p>JoeyStarr et sa compagne ont \u00e9t\u00e9 cambriol\u00e9s dans leur nouvel appartement parisien, subissant un vol de plusieurs montres de luxe estim\u00e9 \u00e0 plus de 100.000 euros.<\/p>\n<p>        Sommaire<\/p>\n<p>Mauvaise surprise pour <a href=\"https:\/\/www.public.fr\/tag\/joeystarr\" target=\"_blank\" rel=\"noopener\">JoeyStarr<\/a> et sa compagne Pauline Latchoumanin. Le couple a en effet vu un ou plusieurs cambrioleurs s\u2019introduire \u00e0 l\u2019int\u00e9rieur de leur domicile et repartir avec <strong>un butin s\u2019\u00e9levant \u00e0 plus de 100.000 euros<\/strong> selon les informations du <a href=\"https:\/\/www.leparisien.fr\/faits-divers\/paris-joeystarr-cambriole-un-prejudice-estime-de-100-000-euros-en-montres-de-luxe-03-09-2025-YZS2TYNPKFGDRIVH5Z3GDU6IHM.php?ts=1756919618915\" target=\"_blank\" rel=\"noopener\">Parisien.<\/a>\u00a0<\/p>\n<p>Le couple qui a officialis\u00e9 sa relation en septembre 2024, venait tout juste de s\u2019installer dans son nouvel appartement parisien. Quatre mois apr\u00e8s leur installation, dans un appartement du Xe arrondissement, les tourtereaux ont en effet \u00e9t\u00e9 victimes d\u2019un cambriolage.\u00a0<\/p>\n<p>JoeyStarr heureux dans les bras de Pauline Latchoumanin<\/p>\n<p>Apr\u00e8s son histoire avec <a href=\"https:\/\/vsd.fr\/tag\/beatrice-dalle\/\" target=\"_blank\" rel=\"noopener\">B\u00e9atrice Dalle<\/a>, <a href=\"https:\/\/www.public.fr\/tag\/maiwenn\" target=\"_blank\" rel=\"noopener\">Ma\u00efwenn<\/a>, ou encore <a href=\"https:\/\/www.public.fr\/tag\/karine-le-marchand\" target=\"_blank\" rel=\"noopener\">Karine Le Marchand<\/a>, JoeyStarr a trouv\u00e9 l\u2019amour dans les bras de Pauline Latchoumanin. Le duo rendant son histoire publique lors du Concerto pour la paix de septembre 2024, au Th\u00e9\u00e2tre des Champs-\u00c9lys\u00e9es.<\/p>\n<p>Vous avez d\u2019ailleurs d\u00e9j\u00e0 pu observer la jeune femme sur le petit \u00e9cran. Outre les d\u00e9fil\u00e9s de mode qu\u2019elle fait en tant que mannequin pour l\u2019agence Karin Models, elle est \u00e9galement com\u00e9dienne. Les t\u00e9l\u00e9spectateurs ont pu la d\u00e9couvrir dans la s\u00e9rie polici\u00e8re <strong>\u00ab\u00a0O.P.J.\u00a0\u00bb,<\/strong> sur France 3, souligne Le Parisien.\u00a0<\/p>\n<p>C\u2019est donc en compagnie de sa nouvelle dulcin\u00e9e que <a href=\"https:\/\/www.public.fr\/le-but-cest-detre-aimable-aussi-faites-bien-gaffe-joeystarr-et-anne-elisabeth-lemoine-ambiance-tendue-en-direct\" target=\"_blank\" rel=\"noopener\">l\u2019acolyte de Kool Shen<\/a> a d\u00e9cid\u00e9 de s\u2019installer dans un nouvel appartement parisien situ\u00e9 dans le Xe arrondissement de Paris. S\u2019il recherchait le calme et la s\u00e9curit\u00e9, cela semble visiblement loup\u00e9\u2026<\/p>\n<p>Le rappeur se fait voler plusieurs montres de luxe<\/p>\n<p>JoeyStarr aurait en effet <strong>d\u00e9pos\u00e9 une plainte<\/strong> au commissariat du Xe arrondissement ce lundi 1er septembre 2025 selon les informations du Parisien. Afin de signaler le vol de plusieurs montres de luxe survenu lors du cambriolage dont il a \u00e9t\u00e9 victime avec Pauline Latchoumanin. <strong>Le pr\u00e9judice s\u2019\u00e9l\u00e8verait \u00e0 plus de 100.000 euros<\/strong> d\u2019apr\u00e8s nos confr\u00e8res.<\/p>\n<p>Le quotidien pr\u00e9cise que selon les premiers \u00e9l\u00e9ments de l\u2019affaire, que \u00ab\u00a0l\u2019enqu\u00eate devra confirmer, le ou les malfrats auraient p\u00e9n\u00e9tr\u00e9 dans le nid d\u2019amour du couple par une fen\u00eatre, sans effraction, entre deux et trois heures du matin\u00a0\u00bb.\u00a0<\/p>\n<p>Lors de l\u2019infraction, <strong>JoeyStarr ne se trouvait pas dans l\u2019appartement<\/strong> contrairement \u00e0 sa dulcin\u00e9e \u00ab\u00a0qui dormait paisiblement dans sa chambre\u00a0\u00bb. Le bruit du ou des malfrats aurait r\u00e9veill\u00e9 la jeune femme qui aurait fait fuir les intrus en se levant.<\/p>\n<p>De son c\u00f4t\u00e9, le parquet confirme l\u2019ouverture d\u2019une enqu\u00eate qui sera men\u00e9e par le 2e District de police judiciaire (DPJ) pr\u00e9cise le Parisien.<\/p>\n<p>      Mentionn\u00e9s dans cet article<\/p>\n<p>      Sur le m\u00eame sujet<\/p>\n","protected":false},"excerpt":{"rendered":"R\u00e9sum\u00e9 JoeyStarr et sa compagne ont \u00e9t\u00e9 cambriol\u00e9s dans leur nouvel appartement parisien, subissant un vol de plusieurs&hellip;\n","protected":false},"author":2,"featured_media":364667,"comment_status":"","ping_status":"","sticky":false,"template":"","format":"standard","meta":{"footnotes":""},"categories":[1359],"tags":[49911,1174,58,59,1011,27,30290,5413,15422,973],"class_list":{"0":"post-364666","1":"post","2":"type-post","3":"status-publish","4":"format-standard","5":"has-post-thumbnail","7":"category-people","8":"tag-beatrice-dalle","9":"tag-cambriolage","10":"tag-divertissement","11":"tag-entertainment","12":"tag-fr","13":"tag-france","14":"tag-joeystarr","15":"tag-karine-le-marchand","16":"tag-montre","17":"tag-people"},"share_on_mastodon":{"url":"https:\/\/pubeurope.com\/@fr\/115143699506282850","error":""},"_links":{"self":[{"href":"https:\/\/www.europesays.com\/fr\/wp-json\/wp\/v2\/posts\/364666","targetHints":{"allow":["GET"]}}],"collection":[{"href":"https:\/\/www.europesays.com\/fr\/wp-json\/wp\/v2\/posts"}],"about":[{"href":"https:\/\/www.europesays.com\/fr\/wp-json\/wp\/v2\/types\/post"}],"author":[{"embeddable":true,"href":"https:\/\/www.europesays.com\/fr\/wp-json\/wp\/v2\/users\/2"}],"replies":[{"embeddable":true,"href":"https:\/\/www.europesays.com\/fr\/wp-json\/wp\/v2\/comments?post=364666"}],"version-history":[{"count":0,"href":"https:\/\/www.europesays.com\/fr\/wp-json\/wp\/v2\/posts\/364666\/revisions"}],"wp:featuredmedia":[{"embeddable":true,"href":"https:\/\/www.europesays.com\/fr\/wp-json\/wp\/v2\/media\/364667"}],"wp:attachment":[{"href":"https:\/\/www.europesays.com\/fr\/wp-json\/wp\/v2\/media?parent=364666"}],"wp:term":[{"taxonomy":"category","embeddable":true,"href":"https:\/\/www.europesays.com\/fr\/wp-json\/wp\/v2\/categories?post=364666"},{"taxonomy":"post_tag","embeddable":true,"href":"https:\/\/www.europesays.com\/fr\/wp-json\/wp\/v2\/tags?post=364666"}],"curies":[{"name":"wp","href":"https:\/\/api.w.org\/{rel}","templated":true}]}}