{"id":364668,"date":"2025-09-04T02:37:10","date_gmt":"2025-09-04T02:37:10","guid":{"rendered":"https:\/\/www.europesays.com\/fr\/364668\/"},"modified":"2025-09-04T02:37:10","modified_gmt":"2025-09-04T02:37:10","slug":"cantique-du-chaos-ce-qui-luit-dans-les-tenebres-paranoia","status":"publish","type":"post","link":"https:\/\/www.europesays.com\/fr\/364668\/","title":{"rendered":"\u00ab\u00a0Cantique du chaos\u00a0\u00bb, \u00ab\u00a0Ce qui luit dans les t\u00e9n\u00e8bres\u00a0\u00bb, \u00ab\u00a0Parano\u00efa\u00a0\u00bb\u2026"},"content":{"rendered":"\n<p class=\"article__fact article__fact--false\">LA LISTE DE LA MATINALE<\/p>\n<p class=\"article__paragraph  \">Pour cette troisi\u00e8me semaine de rentr\u00e9e litt\u00e9raire, \u00ab\u00a0Le Monde des livres\u00a0\u00bb vous conseille la lecture du grand roman d\u2019aventures dans un monde ravag\u00e9 de Mathieu Belezi\u00a0; de l\u2019autobiographie monumentale et \u00e9minemment litt\u00e9raire de l\u2019\u00e9crivain hongrois P\u00e9ter Nadas\u00a0; de deux romans s\u00e9lectionn\u00e9s pour le Prix litt\u00e9raire Le Monde 2025\u00a0: celui de Lise Charles, entre chronique adolescente et conte\u00a0; celui, le premier, de Daniel Bourrion, dans lequel le narrateur se souvient d\u2019un ami disparu bien avant sa mort\u00a0; enfin, de l\u2019essai de la politiste Astrid von Busekist, qui explore le ph\u00e9nom\u00e8ne contemporain de l\u2019appropriation d\u2019identit\u00e9.<\/p>\n<p class=\"article__paragraph  \"><strong>ROMAN. \u00ab\u00a0Cantique du chaos\u00a0\u00bb, de Mathieu Belezi<\/strong><\/p>\n<p class=\"article__paragraph  \">A la fin du Pas suspendu de la r\u00e9volte (Flammarion, 2017), long cauchemar satur\u00e9 de cruaut\u00e9 et de joie sauvage, le monde paraissait sur le point de s\u2019effondrer. C\u2019est chose faite au d\u00e9but de Cantique du chaos, roman dans lequel Mathieu Belezi reprend, l\u00e0 o\u00f9 il l\u2019avait laiss\u00e9, le destin d\u2019un personnage du Pas\u2026, le plus d\u00e9sesp\u00e9r\u00e9, le plus violent aussi, Th\u00e9o. D\u00e9sormais, il fuit, en compagnie d\u2019une femme, Chlo\u00e9, et de ses enfants. Il ne s\u2019arr\u00eatera plus, jusqu\u2019aux rives du fleuve Or\u00e9noque, en Am\u00e9rique du Sud, o\u00f9, dans une jungle r\u00eav\u00e9e, des hommes tentent de survivre sous le regard ironique et compatissant des singes.<\/p>\n<p class=\"article__paragraph  \">Un d\u00e9luge a ravag\u00e9 la Terre, cataclysme presque superflu, alors que partout la pollution, les incendies, les guerres, la tyrannie ont d\u00e9j\u00e0 rendu toute vie impossible, sauf sous la forme \u00e9perdue, panique, que restituent la voix de Th\u00e9o et celles qui, par intervalles, lui succ\u00e8dent \u2013 ch\u0153ur esquiss\u00e9 d\u2019une fin du monde presque op\u00e9ratique. Tout y devient possible, m\u00eame le bonheur, m\u00eame la douceur d\u00e9sesp\u00e9r\u00e9e des derni\u00e8res amours, m\u00eame la po\u00e9sie, qui par vagues envahit le roman. Et l\u2019apparition de monstres silencieux, dont, sans savoir pourquoi, on implore le pardon.<\/p>\n<p class=\"article__paragraph  \">Cantique du chaos est un grand roman d\u2019aventures et une longue m\u00e9lop\u00e9e m\u00e9ditative, un livre tr\u00e9pidant, impossible \u00e0 l\u00e2cher, et qui vous entra\u00eene subrepticement dans l\u2019inconnu. Il confirme \u2013 mais qui en doutait encore\u00a0? \u2013 que Mathieu Belezi est en train de b\u00e2tir une des \u0153uvres les plus singuli\u00e8res et\u00a0les plus radicalement inventives de\u00a0ce\u00a0temps. <strong>Fl. Go.<\/strong><\/p>\n<p class=\"reading-mode-only \"><strong>Il vous reste 74.77% de cet article \u00e0 lire. La suite est r\u00e9serv\u00e9e aux abonn\u00e9s.<\/strong><\/p>\n","protected":false},"excerpt":{"rendered":"LA LISTE DE LA MATINALE Pour cette troisi\u00e8me semaine de rentr\u00e9e litt\u00e9raire, \u00ab\u00a0Le Monde des livres\u00a0\u00bb vous conseille&hellip;\n","protected":false},"author":2,"featured_media":364669,"comment_status":"","ping_status":"","sticky":false,"template":"","format":"standard","meta":{"footnotes":""},"categories":[1357],"tags":[1379,58,59,1011,27,1380],"class_list":{"0":"post-364668","1":"post","2":"type-post","3":"status-publish","4":"format-standard","5":"has-post-thumbnail","7":"category-livres","8":"tag-books","9":"tag-divertissement","10":"tag-entertainment","11":"tag-fr","12":"tag-france","13":"tag-livres"},"share_on_mastodon":{"url":"https:\/\/pubeurope.com\/@fr\/115143707466060657","error":""},"_links":{"self":[{"href":"https:\/\/www.europesays.com\/fr\/wp-json\/wp\/v2\/posts\/364668","targetHints":{"allow":["GET"]}}],"collection":[{"href":"https:\/\/www.europesays.com\/fr\/wp-json\/wp\/v2\/posts"}],"about":[{"href":"https:\/\/www.europesays.com\/fr\/wp-json\/wp\/v2\/types\/post"}],"author":[{"embeddable":true,"href":"https:\/\/www.europesays.com\/fr\/wp-json\/wp\/v2\/users\/2"}],"replies":[{"embeddable":true,"href":"https:\/\/www.europesays.com\/fr\/wp-json\/wp\/v2\/comments?post=364668"}],"version-history":[{"count":0,"href":"https:\/\/www.europesays.com\/fr\/wp-json\/wp\/v2\/posts\/364668\/revisions"}],"wp:featuredmedia":[{"embeddable":true,"href":"https:\/\/www.europesays.com\/fr\/wp-json\/wp\/v2\/media\/364669"}],"wp:attachment":[{"href":"https:\/\/www.europesays.com\/fr\/wp-json\/wp\/v2\/media?parent=364668"}],"wp:term":[{"taxonomy":"category","embeddable":true,"href":"https:\/\/www.europesays.com\/fr\/wp-json\/wp\/v2\/categories?post=364668"},{"taxonomy":"post_tag","embeddable":true,"href":"https:\/\/www.europesays.com\/fr\/wp-json\/wp\/v2\/tags?post=364668"}],"curies":[{"name":"wp","href":"https:\/\/api.w.org\/{rel}","templated":true}]}}