{"id":36467,"date":"2025-04-19T12:20:17","date_gmt":"2025-04-19T12:20:17","guid":{"rendered":"https:\/\/www.europesays.com\/fr\/36467\/"},"modified":"2025-04-19T12:20:17","modified_gmt":"2025-04-19T12:20:17","slug":"mais-que-va-donc-faire-le-maire-pierre-hurmic-a-los-angeles","status":"publish","type":"post","link":"https:\/\/www.europesays.com\/fr\/36467\/","title":{"rendered":"Mais que va donc faire le maire Pierre Hurmic \u00e0 Los Angeles ?"},"content":{"rendered":"<p><strong>relations &#8211; Alors que Bordeaux est jumel\u00e9e avec la Cit\u00e9 des Anges depuis 61 ans, le maire Pierre Hurmic va s\u2019y rendre quelques jours pour \u00ab\u00a0intensifier les relations\u00a0\u00bb, dans le contexte actuel \u00ab\u00a0de changements g\u00e9opolitiques majeurs\u00a0\u00bb<\/strong><\/p>\n<p>La ville de <a href=\"https:\/\/www.20minutes.fr\/bordeaux\/?at_medium=RSS+feed&amp;at_campaign=ynews&amp;utm_source=yahoo&amp;utm_medium=rss&amp;utm_campaign=news_feed&amp;utm_content=in_article_link\" rel=\"nofollow noopener\" target=\"_blank\" data-ylk=\"slk:Bordeaux;elm:context_link;itc:0;sec:content-canvas\" class=\"link \">Bordeaux<\/a> a annonc\u00e9 ce vendredi un voyage de cinq jours, du lundi\u00a021 au vendredi 25\u00a0avril, du maire <a href=\"https:\/\/www.20minutes.fr\/bordeaux\/4134145-20250117-bordeaux-totalement-deraisonnable-maire-pierre-hurmic-dezingue-projet-metro?at_medium=RSS+feed&amp;at_campaign=ynews&amp;utm_source=yahoo&amp;utm_medium=rss&amp;utm_campaign=news_feed&amp;utm_content=in_article_link\" rel=\"nofollow noopener\" target=\"_blank\" data-ylk=\"slk:Pierre Hurmic;elm:context_link;itc:0;sec:content-canvas\" class=\"link \">Pierre Hurmic<\/a> \u00e0 <a href=\"https:\/\/www.20minutes.fr\/dossier\/los_angeles?at_medium=RSS+feed&amp;at_campaign=ynews&amp;utm_source=yahoo&amp;utm_medium=rss&amp;utm_campaign=news_feed&amp;utm_content=in_article_link\" rel=\"nofollow noopener\" target=\"_blank\" data-ylk=\"slk:Los Angeles;elm:context_link;itc:0;sec:content-canvas\" class=\"link \">Los Angeles<\/a>. Mais que va faire l\u2019\u00e9lu <a href=\"https:\/\/www.20minutes.fr\/dossier\/ecologie?at_medium=RSS+feed&amp;at_campaign=ynews&amp;utm_source=yahoo&amp;utm_medium=rss&amp;utm_campaign=news_feed&amp;utm_content=in_article_link\" rel=\"nofollow noopener\" target=\"_blank\" data-ylk=\"slk:\u00e9cologiste;elm:context_link;itc:0;sec:content-canvas\" class=\"link \">\u00e9cologiste<\/a> dans la Cit\u00e9 des Anges, en Californie\u00a0?<\/p>\n<p>Et bien, il faut savoir que Bordeaux est jumel\u00e9e avec Los Angeles depuis 61 ans. \u00ab\u00a0Dans le contexte actuel de changements g\u00e9opolitiques majeurs, l\u2019intensification des relations avec la deuxi\u00e8me ville des <a href=\"https:\/\/www.20minutes.fr\/monde\/etats-unis\/?at_medium=RSS+feed&amp;at_campaign=ynews&amp;utm_source=yahoo&amp;utm_medium=rss&amp;utm_campaign=news_feed&amp;utm_content=in_article_link\" rel=\"nofollow noopener\" target=\"_blank\" data-ylk=\"slk:Etats-Unis;elm:context_link;itc:0;sec:content-canvas\" class=\"link \">Etats-Unis<\/a> est essentielle, avec l\u2019objectif de mieux partager les initiatives locales de transformation des politiques publiques, de promotion du territoire et de solidarit\u00e9 avec les populations en souffrance\u00a0\u00bb, explique la ville.<\/p>\n<p>Pierre Hurmic sera accompagn\u00e9 d\u2019acteurs locaux \u00ab\u00a0des mondes de l\u2019innovation, de l\u2019enseignement sup\u00e9rieur, du vin et du tourisme\u00a0\u00bb pour \u00ab\u00a0renforcer et d\u00e9velopper certains axes\u00a0\u00bb, notamment \u00e9conomiques.<\/p>\n<p>La question des m\u00e9gafeux sera abord\u00e9e<\/p>\n<p>\u00ab\u00a0L\u2019instabilit\u00e9 mondiale risque d\u2019amplifier le d\u00e9sordre environnemental et social\u00a0\u00bb, poursuit la ville dans son communiqu\u00e9. Et, \u00ab\u00a0si les contextes et les dimensions diff\u00e8rent, les deux villes ont en commun la solidarit\u00e9 comme pr\u00e9occupation centrale, face aux d\u00e9fis <a href=\"https:\/\/www.20minutes.fr\/planete\/climat\/?at_medium=RSS+feed&amp;at_campaign=ynews&amp;utm_source=yahoo&amp;utm_medium=rss&amp;utm_campaign=news_feed&amp;utm_content=in_article_link\" rel=\"nofollow noopener\" target=\"_blank\" data-ylk=\"slk:climatiques;elm:context_link;itc:0;sec:content-canvas\" class=\"link \">climatiques<\/a> et d\u00e9mocratiques\u00a0\u00bb. La ville souhaite ainsi aborder, entre autres, la question des <a href=\"https:\/\/www.20minutes.fr\/planete\/rechauffement-climatique\/4103294-20240727-etats-unis-face-incendie-geant-californie-milliers-personnes-evacuees?at_medium=RSS+feed&amp;at_campaign=ynews&amp;utm_source=yahoo&amp;utm_medium=rss&amp;utm_campaign=news_feed&amp;utm_content=in_article_link\" rel=\"nofollow noopener\" target=\"_blank\" data-ylk=\"slk:m\u00e9gafeux;elm:context_link;itc:0;sec:content-canvas\" class=\"link \">m\u00e9gafeux<\/a> lors de ce d\u00e9placement. La d\u00e9l\u00e9gation bordelaise visitera ainsi une structure de soutien post-incendies.<\/p>\n<p>Pierre Hurmic en profitera aussi pour \u00ab\u00a0renouveler son souhait de maintien du <a href=\"https:\/\/www.20minutes.fr\/monde\/etats-unis\/4141598-20250303-possible-fermeture-consulats-americains-france-voulue-donald-trump-inquiete?at_medium=RSS+feed&amp;at_campaign=ynews&amp;utm_source=yahoo&amp;utm_medium=rss&amp;utm_campaign=news_feed&amp;utm_content=in_article_link\" rel=\"nofollow noopener\" target=\"_blank\" data-ylk=\"slk:Consulat des Etats-Unis;elm:context_link;itc:0;sec:content-canvas\" class=\"link \">Consulat des Etats-Unis<\/a> \u00e0 Bordeaux menac\u00e9 de fermeture\u00a0\u00bb.<\/p>\n<p><a href=\"https:\/\/www.20minutes.fr\/societe\/4149380-20250418-bordeaux-va-donc-faire-maire-pierre-hurmic-los-angeles?at_medium=RSS+feed&amp;at_campaign=ynews&amp;utm_source=yahoo&amp;utm_medium=rss&amp;utm_campaign=news_feed&amp;utm_content=read_more_link&quot;\" rel=\"nofollow noopener\" target=\"_blank\" data-ylk=\"slk:Lire la suite sur 20minutes;elm:context_link;itc:0;sec:content-canvas\" class=\"link \">Lire la suite sur 20minutes<\/a><\/p>\n<p>\u00c0 lire aussi :<br \/><a href=\"https:\/\/www.20minutes.fr\/bordeaux\/4148196-20250411-bordeaux-comment-projet-canopia-veut-reconstruire-pierre-pierre-partie-facades-deconstruites?at_medium=RSS+feed&amp;at_campaign=ynews&amp;utm_source=yahoo&amp;utm_medium=rss&amp;utm_campaign=news_feed&amp;utm_content=related_content_link\" rel=\"nofollow noopener\" target=\"_blank\" data-ylk=\"slk:Bordeaux\u00a0: Comment le projet Canopia veut reconstruire \u00ab\u00a0pierre par pierre\u00a0\u00bb une partie des fa\u00e7ades d\u00e9construites;elm:context_link;itc:0;sec:content-canvas\" class=\"link \">Bordeaux\u00a0: Comment le projet Canopia veut reconstruire \u00ab\u00a0pierre par pierre\u00a0\u00bb une partie des fa\u00e7ades d\u00e9construites<\/a><br \/><a href=\"https:\/\/www.20minutes.fr\/politique\/jeanne-barseghian\/4144108-20250323-municipales-2026-bilan-maires-ecolos-grandes-villes?at_medium=RSS+feed&amp;at_campaign=ynews&amp;utm_source=yahoo&amp;utm_medium=rss&amp;utm_campaign=news_feed&amp;utm_content=related_content_link\" rel=\"nofollow noopener\" target=\"_blank\" data-ylk=\"slk:Municipales\u00a02026\u00a0: Quel bilan pour les maires \u00e9colos des grandes villes\u00a0?;elm:context_link;itc:0;sec:content-canvas\" class=\"link \">Municipales\u00a02026\u00a0: Quel bilan pour les maires \u00e9colos des grandes villes\u00a0?<\/a><\/p>\n","protected":false},"excerpt":{"rendered":"relations &#8211; Alors que Bordeaux est jumel\u00e9e avec la Cit\u00e9 des Anges depuis 61 ans, le maire Pierre&hellip;\n","protected":false},"author":2,"featured_media":36468,"comment_status":"","ping_status":"","sticky":false,"template":"","format":"standard","meta":{"footnotes":""},"categories":[2817],"tags":[1111,11,1997,11710,11709,1777,674,1011,27,6116,12,2219,4860,25],"class_list":{"0":"post-36467","1":"post","2":"type-post","3":"status-publish","4":"format-standard","5":"has-post-thumbnail","7":"category-bordeaux","8":"tag-actu","9":"tag-actualites","10":"tag-bordeaux","11":"tag-cite-des-anges","12":"tag-consulat-des-etats-unis","13":"tag-eu","14":"tag-europe","15":"tag-fr","16":"tag-france","17":"tag-los-angeles","18":"tag-news","19":"tag-nouvelle-aquitaine","20":"tag-pierre-hurmic","21":"tag-republique-francaise"},"share_on_mastodon":{"url":"https:\/\/pubeurope.com\/@fr\/114364601083103910","error":""},"_links":{"self":[{"href":"https:\/\/www.europesays.com\/fr\/wp-json\/wp\/v2\/posts\/36467","targetHints":{"allow":["GET"]}}],"collection":[{"href":"https:\/\/www.europesays.com\/fr\/wp-json\/wp\/v2\/posts"}],"about":[{"href":"https:\/\/www.europesays.com\/fr\/wp-json\/wp\/v2\/types\/post"}],"author":[{"embeddable":true,"href":"https:\/\/www.europesays.com\/fr\/wp-json\/wp\/v2\/users\/2"}],"replies":[{"embeddable":true,"href":"https:\/\/www.europesays.com\/fr\/wp-json\/wp\/v2\/comments?post=36467"}],"version-history":[{"count":0,"href":"https:\/\/www.europesays.com\/fr\/wp-json\/wp\/v2\/posts\/36467\/revisions"}],"wp:featuredmedia":[{"embeddable":true,"href":"https:\/\/www.europesays.com\/fr\/wp-json\/wp\/v2\/media\/36468"}],"wp:attachment":[{"href":"https:\/\/www.europesays.com\/fr\/wp-json\/wp\/v2\/media?parent=36467"}],"wp:term":[{"taxonomy":"category","embeddable":true,"href":"https:\/\/www.europesays.com\/fr\/wp-json\/wp\/v2\/categories?post=36467"},{"taxonomy":"post_tag","embeddable":true,"href":"https:\/\/www.europesays.com\/fr\/wp-json\/wp\/v2\/tags?post=36467"}],"curies":[{"name":"wp","href":"https:\/\/api.w.org\/{rel}","templated":true}]}}