{"id":364670,"date":"2025-09-04T02:38:33","date_gmt":"2025-09-04T02:38:33","guid":{"rendered":"https:\/\/www.europesays.com\/fr\/364670\/"},"modified":"2025-09-04T02:38:33","modified_gmt":"2025-09-04T02:38:33","slug":"comment-canal-renforce-sa-mainmise-sur-le-cinema-francais-en-se-mariant-avec-ugc","status":"publish","type":"post","link":"https:\/\/www.europesays.com\/fr\/364670\/","title":{"rendered":"Comment Canal+ renforce sa mainmise sur le cin\u00e9ma fran\u00e7ais en se mariant avec UGC"},"content":{"rendered":"<p><strong>D\u00c9CRYPTAGE<\/strong> &#8211; Le groupe Canal+, d\u00e9tenu par la famille Bollor\u00e9 et grand argentier du cin\u00e9ma fran\u00e7ais, pr\u00e9voit d\u2019acqu\u00e9rir le r\u00e9seau de salles et producteur UGC, \u00e0 l\u2019horizon 2028.<\/p>\n<p class=\"fig-paragraph\">Le secteur pronostiquait le retour de Canal+ sur un terrain de foot, les yeux riv\u00e9s sur la Ligue\u00a01. Rat\u00e9. La cha\u00eene crypt\u00e9e a choisi d\u2019effectuer sa rentr\u00e9e au cin\u00e9ma en s\u2019invitant au g\u00e9n\u00e9rique d\u2019<a href=\"http:\/\/www.lefigaro.fr\/culture\/c-etait-une-salle-mythique-les-cinephiles-disent-adieu-a-l-ugc-normandie-sur-les-champs-elysees-20240613\" data-fig-type=\"Article\" data-gtm-custom-categorie=\"navigation\" data-gtm-custom-action=\"crossclick\" data-gtm-custom-label=\"Contextuel\" data-gtm-event=\"customEventSPE\" data-fig-domain=\"LEFIGARO\" target=\"_blank\" rel=\"noopener\">UGC<\/a>. Mardi soir, le groupe dont la famille\u00a0<a href=\"http:\/\/www.lefigaro.fr\/medias\/vivendi-yannick-bollore-reconnait-etre-decu-du-bilan-boursier-de-la-scission-20250428\" data-fig-type=\"Article\" data-gtm-custom-categorie=\"navigation\" data-gtm-custom-action=\"crossclick\" data-gtm-custom-label=\"Contextuel\" data-gtm-event=\"customEventSPE\" data-fig-domain=\"LEFIGARO\" target=\"_blank\" rel=\"noopener\">Bollor\u00e9<\/a>\u00a0est l\u2019actionnaire de r\u00e9f\u00e9rence, a annonc\u00e9 avoir entam\u00e9 des n\u00e9gociations exclusives afin d\u2019entrer au capital de cet acteur historique du septi\u00e8me art. Tout un symbole\u2026<\/p>\n<p class=\"fig-paragraph\">Durant une premi\u00e8re phase de fian\u00e7ailles, Canal+ ferait l\u2019acquisition d\u2019une participation minoritaire (34\u00a0%) au capital d\u2019UGC. Avant un \u00e9ventuel mariage, \u00e0 partir de 2028, sous la forme d\u2019une prise de contr\u00f4le. Les deux entreprises ont eu le temps d\u2019apprendre \u00e0 se conna\u00eetre. Voil\u00e0 quelques ann\u00e9es, elles s\u2019\u00e9taient alli\u00e9es autour d\u2019<a href=\"http:\/\/www.lefigaro.fr\/flash-eco\/ugc-et-canal-creent-une-carte-d-abonnement-commune-pour-les-moins-de-26-ans-20240207\" data-fig-type=\"NewsFlash\" data-gtm-custom-categorie=\"navigation\" data-gtm-custom-action=\"crossclick\" data-gtm-custom-label=\"Contextuel\" data-gtm-event=\"customEventSPE\" data-fig-domain=\"LEFIGARO\" target=\"_blank\" rel=\"noopener\">une offre commune \u00e0 destination des jeunes<\/a>, couplant abonnement aux cha\u00eenes de Canal+ et la carte UGC Illimit\u00e9. Et cela fait longtemps qu\u2019UGC a confi\u00e9 la commercialisation de ses espaces publicitaires \u00e0 la r\u00e9gie du groupe de t\u00e9l\u00e9vision payante. \u00ab\u00a0Les deux parties\u2026<\/p>\n<p class=\"fig-premium-paywall__infos\">\n        Cet article est r\u00e9serv\u00e9 aux abonn\u00e9s.        Il vous reste 78% \u00e0 d\u00e9couvrir.\n    <\/p>\n<p>                <img  data- alt=\"Le Figaro\" class=\"fig-img--complete fig-img\"\/><\/p>\n<p class=\"fig-premium-paywall__title\">Vente Flash<\/p>\n<p class=\"fig-premium-paywall__subtitle\">4,99\u20ac par mois pendant 12 mois. Sans engagement<\/p>\n<p class=\"fig-premium-paywall__connect\">\n                D\u00e9j\u00e0 abonn\u00e9\u00a0?                <a class=\"fig-premium-paywall__connect-link\" href=\"https:\/\/connect.lefigaro.fr\/login?client=horizon_web&amp;type=main&amp;redirect_uri=https%3A%2F%2Fwww.lefigaro.fr%2Fmedias%2Fcomment-canal-renforce-sa-mainmise-sur-le-cinema-francais-en-se-mariant-avec-ugc-20250903\" data-js-gtm=\"{&quot;customCategorie&quot;: &quot;conversion&quot;, &quot;customAction&quot;: &quot;before_Landing_Connexion_paywall_auto&quot;, &quot;customLabel&quot;: &quot;bGVmaWdhcm8uZnJfXzFmMDg4Y2M0LTIwMDAtNjIyZS04ZjRjLWVkNjhiODc3MWMwMV9fQXJ0aWNsZQ==_Comment Canal+ renforce sa mainmise sur le cin\u00e9ma fran\u00e7ais en se mariant avec UGC_588&quot;, &quot;customIDSPE&quot;: &quot;bGVmaWdhcm8uZnJfXzFmMDg4Y2M0LTIwMDAtNjIyZS04ZjRjLWVkNjhiODc3MWMwMV9fQXJ0aWNsZQ==&quot;, &quot;event&quot;: &quot;customEventSPE&quot;}\" target=\"_blank\" rel=\"noopener\"><br \/>\n                    Connectez-vous<br \/>\n                <\/a>\n            <\/p>\n","protected":false},"excerpt":{"rendered":"D\u00c9CRYPTAGE &#8211; Le groupe Canal+, d\u00e9tenu par la famille Bollor\u00e9 et grand argentier du cin\u00e9ma fran\u00e7ais, pr\u00e9voit d\u2019acqu\u00e9rir&hellip;\n","protected":false},"author":2,"featured_media":364671,"comment_status":"","ping_status":"","sticky":false,"template":"","format":"standard","meta":{"footnotes":""},"categories":[1356],"tags":[10474,650,58,59,1011,27,16641,252,1364,24660,1022],"class_list":{"0":"post-364670","1":"post","2":"type-post","3":"status-publish","4":"format-standard","5":"has-post-thumbnail","7":"category-television","8":"tag-canal","9":"tag-cinema","10":"tag-divertissement","11":"tag-entertainment","12":"tag-fr","13":"tag-france","14":"tag-pathe","15":"tag-television","16":"tag-tv","17":"tag-ugc","18":"tag-vincent-bollore"},"share_on_mastodon":{"url":"https:\/\/pubeurope.com\/@fr\/115143711555176149","error":""},"_links":{"self":[{"href":"https:\/\/www.europesays.com\/fr\/wp-json\/wp\/v2\/posts\/364670","targetHints":{"allow":["GET"]}}],"collection":[{"href":"https:\/\/www.europesays.com\/fr\/wp-json\/wp\/v2\/posts"}],"about":[{"href":"https:\/\/www.europesays.com\/fr\/wp-json\/wp\/v2\/types\/post"}],"author":[{"embeddable":true,"href":"https:\/\/www.europesays.com\/fr\/wp-json\/wp\/v2\/users\/2"}],"replies":[{"embeddable":true,"href":"https:\/\/www.europesays.com\/fr\/wp-json\/wp\/v2\/comments?post=364670"}],"version-history":[{"count":0,"href":"https:\/\/www.europesays.com\/fr\/wp-json\/wp\/v2\/posts\/364670\/revisions"}],"wp:featuredmedia":[{"embeddable":true,"href":"https:\/\/www.europesays.com\/fr\/wp-json\/wp\/v2\/media\/364671"}],"wp:attachment":[{"href":"https:\/\/www.europesays.com\/fr\/wp-json\/wp\/v2\/media?parent=364670"}],"wp:term":[{"taxonomy":"category","embeddable":true,"href":"https:\/\/www.europesays.com\/fr\/wp-json\/wp\/v2\/categories?post=364670"},{"taxonomy":"post_tag","embeddable":true,"href":"https:\/\/www.europesays.com\/fr\/wp-json\/wp\/v2\/tags?post=364670"}],"curies":[{"name":"wp","href":"https:\/\/api.w.org\/{rel}","templated":true}]}}