{"id":364672,"date":"2025-09-04T02:39:14","date_gmt":"2025-09-04T02:39:14","guid":{"rendered":"https:\/\/www.europesays.com\/fr\/364672\/"},"modified":"2025-09-04T02:39:14","modified_gmt":"2025-09-04T02:39:14","slug":"voici-le-parfum-culte-quelle-porte-tous-les-jours-depuis-son-adolescence-un-vrai-porte-bonheur","status":"publish","type":"post","link":"https:\/\/www.europesays.com\/fr\/364672\/","title":{"rendered":"voici le parfum culte qu\u2019elle porte tous les jours depuis son adolescence, un vrai \u201cporte-bonheur\u201d"},"content":{"rendered":"<p class=\"mb-4 text-lg md:leading-8 break-words\">Le parfum est bien plus qu&rsquo;un accessoire de beaut\u00e9. V\u00e9ritable <strong>signature olfactive<\/strong>, il r\u00e9v\u00e8le une part intime de notre personnalit\u00e9, \u00e9voque des souvenirs enfouis et laisse une empreinte m\u00e9morable dans notre sillage. Une fois que l&rsquo;on a trouv\u00e9 celui qui nous convient, on ne peut plus le quitter. Et la chanteuse C\u00e9line Dion peut en t\u00e9moigner.<\/p>\n<p>C\u00e9line Dion : voici le parfum iconique que la chanteuse porte depuis toujours<\/p>\n<p class=\"mb-4 text-lg md:leading-8 break-words\">Dans une interview accord\u00e9e \u00e0 l\u2019expert beaut\u00e9 <strong>Dave Jackie,<\/strong> elle a r\u00e9v\u00e9l\u00e9 la fragrance qu\u2019elle porte tous les jours. Et ce, depuis des ann\u00e9es. \u00ab\u00a0Je me souviens avoir achet\u00e9 pour moi-m\u00eame Chanel n\u00b0 5\u00a0\u00bb, glisse-t-elle. Et si elle s\u2019est tourn\u00e9e vers ce parfum, ce n\u2019est pas un hasard&#8230; Elle explique : \u00ab\u00a0Au fil des ans, le chiffre cinq est devenu, je ne sais pas pourquoi, <strong>mon chiffre porte-bonheur<\/strong>. Et comme c\u2019\u00e9tait un parfum dont le nom comportait le chiffre cinq, Chanel n\u00b0 5, <strong>il fallait que ce soit mon parfum<\/strong>.\u00a0\u00bb<\/p>\n<p class=\"mb-4 text-lg md:leading-8 break-words\">C\u00e9line Dion a \u00e9galement \u00e9t\u00e9 influenc\u00e9e par une ic\u00f4ne du cin\u00e9ma : Marilyn Monroe. \u00ab\u00a0Comme tout le monde, je m\u2019int\u00e9ressais beaucoup \u00e0 Marilyn Monroe. Quand j\u2019\u00e9tais adolescente, j\u2019ai vu une photo de Marilyn Monroe au lit, portant du Chanel n\u00b0 5, et j\u2019ai commenc\u00e9 \u00e0 faire comme elle tous les soirs. J\u2019\u00e9tais assise dans mon lit et<strong> je vaporisais du Chanel<\/strong>\u00ab\u00a0, ajoute-t-elle.<\/p>\n<p class=\"mb-4 text-lg md:leading-8 break-words\"><a href=\"https:\/\/www.grazia.fr\/beaute\/parfum\/celine-dion-57-ans-parfum-culte-porte-tous-jours-depuis-adolescence-porte-bonheur-1176348.html?utm_campaign=partenariat&amp;utm_source=yahoo-articles&amp;utm_medium=flux\" rel=\"nofollow noopener\" target=\"_blank\" data-ylk=\"slk:Lire la suite sur Grazia;elm:context_link;itc:0;sec:content-canvas\" class=\"link \">Lire la suite sur Grazia<\/a><\/p>\n<p class=\"mb-4 text-lg md:leading-8 break-words\"><a href=\"https:\/\/www.grazia.fr\/beaute\/coiffure\/adieu-cheveux-secs-abimes-voici-ingredient-miracle-reparer-temps-record-selon-experte-1183107.html?utm_campaign=partenariat&amp;utm_source=yahoo-articles&amp;utm_medium=flux\" rel=\"nofollow noopener\" target=\"_blank\" data-ylk=\"slk:Adieu les cheveux secs et ab\u00eem\u00e9s, voici l&#039;ingr\u00e9dient miracle pour les r\u00e9parer en un temps record, selon cette experte;elm:context_link;itc:0;sec:content-canvas\" class=\"link \">Adieu les cheveux secs et ab\u00eem\u00e9s, voici l&rsquo;ingr\u00e9dient miracle pour les r\u00e9parer en un temps record, selon cette experte<\/a><br \/><a href=\"https:\/\/www.grazia.fr\/mode\/news-mode\/dior-chanel-versace-a-la-mostra-de-venise-les-silhouettes-de-la-nouvelle-ere-mode-se-devoilent-en-avant-premiere-1183707.html?utm_campaign=partenariat&amp;utm_source=yahoo-articles&amp;utm_medium=flux\" rel=\"nofollow noopener\" target=\"_blank\" data-ylk=\"slk:Dior, Chanel, Versace\u2026 \u00c0 la Mostra de Venise, les silhouettes de la nouvelle \u00e8re mode se d\u00e9voilent en avant-premi\u00e8re;elm:context_link;itc:0;sec:content-canvas\" class=\"link \">Dior, Chanel, Versace\u2026 \u00c0 la Mostra de Venise, les silhouettes de la nouvelle \u00e8re mode se d\u00e9voilent en avant-premi\u00e8re<\/a><br \/><a href=\"https:\/\/www.grazia.fr\/beaute\/coiffure\/emily-blunt-transformee-elle-adopte-la-coloration-star-de-lautomne-2025-a-venise-1183745.html?utm_campaign=partenariat&amp;utm_source=yahoo-articles&amp;utm_medium=flux\" rel=\"nofollow noopener\" target=\"_blank\" data-ylk=\"slk:Emily Blunt transform\u00e9e, elle adopte la coloration star de l\u2019automne 2025 \u00e0 Venise;elm:context_link;itc:0;sec:content-canvas\" class=\"link \">Emily Blunt transform\u00e9e, elle adopte la coloration star de l\u2019automne 2025 \u00e0 Venise<\/a><br \/><a href=\"https:\/\/www.grazia.fr\/beaute\/soins-visage-corps\/meghan-markle-41-ans-soin-japonais-secret-peau-lisse-fraiche-maquilleur-1184059.html?utm_campaign=partenariat&amp;utm_source=yahoo-articles&amp;utm_medium=flux\" rel=\"nofollow noopener\" target=\"_blank\" data-ylk=\"slk:Meghan Markle (41 ans) : ce soin japonais est le secret de sa peau lisse et fra\u00eeche, selon son maquilleur;elm:context_link;itc:0;sec:content-canvas\" class=\"link \">Meghan Markle (41 ans) : ce soin japonais est le secret de sa peau lisse et fra\u00eeche, selon son maquilleur<\/a><br \/><a href=\"https:\/\/www.grazia.fr\/beaute\/forme-minceur\/rangez-vos-chips-ce-surprenant-aliment-est-le-meilleur-snack-sale-pour-perdre-du-poids-selon-les-experts-1102661.html?utm_campaign=partenariat&amp;utm_source=yahoo-articles&amp;utm_medium=flux\" rel=\"nofollow noopener\" target=\"_blank\" data-ylk=\"slk:Rangez vos chips, ce surprenant aliment est le meilleur snack sal\u00e9 pour la perte de poids selon les experts;elm:context_link;itc:0;sec:content-canvas\" class=\"link \">Rangez vos chips, ce surprenant aliment est le meilleur snack sal\u00e9 pour la perte de poids selon les experts<\/a><\/p>\n","protected":false},"excerpt":{"rendered":"Le parfum est bien plus qu&rsquo;un accessoire de beaut\u00e9. V\u00e9ritable signature olfactive, il r\u00e9v\u00e8le une part intime de&hellip;\n","protected":false},"author":2,"featured_media":364673,"comment_status":"","ping_status":"","sticky":false,"template":"","format":"standard","meta":{"footnotes":""},"categories":[1355],"tags":[7043,58,59,1011,27,49912,1361,873],"class_list":{"0":"post-364672","1":"post","2":"type-post","3":"status-publish","4":"format-standard","5":"has-post-thumbnail","7":"category-musique","8":"tag-celine-dion","9":"tag-divertissement","10":"tag-entertainment","11":"tag-fr","12":"tag-france","13":"tag-marilyn-monroe","14":"tag-music","15":"tag-musique"},"share_on_mastodon":{"url":"https:\/\/pubeurope.com\/@fr\/115143715411058006","error":""},"_links":{"self":[{"href":"https:\/\/www.europesays.com\/fr\/wp-json\/wp\/v2\/posts\/364672","targetHints":{"allow":["GET"]}}],"collection":[{"href":"https:\/\/www.europesays.com\/fr\/wp-json\/wp\/v2\/posts"}],"about":[{"href":"https:\/\/www.europesays.com\/fr\/wp-json\/wp\/v2\/types\/post"}],"author":[{"embeddable":true,"href":"https:\/\/www.europesays.com\/fr\/wp-json\/wp\/v2\/users\/2"}],"replies":[{"embeddable":true,"href":"https:\/\/www.europesays.com\/fr\/wp-json\/wp\/v2\/comments?post=364672"}],"version-history":[{"count":0,"href":"https:\/\/www.europesays.com\/fr\/wp-json\/wp\/v2\/posts\/364672\/revisions"}],"wp:featuredmedia":[{"embeddable":true,"href":"https:\/\/www.europesays.com\/fr\/wp-json\/wp\/v2\/media\/364673"}],"wp:attachment":[{"href":"https:\/\/www.europesays.com\/fr\/wp-json\/wp\/v2\/media?parent=364672"}],"wp:term":[{"taxonomy":"category","embeddable":true,"href":"https:\/\/www.europesays.com\/fr\/wp-json\/wp\/v2\/categories?post=364672"},{"taxonomy":"post_tag","embeddable":true,"href":"https:\/\/www.europesays.com\/fr\/wp-json\/wp\/v2\/tags?post=364672"}],"curies":[{"name":"wp","href":"https:\/\/api.w.org\/{rel}","templated":true}]}}