{"id":364680,"date":"2025-09-04T02:43:11","date_gmt":"2025-09-04T02:43:11","guid":{"rendered":"https:\/\/www.europesays.com\/fr\/364680\/"},"modified":"2025-09-04T02:43:11","modified_gmt":"2025-09-04T02:43:11","slug":"le-celebre-rappeur-joeystarr-victime-dun-cambriolage-a-100-000-euros","status":"publish","type":"post","link":"https:\/\/www.europesays.com\/fr\/364680\/","title":{"rendered":"Le c\u00e9l\u00e8bre rappeur JoeyStarr\u00a0victime d\u2019un cambriolage \u00e0 100 000 euros"},"content":{"rendered":"<p>        <img decoding=\"async\" loading=\"lazy\" src=\"https:\/\/www.europesays.com\/fr\/wp-content\/uploads\/2025\/09\/0c5d42d_1687857545581-gettyimages-1258839049.jpg\"  width=\"728\" height=\"409\" alt=\"Le c\u00e9l\u00e8bre rappeur JoeyStarr a \u00e9t\u00e9\u00a0victime d\u2019un cambriolage \u00e0 100\u00a0000\u00a0euros, a affirm\u00e9 le parquet de Paris ce mercredi 3\u00a0septembre.\"\/>  <\/p>\n<p>VALERY HACHE \/ AFP via Getty Images<\/p>\n<p>Le c\u00e9l\u00e8bre rappeur JoeyStarr a \u00e9t\u00e9\u00a0victime d\u2019un cambriolage \u00e0 100\u00a0000\u00a0euros, a affirm\u00e9 le parquet de Paris ce mercredi 3\u00a0septembre.<\/p>\n<p class=\"asset asset-text\">FAITS DIVERS &#8211; Une star de plus victime d\u2019un<a href=\"https:\/\/www.huffingtonpost.fr\/faits-divers\/article\/l-animateur-christophe-beaugrand-et-son-mari-victimes-d-un-home-jacking-la-nuit-derniere_250967.html\" target=\"_blank\" rel=\"noopener\" title=\"Nouvelle fen\u00eatre\"> home-jacking<\/a>. Le domicile parisien du rappeur et acteur\u00a0<a href=\"https:\/\/www.huffingtonpost.fr\/justice\/article\/joeystarr-vise-par-une-enquete-de-la-brigade-de-protection-des-mineurs_236836.html\" target=\"_blank\" rel=\"noopener\" title=\"Nouvelle fen\u00eatre\">JoeyStarr<\/a>\u00a0a \u00e9t\u00e9 cambriol\u00e9, pour un pr\u00e9judice estim\u00e9 \u00e0 plus de 100\u00a0000 euros, a indiqu\u00e9 ce mercredi 3\u00a0septembre le parquet de Paris, confirmant une information du<a href=\"https:\/\/www.leparisien.fr\/faits-divers\/paris-joeystarr-cambriole-un-prejudice-estime-de-100-000-euros-en-montres-de-luxe-03-09-2025-YZS2TYNPKFGDRIVH5Z3GDU6IHM.php\" target=\"_blank\" rel=\"noopener\" title=\"Nouvelle fen\u00eatre\"> Parisien.<\/a><\/p>\n<p class=\"asset asset-text\">Selon le quotidien, la star de 57 ans,\u00a0Didier Morville\u00a0de son vrai nom, qui se serait r\u00e9cemment install\u00e9e dans le Xe arrondissement de Paris avec sa compagne, l\u2019actrice et mannequin Pauline Latchoumanin, a port\u00e9 plainte lundi.<\/p>\n<p class=\"asset asset-text\">L\u2019acteur, <a href=\"https:\/\/www.huffingtonpost.fr\/justice\/article\/joeystarr-vise-par-une-enquete-de-la-brigade-de-protection-des-mineurs_236836.html\" target=\"_blank\" rel=\"noopener\">vis\u00e9 par une enqu\u00eate pour des violences<\/a> qu\u2019il aurait commises sur son plus jeune fils, a d\u00e9clar\u00e9 s\u2019\u00eatre fait d\u00e9rober des montres de luxe, raconte encore Le Parisien.<\/p>\n<p>    Vol pendant la nuit    <\/p>\n<p class=\"asset asset-text\">\u00ab\u00a0La victime (a) constat\u00e9 la disparition d\u2019objets pour une valeur estim\u00e9e \u00e0 plus de 100\u00a0000 euros pendant son sommeil\u00a0\u00bb, a rapport\u00e9 le parquet, qui a confi\u00e9 une enqu\u00eate pour vol dans un local d\u2019habitation au deuxi\u00e8me district de police judidicaire.<\/p>\n<p class=\"asset asset-text\">Toujours d\u2019apr\u00e8s les informations du Parisien, le malfrat -ou les malfrats- se serait introduit par une fen\u00eatre du logement, \u00ab\u00a0entre deux et trois heures du matin\u00a0\u00bb. <\/p>\n<p class=\"asset asset-text\">JoeyStarr\u00a0a commenc\u00e9 sa carri\u00e8re musicale au d\u00e9but des ann\u00e9es 1990 avec Kool Shen, formant un duo mythique du hip-hop fran\u00e7ais Supr\u00eame NTM. Il est ensuite devenu acteur, participant aux com\u00e9dies La Tour Montparnasse Infernale (2000) ou RRRrrrr!!!\u00a0(2004) avant d\u2019\u00eatre nomm\u00e9 \u00e0 deux reprises aux\u00a0C\u00e9sar\u00a0pour ses r\u00f4les dans les films de Ma\u00efwenn\u00a0Le Bal des actrices\u00a0(2009) et\u00a0Polisse\u00a0(2011).<\/p>\n","protected":false},"excerpt":{"rendered":"VALERY HACHE \/ AFP via Getty Images Le c\u00e9l\u00e8bre rappeur JoeyStarr a \u00e9t\u00e9\u00a0victime d\u2019un cambriolage \u00e0 100\u00a0000\u00a0euros, a&hellip;\n","protected":false},"author":2,"featured_media":364681,"comment_status":"","ping_status":"","sticky":false,"template":"","format":"standard","meta":{"footnotes":""},"categories":[8],"tags":[253,1174,58,59,1011,27,626,973,6198],"class_list":{"0":"post-364680","1":"post","2":"type-post","3":"status-publish","4":"format-standard","5":"has-post-thumbnail","7":"category-divertissement","8":"tag-acteur","9":"tag-cambriolage","10":"tag-divertissement","11":"tag-entertainment","12":"tag-fr","13":"tag-france","14":"tag-paris","15":"tag-people","16":"tag-rappeur"},"share_on_mastodon":{"url":"https:\/\/pubeurope.com\/@fr\/115143731037891636","error":""},"_links":{"self":[{"href":"https:\/\/www.europesays.com\/fr\/wp-json\/wp\/v2\/posts\/364680","targetHints":{"allow":["GET"]}}],"collection":[{"href":"https:\/\/www.europesays.com\/fr\/wp-json\/wp\/v2\/posts"}],"about":[{"href":"https:\/\/www.europesays.com\/fr\/wp-json\/wp\/v2\/types\/post"}],"author":[{"embeddable":true,"href":"https:\/\/www.europesays.com\/fr\/wp-json\/wp\/v2\/users\/2"}],"replies":[{"embeddable":true,"href":"https:\/\/www.europesays.com\/fr\/wp-json\/wp\/v2\/comments?post=364680"}],"version-history":[{"count":0,"href":"https:\/\/www.europesays.com\/fr\/wp-json\/wp\/v2\/posts\/364680\/revisions"}],"wp:featuredmedia":[{"embeddable":true,"href":"https:\/\/www.europesays.com\/fr\/wp-json\/wp\/v2\/media\/364681"}],"wp:attachment":[{"href":"https:\/\/www.europesays.com\/fr\/wp-json\/wp\/v2\/media?parent=364680"}],"wp:term":[{"taxonomy":"category","embeddable":true,"href":"https:\/\/www.europesays.com\/fr\/wp-json\/wp\/v2\/categories?post=364680"},{"taxonomy":"post_tag","embeddable":true,"href":"https:\/\/www.europesays.com\/fr\/wp-json\/wp\/v2\/tags?post=364680"}],"curies":[{"name":"wp","href":"https:\/\/api.w.org\/{rel}","templated":true}]}}