{"id":364682,"date":"2025-09-04T02:44:11","date_gmt":"2025-09-04T02:44:11","guid":{"rendered":"https:\/\/www.europesays.com\/fr\/364682\/"},"modified":"2025-09-04T02:44:11","modified_gmt":"2025-09-04T02:44:11","slug":"apres-15-ans-dattente-instagram-cede-et-lance-une-application-officielle-pour-ipad","status":"publish","type":"post","link":"https:\/\/www.europesays.com\/fr\/364682\/","title":{"rendered":"Apr\u00e8s 15 ans d&rsquo;attente, Instagram c\u00e8de et lance une application officielle pour iPad"},"content":{"rendered":"<p class=\"ed__a-p ed__bdy__l\"><img loading=\"lazy\" decoding=\"async\" src=\"data:image\/svg+xml,%3Csvg xmlns='http:\/\/www.w3.org\/2000\/svg'%3E%3C\/svg%3E\" draggable=\"false\" width=\"3306\" height=\"1812\" class=\"ed__title-xxs\" alt=\"Instagram sur iPad s\u2019ouvre directement sur Reels.\" style=\"background-color: #f2f2f2; aspect-ratio:3306\/1812;\"\/><\/p>\n<p>Instagram sur iPad s\u2019ouvre directement sur Reels.<\/p>\n<p>\u00a9 Instagram<\/p>\n<\/p>\n<p class=\"ed__a-p ed__bdy__l\">C\u2019est un jour \u00e0 marquer d\u2019une pierre blanche ! Voil\u00e0 15 longues ann\u00e9es que les propri\u00e9taires d\u2019iPad r\u00e9clamaient une application pour Instagram. Mais c\u2019est d\u00e9sormais chose faite. D\u00e8s aujourd\u2019hui, Instagram est disponible sur iPadOS via l\u2019App Store.<\/p>\n<p>            Publicit\u00e9, votre contenu continue ci-dessous<\/p>\n<p>        Publicit\u00e9<\/p>\n<p>Une nouvelle interface pour les tablettes<\/p>\n<p class=\"ed__a-p ed__bdy__l\">L\u2019interface a \u00e9t\u00e9 compl\u00e8tement repens\u00e9e pour mieux tirer parti du grand \u00e9cran et donner une place centrale \u00e0 la vid\u00e9o. La diff\u00e9rence la plus marquante est que l\u2019application s\u2019ouvre d\u00e9sormais directement sur Reels, le service de vid\u00e9os courtes de la plateforme qui tente de concurrencer TikTok, plut\u00f4t que sur le fil de photos. Heureusement, les Reels n\u2019ont pas \u00e9vinc\u00e9 les Stories, qui restent bien pr\u00e9sentes en haut de l\u2019\u00e9cran d\u2019accueil.<br \/>Le fil d\u2019actualit\u00e9s est d\u00e9sormais disponible dans l\u2019onglet Abonnements, avec trois options d\u2019affichage : les publications des comptes suivis selon la recommandation de l\u2019algorithme ou par ordre chronologique, et vous pouvez afficher uniquement les publications des amis.<\/p>\n<p class=\"ed__a-p ed__bdy__l\"><img loading=\"lazy\" decoding=\"async\" src=\"data:image\/svg+xml,%3Csvg xmlns='http:\/\/www.w3.org\/2000\/svg'%3E%3C\/svg%3E\" draggable=\"false\" width=\"3306\" height=\"1812\" class=\"ed__title-xxs\" alt=\"Trois options d\u2019affichage pour le fil d\u2019actualit\u00e9s.\" style=\"background-color: #f2f2f2; aspect-ratio:3306\/1812;\"\/><\/p>\n<p>Trois options d\u2019affichage pour le fil d\u2019actualit\u00e9s.<\/p>\n<p>\u00a9 Instagram<\/p>\n<\/p>\n<p class=\"ed__a-p ed__bdy__l\">La messagerie a aussi \u00e9t\u00e9 adapt\u00e9e au grand \u00e9cran. La liste de conversations est affich\u00e9e \u00e0 gauche et la discussion en cours \u00e0 droite. De m\u00eame, les commentaires sont d\u00e9sormais visibles en m\u00eame temps que les vid\u00e9os, dans un volet \u00e0 droite.<\/p>\n<p class=\"ed__a-p ed__bdy__l\"><img loading=\"lazy\" decoding=\"async\" src=\"data:image\/svg+xml,%3Csvg xmlns='http:\/\/www.w3.org\/2000\/svg'%3E%3C\/svg%3E\" draggable=\"false\" width=\"3306\" height=\"1812\" class=\"ed__title-xxs\" alt=\"Le grand \u00e9cran permet d\u2019afficher plus de contenus.\" style=\"background-color: #f2f2f2; aspect-ratio:3306\/1812;\"\/><\/p>\n<p>Le grand \u00e9cran permet d\u2019afficher plus de contenus.<\/p>\n<p>\u00a9 Instagram<\/p>\n<\/p>\n<p class=\"ed__a-p ed__bdy__l\">Les mauvaises langues n\u2019h\u00e9siteront pas \u00e0 affirmer que les d\u00e9veloppeurs de la version iPad \u00e9taient pay\u00e9s \u00e0 l\u2019heure, et ont donc fait tra\u00eener les choses pendant 15 ans. Mais la r\u00e9alit\u00e9 est tout autre. Adam Mosseri a \u00e9t\u00e9 questionn\u00e9 \u00e0 de multiples reprises sur ce sujet par le pass\u00e9. Le responsable d\u2019Instagram a toujours r\u00e9pondu qu\u2019il n\u2019y avait pas assez de demande pour une application iPad pour en faire une priorit\u00e9.<\/p>\n<p class=\"ed__a-p ed__bdy__l\">Alors qu\u2019est-ce qui a bien pu changer ? Le nombre d\u2019utilisateurs r\u00e9clamant une version pour iPad est-il en hausse ? Ou est-ce une volont\u00e9 de pousser Reels, alors que TikTok est menac\u00e9 d\u2019interdiction aux \u00c9tats-Unis\u202f? Une autre hypoth\u00e8se serait qu\u2019Instagram se pr\u00e9pare \u00e0 l\u2019arriv\u00e9e de l\u2019iPhone pliable, attendu d\u2019ici un an.<\/p>\n<p class=\"ed__a-p ed__bdy__l\">Cette nouvelle application est d\u00e9j\u00e0 disponible gratuitement sur iPadOS 15.1 ou version ult\u00e9rieure. De plus, la nouvelle interface ne sera pas exclusive \u00e0 l\u2019iPad. Instagram a annonc\u00e9 qu\u2019elle arrivera bient\u00f4t \u00e9galement sur les tablettes Android.<\/p>\n<p>            Publicit\u00e9, votre contenu continue ci-dessous<\/p>\n<p>        Publicit\u00e9<\/p>\n<p class=\"ed__a-p ed__bdy__l\">Les Num\u00e9riques s\u2019installe \u00e0 Beaugrenelle Paris pour <a href=\"https:\/\/www.lesnumeriques.com\/evenement\/les-jours-les-plus-tech-2025.html\" rel=\"nofollow noopener\" target=\"_blank\">Les Jours Les Plus Tech<\/a> : d\u00e9monstrations de produits, conseils d\u2019usage ou d\u2019achat, \u00e9changes avec nos journalistes\u2026D\u00e9couvrez le programme complet <a href=\"https:\/\/www.lesnumeriques.com\/evenement\/les-jours-les-plus-tech-2025.html\" rel=\"nofollow noopener\" target=\"_blank\">ici<\/a>.<\/p>\n","protected":false},"excerpt":{"rendered":"Instagram sur iPad s\u2019ouvre directement sur Reels. \u00a9 Instagram C\u2019est un jour \u00e0 marquer d\u2019une pierre blanche !&hellip;\n","protected":false},"author":2,"featured_media":364683,"comment_status":"","ping_status":"","sticky":false,"template":"","format":"standard","meta":{"footnotes":""},"categories":[7],"tags":[1011,27,43,40,41,39,42,44],"class_list":{"0":"post-364682","1":"post","2":"type-post","3":"status-publish","4":"format-standard","5":"has-post-thumbnail","7":"category-sciences-et-technologies","8":"tag-fr","9":"tag-france","10":"tag-science","11":"tag-science-and-technology","12":"tag-sciences","13":"tag-sciences-et-technologies","14":"tag-technologies","15":"tag-technology"},"share_on_mastodon":{"url":"https:\/\/pubeurope.com\/@fr\/115143735125362967","error":""},"_links":{"self":[{"href":"https:\/\/www.europesays.com\/fr\/wp-json\/wp\/v2\/posts\/364682","targetHints":{"allow":["GET"]}}],"collection":[{"href":"https:\/\/www.europesays.com\/fr\/wp-json\/wp\/v2\/posts"}],"about":[{"href":"https:\/\/www.europesays.com\/fr\/wp-json\/wp\/v2\/types\/post"}],"author":[{"embeddable":true,"href":"https:\/\/www.europesays.com\/fr\/wp-json\/wp\/v2\/users\/2"}],"replies":[{"embeddable":true,"href":"https:\/\/www.europesays.com\/fr\/wp-json\/wp\/v2\/comments?post=364682"}],"version-history":[{"count":0,"href":"https:\/\/www.europesays.com\/fr\/wp-json\/wp\/v2\/posts\/364682\/revisions"}],"wp:featuredmedia":[{"embeddable":true,"href":"https:\/\/www.europesays.com\/fr\/wp-json\/wp\/v2\/media\/364683"}],"wp:attachment":[{"href":"https:\/\/www.europesays.com\/fr\/wp-json\/wp\/v2\/media?parent=364682"}],"wp:term":[{"taxonomy":"category","embeddable":true,"href":"https:\/\/www.europesays.com\/fr\/wp-json\/wp\/v2\/categories?post=364682"},{"taxonomy":"post_tag","embeddable":true,"href":"https:\/\/www.europesays.com\/fr\/wp-json\/wp\/v2\/tags?post=364682"}],"curies":[{"name":"wp","href":"https:\/\/api.w.org\/{rel}","templated":true}]}}