{"id":364686,"date":"2025-09-04T02:46:12","date_gmt":"2025-09-04T02:46:12","guid":{"rendered":"https:\/\/www.europesays.com\/fr\/364686\/"},"modified":"2025-09-04T02:46:12","modified_gmt":"2025-09-04T02:46:12","slug":"accident-dun-funiculaire-a-lisbonne-au-moins-15-morts-aucun-frein-deuil-national-ce-que-lon-sait-de-la-tragedie","status":"publish","type":"post","link":"https:\/\/www.europesays.com\/fr\/364686\/","title":{"rendered":"Accident d\u2019un funiculaire \u00e0 Lisbonne\u00a0: au moins 15 morts, \u00ab\u00a0aucun frein\u00a0\u00bb, deuil national\u2026 ce que l\u2019on sait de la trag\u00e9die"},"content":{"rendered":"<p>\n                                                                    l&rsquo;essentiel<br \/>\n                                                                Le d\u00e9raillement d\u2019un des funiculaires embl\u00e9matiques de Lisbonne a fait au moins 15 morts mercredi 3\u00a0septembre. Une \u00ab\u00a0trag\u00e9die sans pr\u00e9c\u00e9dent\u00a0\u00bb selon le maire de la capitale portugaise, un jour de deuil national a \u00e9t\u00e9 d\u00e9cr\u00e9t\u00e9.\n                            <\/p>\n<p>Lisbonne a bascul\u00e9 dans l\u2019effroi ce mecredi 3\u00a0septembre, aux alentours de 18\u00a0heures. Un funiculaire, tr\u00e8s emprunt\u00e9 par les touristes de passage au Portugal\u00a0et v\u00e9ritable symbole de la ville lisbo\u00e8te, <a href=\"https:\/\/www.ladepeche.fr\/2025\/09\/03\/le-funiculaire-de-lisbonne-deraille-plusieurs-morts-et-des-blesses-graves-dans-laccident-12909160.php\" target=\"_self\" rel=\"nofollow noopener\">a d\u00e9raill\u00e9 en plein c\u0153ur du centre-ville.<\/a> Plus d\u2019une quarantaine de personnes se trouvaient \u00e0 bord au moment de l\u2019accident. La D\u00e9p\u00eache du Midi fait le point sur\u00a0ce que l\u2019on sait du drame en cette fin de soir\u00e9e.<\/p>\n<p class=\"std-elt__inline\">\n        <strong>\u00c0 lire aussi :<\/strong><br \/>\n        <a href=\"https:\/\/www.ladepeche.fr\/2025\/09\/03\/le-funiculaire-de-lisbonne-deraille-plusieurs-morts-et-des-blesses-graves-dans-laccident-12909160.php\" rel=\"nofollow noopener\" target=\"_blank\">VIDEO. \u00ab\u00a0Une trag\u00e9die sans pr\u00e9c\u00e9dent\u00a0\u00bb\u00a0: le funiculaire de Lisbonne d\u00e9raille, au moins 15 personnes sont mortes dans l\u2019accident<\/a>\n    <\/p>\n<p>Le funiculaire a d\u00e9raill\u00e9 en fin d\u2019apr\u00e8s-midi<\/p>\n<p>Il \u00e9tait aux alentours de 18\u00a0heures lorsqu\u2019un funiculaire de Lisbonne a d\u00e9raill\u00e9 au c\u0153ur du centre-ville de la capitale portugaise.\u00a0Cet ascenseur, d\u2019une capacit\u00e9 d\u2019une quarantaine de passagers, est un moyen de transport tr\u00e8s appr\u00e9ci\u00e9 des nombreux touristes de passage dans la ville. L\u2019accident s\u2019est produit pr\u00e8s de l\u2019avenue de la Libert\u00e9 et les pompiers s\u2019affairaient encore au sauvetage des personnes en d\u00e9but de soir\u00e9e.\u00a0Les images diffus\u00e9es en boucle sur les t\u00e9l\u00e9visions locales montraient l\u2019important dispositif mont\u00e9 par les pompiers, la police et le service d\u2019urgences m\u00e9dicales au milieu de la rue tr\u00e8s pentue o\u00f9 se trouvait le wagon, tomb\u00e9 sur le flanc et tr\u00e8s endommag\u00e9.<\/p>\n<blockquote data-class=\"twitter-tweet\">\n<p lang=\"fr\" dir=\"ltr\">\\u2757\\ufe0f [ \\ud83c\\uddf5\\ud83c\\uddf9 PORTUGAL ]<\/p>\n<p>\\ud83d\\udd38\\ufe0f Impressionnante vid\u00e9o qui montre les d\u00e9g\u00e2ts consid\u00e9rables subis par le funiculaire Gloria de Lisbonne suite \u00e0 son d\u00e9raillement. Au moins 3 personnes ont \u00e9t\u00e9 tu\u00e9es et de nombreuses autres bless\u00e9es. <a href=\"https:\/\/t.co\/3fVj3eVo6X\" rel=\"nofollow\">pic.twitter.com\/3fVj3eVo6X<\/a><\/p>\n<p>\u2014 Little Think Tank (@L_ThinkTank) <a href=\"https:\/\/twitter.com\/L_ThinkTank\/status\/1963314266876035139?ref_src=twsrc%5Etfw\" rel=\"nofollow noopener\" target=\"_blank\">September 3, 2025<\/a><\/p><\/blockquote>\n<p>Au moins 15 morts et 18 bless\u00e9s<\/p>\n<p>L\u2019accident, dont on ne conna\u00eet pas les d\u00e9tails, a vu se renverser le wagon du c\u00e9l\u00e8bre funiculaire de la Gloria, reliant la place du Rossio aux quartiers du Bairro Alto et du Principe Real. Au moins 15 personnes sont mortes \u00e0 l\u2019heure o\u00f9 nous \u00e9crivons ces lignes\u00a0et 18 autres sont bless\u00e9es, d\u2019apr\u00e8s le dernier bilan.<\/p>\n<p>En fin de journ\u00e9e, toutes les victimes avaient \u00e9t\u00e9 d\u00e9gag\u00e9es des gravats de l\u2019accident, a indiqu\u00e9 Tiago Augusto, responsable du service d\u2019urgences m\u00e9dicales, en ajoutant que des \u00e9trangers figuraient parmi les victimes, sans \u00eatre en mesure de pr\u00e9ciser leur nationalit\u00e9.<\/p>\n<p>Deuil national<\/p>\n<p>C\u2019est \u00ab\u00a0une trag\u00e9die qui ne s\u2019\u00e9tait jamais produite dans notre ville\u00a0\u00bb, a r\u00e9agi le maire de Lisbonne, Carlos Moedas.\u00a0Le pr\u00e9sident portugais Marcelo Rebelo de Sousa a quant \u00e0 lui dit d\u00e9plorer \u00ab\u00a0profond\u00e9ment\u00a0\u00bb l\u2019accident et a promis de faire \u00ab\u00a0toute la lumi\u00e8re\u00a0\u00bb sur ce drame.\u00a0Le gouvernement portugais a d\u00e9cr\u00e9t\u00e9 une journ\u00e9e de deuil national ce jeudi 4\u00a0septembre et trois jours de deuil municipal.\u00a0\u00ab\u00a0Un tragique accident de l\u2019ascenseur de la Gloria [\u2026] a provoqu\u00e9 la perte irr\u00e9parable de vies humaines, qui a endeuill\u00e9 leurs familles et constern\u00e9 le pays\u00a0\u00bb, pr\u00e9cise le texte du d\u00e9cret fourni \u00e0 l\u2019agence Lusa par le cabinet du Premier ministre Luis Montenegro.<\/p>\n<p>\u00ab\u00a0Il n\u2019avait aucun frein\u00a0\u00bb<\/p>\n<p>Un t\u00e9moin de l\u2019accident a d\u00e9clar\u00e9 \u00e0 la cha\u00eene SIC avoir vu le funiculaire descendre \u00ab\u00a0\u00e0 toute vitesse\u00a0\u00bb sur la pente abrupte o\u00f9 il circule quotidiennement, avant de heurter un immeuble.\u00a0\u00ab\u00a0Il a percut\u00e9 un b\u00e2timent avec une force brutale et s\u2019est effondr\u00e9 comme une bo\u00eete en carton, il n\u2019avait aucun frein\u00a0\u00bb, a racont\u00e9 cette femme.<\/p>\n<p>De son c\u00f4t\u00e9, l\u2019entreprise publique de transports en commun de Lisbonne Carris, op\u00e9rateur du funiculaire a assur\u00e9 avoir respect\u00e9 \u00ab\u00a0tous les protocoles d\u2019entretien\u00a0\u00bb.\u00a0\u00ab\u00a0Tout a \u00e9t\u00e9 scrupuleusement respect\u00e9\u00a0\u00bb, a soulign\u00e9 le pr\u00e9sident du conseil d\u2019administration de Carris, Pedro Bogas, qui s\u2019est rendu sur les lieux de l\u2019accident, avant de reconna\u00eetre que l\u2019entretien de ces v\u00e9hicules \u00e9tait assur\u00e9 par un prestataire externe depuis 14 ans.<\/p>\n<p>                                                                                                                                                                                                        <script async src=\"https:\/\/platform.twitter.com\/widgets.js\" charset=\"utf-8\"><\/script><\/p>\n","protected":false},"excerpt":{"rendered":"l&rsquo;essentiel Le d\u00e9raillement d\u2019un des funiculaires embl\u00e9matiques de Lisbonne a fait au moins 15 morts mercredi 3\u00a0septembre. Une&hellip;\n","protected":false},"author":2,"featured_media":364687,"comment_status":"","ping_status":"","sticky":false,"template":"","format":"standard","meta":{"footnotes":""},"categories":[5],"tags":[11,1011,27,14,12,28],"class_list":{"0":"post-364686","1":"post","2":"type-post","3":"status-publish","4":"format-standard","5":"has-post-thumbnail","7":"category-international","8":"tag-actualites","9":"tag-fr","10":"tag-france","11":"tag-international","12":"tag-news","13":"tag-world"},"share_on_mastodon":{"url":"https:\/\/pubeurope.com\/@fr\/115143742830975612","error":""},"_links":{"self":[{"href":"https:\/\/www.europesays.com\/fr\/wp-json\/wp\/v2\/posts\/364686","targetHints":{"allow":["GET"]}}],"collection":[{"href":"https:\/\/www.europesays.com\/fr\/wp-json\/wp\/v2\/posts"}],"about":[{"href":"https:\/\/www.europesays.com\/fr\/wp-json\/wp\/v2\/types\/post"}],"author":[{"embeddable":true,"href":"https:\/\/www.europesays.com\/fr\/wp-json\/wp\/v2\/users\/2"}],"replies":[{"embeddable":true,"href":"https:\/\/www.europesays.com\/fr\/wp-json\/wp\/v2\/comments?post=364686"}],"version-history":[{"count":0,"href":"https:\/\/www.europesays.com\/fr\/wp-json\/wp\/v2\/posts\/364686\/revisions"}],"wp:featuredmedia":[{"embeddable":true,"href":"https:\/\/www.europesays.com\/fr\/wp-json\/wp\/v2\/media\/364687"}],"wp:attachment":[{"href":"https:\/\/www.europesays.com\/fr\/wp-json\/wp\/v2\/media?parent=364686"}],"wp:term":[{"taxonomy":"category","embeddable":true,"href":"https:\/\/www.europesays.com\/fr\/wp-json\/wp\/v2\/categories?post=364686"},{"taxonomy":"post_tag","embeddable":true,"href":"https:\/\/www.europesays.com\/fr\/wp-json\/wp\/v2\/tags?post=364686"}],"curies":[{"name":"wp","href":"https:\/\/api.w.org\/{rel}","templated":true}]}}